{"id":5813,"date":"2025-04-26T17:55:29","date_gmt":"2025-04-26T15:55:29","guid":{"rendered":"https:\/\/mbloretanska.pl\/?p=5813"},"modified":"2025-04-26T17:55:30","modified_gmt":"2025-04-26T15:55:30","slug":"intencje-mszalne-27-04-03-05-2025","status":"publish","type":"post","link":"https:\/\/mbloretanska.pl\/?p=5813","title":{"rendered":"intencje mszalne 27.04-03.05.2025"},"content":{"rendered":"<section  class='av_textblock_section av-m9yeiqlr-0d816437001e1ee25ff3a41c0edfda36 '   itemscope=\"itemscope\" itemtype=\"https:\/\/schema.org\/BlogPosting\" itemprop=\"blogPost\" ><div class='avia_textblock'  itemprop=\"text\" ><table style=\"font-weight: 400;\" width=\"699\">\n<tbody>\n<tr>\n<td colspan=\"2\" width=\"699\"><strong>&nbsp;<\/strong><\/td>\n<\/tr>\n<tr>\n<td colspan=\"2\" width=\"699\">\n<p style=\"text-align: center;\"><strong>NIEDZIELA MI\u0141OSIERDZIA BO\u017bEGO<\/strong><\/p>\n<p style=\"text-align: center;\"><strong>(27 kwietnia 2025 r.)<\/strong><\/p>\n<\/td>\n<\/tr>\n<tr>\n<td width=\"56\"><strong>7:00<\/strong><\/td>\n<td width=\"643\">+ Mari\u0119 KRASUSK\u0104 (greg. 26).<\/td>\n<\/tr>\n<tr>\n<td width=\"56\"><strong>8:30<\/strong><\/td>\n<td width=\"643\">+ Bogumi\u0142\u0119 DWORZY\u0143SK\u0104 (22 r. \u015bm.), Zofi\u0119 DZI\u0118CIO\u0141 (7 r. \u015bm.),<br \/>\n&nbsp;&nbsp; Sylwestra SENATOR (23 r. \u015bm.) oraz zmar\u0142ych z rodziny LACH i BIE\u0143KO.<\/td>\n<\/tr>\n<tr>\n<td width=\"56\"><strong>10:00<\/strong><\/td>\n<td width=\"643\">+ ks. Lino PIGATTO.<\/td>\n<\/tr>\n<tr>\n<td width=\"56\"><strong>11:00<\/strong><\/td>\n<td width=\"643\">\u00b7&nbsp;&nbsp;&nbsp;&nbsp;&nbsp; W intencji Dominiki, o b\u0142og. Bo\u017ce i wszelkie potrzebne \u0142aski z okazji 37 urodzin.<\/td>\n<\/tr>\n<tr>\n<td width=\"56\"><strong>12:30<\/strong><\/td>\n<td width=\"643\">\u00b7&nbsp;&nbsp;&nbsp;&nbsp;&nbsp; O nawr\u00f3cenie dla zatwardzia\u0142ych grzesznik\u00f3w i niewierz\u0105cych.<\/p>\n<p>\u00b7&nbsp;&nbsp;&nbsp;&nbsp;&nbsp; Int. dzi\u0119kczynna z racji 80 urodzin Krystyny P\u00d3\u0141TORAK, z pro\u015bb\u0105 o zdrowie, b\u0142og. Bo\u017ce i opiek\u0119 M.B. Loreta\u0144skiej na dalsze lata \u017cycia.<\/p>\n<p>\u00b7&nbsp;&nbsp;&nbsp;&nbsp;&nbsp; W intencji Ireny (18 r. urodzin), o Bo\u017ce b\u0142ogos\u0142awie\u0144stwo oraz dary Ducha \u015awi\u0119tego w czasie egzamin\u00f3w maturalnych.<\/p>\n<p>\u00b7&nbsp;&nbsp;&nbsp;&nbsp;&nbsp; Int. dzi\u0119kczynno-b\u0142agalna za rodzic\u00f3w: Leszka i Barbar\u0119 GRZELAK (50 r. \u015blubu)<\/p>\n<p>+ Genowef\u0119, Teres\u0119, Iren\u0119, Genowef\u0119 WOJCIECHOWSKICH. J\u00f3zef\u0119, W\u0142adys\u0142awa,<br \/>\n&nbsp;&nbsp; Romana, Janusza BIELECKICH. W\u0142adys\u0142awa, Honorata, Zbigniewa, Stanis\u0142awa<br \/>\n&nbsp; &nbsp;WOJCIECHOWSKICH.<\/p>\n<p>+ Krzysztofa PURGA\u0141 (30 dni po pogrzebie).<\/p>\n<p>+ Kazimierza GNATOWSKIEGO (30 dni po \u015bmierci).<\/p>\n<p>+ Eugeniusza JANOWSKIEGO (30 dni po \u015bmierci).<\/p>\n<p>+ Roberta OCHMANA (4 r. \u015bmierci).<\/p>\n<p>+ Mari\u0119 TWARDOWSK\u0104 (30 dni po \u015bmierci).<\/p>\n<p>+ Urszul\u0119 i Iren\u0119 KO\u0141ODZIEJSKIE.<\/p>\n<p>+ Ks. Tadeusza K\u0118SIKA (50 r. \u015bm.), Ma\u0142gorzat\u0119 TARNOWSK\u0104 (86 r. \u015bm.).<\/p>\n<p>+ Barbar\u0119 (4 r. \u015bm.) i Mariana GORCZYC\u00d3W.<\/td>\n<\/tr>\n<tr>\n<td width=\"56\"><strong>18:00<\/strong><\/td>\n<td width=\"643\">+ Wojciecha KOWALSKIEGO (z racji imienin).<\/td>\n<\/tr>\n<tr>\n<td colspan=\"2\" width=\"699\"><strong>&nbsp;<\/strong><\/td>\n<\/tr>\n<tr>\n<td colspan=\"2\" width=\"699\">\n<p style=\"text-align: center;\"><strong>PONIEDZIA\u0141EK&nbsp;&nbsp; (28 kwietnia) &nbsp;<\/strong><\/p>\n<p style=\"text-align: center;\"><strong>\u015aw. Wojciecha, biskupa i m\u0119czennika, g\u0142\u00f3wnego patrona Polski \u2013 uroczysto\u015b\u0107<\/strong><\/p>\n<\/td>\n<\/tr>\n<tr>\n<td width=\"56\"><strong>7:00<\/strong><\/td>\n<td width=\"643\">+ Mari\u0119 KRASUSK\u0104 (greg. 27).<\/td>\n<\/tr>\n<tr>\n<td width=\"56\"><strong>8:00<\/strong><\/td>\n<td width=\"643\">&nbsp;<\/td>\n<\/tr>\n<tr>\n<td width=\"56\"><strong>18:00<\/strong><\/td>\n<td width=\"643\">+ Ryszarda FILIPOWSKIEGO (16 r. \u015bm.) i zm. z r. FILIPOWSKICH i MICHALSKICH.<\/td>\n<\/tr>\n<tr>\n<td colspan=\"2\" width=\"699\">&nbsp;<\/td>\n<\/tr>\n<tr>\n<td colspan=\"2\" width=\"699\">\n<p style=\"text-align: center;\"><strong>WTOREK (29 kwietnia)<\/strong><\/p>\n<p style=\"text-align: center;\"><strong>\u015aw. Katarzyny Siene\u0144skiej, dziewicy i doktora Ko\u015bcio\u0142a, patronki Europy \u2013 \u015awi\u0119to<\/strong><\/p>\n<\/td>\n<\/tr>\n<tr>\n<td width=\"56\"><strong>7:00<\/strong><\/td>\n<td width=\"643\">+ Eugeniusza BIE\u0143KA (24 r. \u015bm.)<\/td>\n<\/tr>\n<tr>\n<td width=\"56\"><strong>8:00<\/strong><\/td>\n<td width=\"643\">+ Andrzeja OPOLSKIEGO (10 r. \u015bm.)<\/td>\n<\/tr>\n<tr>\n<td width=\"56\"><strong>18:00<\/strong><\/td>\n<td width=\"643\">+ Mari\u0119 KRASUSK\u0104 (greg. 28).<\/td>\n<\/tr>\n<tr>\n<td colspan=\"2\" width=\"699\">&nbsp;<\/td>\n<\/tr>\n<tr>\n<td colspan=\"2\" width=\"699\">\n<p style=\"text-align: center;\"><strong>\u015aRODA &nbsp;(30 kwietnia)<\/strong><\/p>\n<\/td>\n<\/tr>\n<tr>\n<td width=\"56\"><strong>7:00<\/strong><\/td>\n<td width=\"643\">+ Janin\u0119 Krystyn\u0119 \u015aMIA\u0141EK (od r. Borowieckich).<\/td>\n<\/tr>\n<tr>\n<td width=\"56\"><strong>8:00<\/strong><\/td>\n<td width=\"643\">+ Mari\u0119 KRASUSK\u0104 (greg. 29)<\/td>\n<\/tr>\n<tr>\n<td width=\"56\"><strong>17:45<\/strong><\/td>\n<td width=\"643\"><strong>NOWENNA<\/strong><\/td>\n<\/tr>\n<tr>\n<td colspan=\"2\" width=\"699\"><strong>&nbsp;<\/strong><\/td>\n<\/tr>\n<tr>\n<td colspan=\"2\" width=\"699\">\n<p style=\"text-align: center;\"><strong>CZWARTEK&nbsp;&nbsp; (1 maja)<\/strong><\/p>\n<\/td>\n<\/tr>\n<tr>\n<td width=\"56\"><strong>7:00<\/strong><\/td>\n<td width=\"643\">+ Andrzeja WINIARSKIEGO (greg. 1).<\/td>\n<\/tr>\n<tr>\n<td width=\"56\"><strong>8:00<\/strong><\/td>\n<td width=\"643\">+ Mari\u0119 KRASUSK\u0104 (greg. 30).<\/td>\n<\/tr>\n<tr>\n<td width=\"56\"><strong>18:00<\/strong><\/td>\n<td width=\"643\">+ Zygmunta OLJASZA (z racji imienin).<\/td>\n<\/tr>\n<tr>\n<td colspan=\"2\" width=\"699\"><strong>&nbsp;<\/strong><\/td>\n<\/tr>\n<tr>\n<td colspan=\"2\" width=\"699\">\n<p style=\"text-align: center;\"><strong>PI\u0104TEK&nbsp;&nbsp; (2 maja)<\/strong><\/p>\n<p style=\"text-align: center;\"><strong>\u015aw. Atanazego, biskupa i doktora Ko\u015bcio\u0142a \u2013 wspomnienie <\/strong><\/p>\n<\/td>\n<\/tr>\n<tr>\n<td width=\"56\"><strong>7:00<\/strong><\/td>\n<td width=\"643\">+ Zygmunta Rogalskiego, zm. z c.r. ROGALSKICH i ZGADZAJSKICH.<\/td>\n<\/tr>\n<tr>\n<td width=\"56\"><strong>8:00<\/strong><\/td>\n<td width=\"643\">\u00b7&nbsp;&nbsp;&nbsp;&nbsp;&nbsp; W intencjach cz\u0142onk\u00f3w \u017bywego R\u00f3\u017ca\u0144ca i Legionu Maryi.<\/td>\n<\/tr>\n<tr>\n<td width=\"56\"><strong>18:00<\/strong><\/td>\n<td width=\"643\">+ Andrzeja WINIARSKIEGO (greg. 2).<\/td>\n<\/tr>\n<tr>\n<td colspan=\"2\" width=\"699\"><strong>&nbsp;<\/strong><\/td>\n<\/tr>\n<tr>\n<td colspan=\"2\" width=\"699\">\n<p style=\"text-align: center;\"><strong>SOBOTA (3 maja)<\/strong><\/p>\n<p style=\"text-align: center;\"><strong>Naj\u015bwi\u0119tszej Maryi Panny Kr\u00f3lowej Polski \u2013 uroczysto\u015b\u0107 <\/strong><\/p>\n<\/td>\n<\/tr>\n<tr>\n<td width=\"56\"><strong>7:00<\/strong><\/td>\n<td width=\"643\">+ Andrzeja WINIARSKIEGO (greg. 3).<\/td>\n<\/tr>\n<tr>\n<td width=\"56\"><strong>8:00<\/strong><\/td>\n<td width=\"643\">+ Jana, Ann\u0119, Juliana, Mariann\u0119 BEKISZ. Edwarda, Alin\u0119 SZWARCZ,<br \/>\n&nbsp;&nbsp; Helen\u0119 DOMINIAK, Helen\u0119 JANUS i wszystkich zmar\u0142ych z tych rodzin.<\/td>\n<\/tr>\n<tr>\n<td width=\"56\"><strong>10:00<\/strong><\/td>\n<td width=\"643\">\u00b7&nbsp;&nbsp;&nbsp;&nbsp;&nbsp; O nawr\u00f3cenie i wzrastanie w mi\u0142o\u015bci dla Marii.<\/td>\n<\/tr>\n<tr>\n<td width=\"56\"><strong>18:00<\/strong><\/td>\n<td width=\"643\">+ Bo\u017cenk\u0119 i Mieczys\u0142awa BAROWICZ.<\/td>\n<\/tr>\n<\/tbody>\n<\/table>\n<\/div><\/section>\n","protected":false},"excerpt":{"rendered":"","protected":false},"author":1,"featured_media":3833,"comment_status":"closed","ping_status":"closed","sticky":false,"template":"","format":"standard","meta":{"ngg_post_thumbnail":0,"footnotes":""},"categories":[6],"tags":[],"class_list":["post-5813","post","type-post","status-publish","format-standard","has-post-thumbnail","hentry","category-intencje-mszalne"],"_links":{"self":[{"href":"https:\/\/mbloretanska.pl\/index.php?rest_route=\/wp\/v2\/posts\/5813","targetHints":{"allow":["GET"]}}],"collection":[{"href":"https:\/\/mbloretanska.pl\/index.php?rest_route=\/wp\/v2\/posts"}],"about":[{"href":"https:\/\/mbloretanska.pl\/index.php?rest_route=\/wp\/v2\/types\/post"}],"author":[{"embeddable":true,"href":"https:\/\/mbloretanska.pl\/index.php?rest_route=\/wp\/v2\/users\/1"}],"replies":[{"embeddable":true,"href":"https:\/\/mbloretanska.pl\/index.php?rest_route=%2Fwp%2Fv2%2Fcomments&post=5813"}],"version-history":[{"count":1,"href":"https:\/\/mbloretanska.pl\/index.php?rest_route=\/wp\/v2\/posts\/5813\/revisions"}],"predecessor-version":[{"id":5814,"href":"https:\/\/mbloretanska.pl\/index.php?rest_route=\/wp\/v2\/posts\/5813\/revisions\/5814"}],"wp:featuredmedia":[{"embeddable":true,"href":"https:\/\/mbloretanska.pl\/index.php?rest_route=\/wp\/v2\/media\/3833"}],"wp:attachment":[{"href":"https:\/\/mbloretanska.pl\/index.php?rest_route=%2Fwp%2Fv2%2Fmedia&parent=5813"}],"wp:term":[{"taxonomy":"category","embeddable":true,"href":"https:\/\/mbloretanska.pl\/index.php?rest_route=%2Fwp%2Fv2%2Fcategories&post=5813"},{"taxonomy":"post_tag","embeddable":true,"href":"https:\/\/mbloretanska.pl\/index.php?rest_route=%2Fwp%2Fv2%2Ftags&post=5813"}],"curies":[{"name":"wp","href":"https:\/\/api.w.org\/{rel}","templated":true}]}}