{"id":5810,"date":"2025-04-26T11:00:41","date_gmt":"2025-04-26T09:00:41","guid":{"rendered":"https:\/\/mbloretanska.pl\/?p=5810"},"modified":"2025-04-26T11:01:57","modified_gmt":"2025-04-26T09:01:57","slug":"ii-niedziela-wielkanocna-swieto-milosierdzia-bozego-27-04-2025","status":"publish","type":"post","link":"https:\/\/mbloretanska.pl\/?p=5810","title":{"rendered":"II niedziela wielkanocna, \u015bwi\u0119to mi\u0142osierdzia bo\u017cego 27.04.2025"},"content":{"rendered":"<section  class='av_textblock_section av-m9xzj6up-162cdc3964fba60994ce8b98a446878d '   itemscope=\"itemscope\" itemtype=\"https:\/\/schema.org\/BlogPosting\" itemprop=\"blogPost\" ><div class='avia_textblock'  itemprop=\"text\" ><p class=\"x_gmail-MsoListParagraphCxSpMiddle\"><span data-olk-copy-source=\"MessageBody\">1.\u00a0\u00a0\u00a0\u00a0 <\/span>Dzi\u015b o godz. 15.00 wsp\u00f3lna koronka do Mi\u0142osierdzia Bo\u017cego. Publiczne jej odm\u00f3wienie przed Naj\u015bwi\u0119tszym Sakramentem umo\u017cliwia uzyskanie \u0142aski odpustu zupe\u0142nego. Intencje do koronki czytelnie zapisane na kartkach mo\u017cemy zg\u0142asza\u0107 do ksi\u0119\u017cy w zakrystii.<\/p>\n<p class=\"x_gmail-MsoListParagraphCxSpMiddle\">2.\u00a0\u00a0\u00a0\u00a0 W Niedziel\u0119 Mi\u0142osierdzia ofiary sk\u0142adane na tac\u0119 s\u0105 przeznaczone na dzie\u0142a charytatywne prowadzone przez Caritas naszej diecezji.<\/p>\n<p>3.\u00a0\u00a0\u00a0\u00a0 Dzisiaj w Warszawie Narodowy Marsz \u017bycia. Pocz\u0105tek na Placu Zamkowym o godz. 12.30. Wi\u0119cej informacji znajdziemy na stronie <a id=\"LPlnk785668\" title=\"http:\/\/diecezja.waw.pl\" href=\"http:\/\/diecezja.waw.pl\/\" target=\"_blank\" rel=\"noopener noreferrer\" data-auth=\"NotApplicable\" data-linkindex=\"0\" data-ogsc=\"\">diecezja.waw.pl<\/a> W imieniu organizator\u00f3w serdecznie zapraszamy do udzia\u0142u w tym wa\u017cnym wydarzeniu.<\/p>\n<p>4.\u00a0\u00a0\u00a0\u00a0 W naszej katedrze rozpoczyna si\u0119 dzi\u015b II Warszawsko-Praski Festiwal Muzyki Sakralnej Musica Sacra. Wst\u0119p na wszystkie koncerty jest bezp\u0142atny. Wi\u0119cej informacji na roll-upie przy Domku Loreta\u0144skim.<\/p>\n<p>5.\u00a0\u00a0\u00a0\u00a0 Jutro liturgiczna Uroczysto\u015b\u0107 \u015bw. Wojciecha g\u0142\u00f3wnego patrona Polski przeniesiona tym roku na 28 kwietnia ze wzgl\u0119du na oktaw\u0119 Wielkanocy. Msze \u015bw. jak w dzie\u0144 powszedni.<\/p>\n<p>6.\u00a0\u00a0\u00a0\u00a0 W czwartek pierwszy dzie\u0144 maja \u2013 miesi\u0105ca po\u015bwi\u0119conego Matce Bo\u017cej. Zapraszamy na nabo\u017ce\u0144stwa majowe: w niedziele i \u015bwi\u0119ta o godz. 17.30, w dni powszednie po Mszy \u015bw. wieczornej. 1 Maja jest nie jest \u015bwi\u0119tem ko\u015bcielnym, dlatego Msze \u015bw. i nabo\u017ce\u0144stwo majowe jak w dzie\u0144 zwyk\u0142y.<\/p>\n<p>7.\u00a0\u00a0\u00a0\u00a0 W pi\u0105tek 2 maja I pi\u0105tek miesi\u0105ca. Msze \u015bw. o NSPJ o godz. 8.00 i 18.00.\u00a0 Kancelaria parafialna b\u0119dzie nieczynna.<\/p>\n<p>8.\u00a0\u00a0\u00a0\u00a0 W sobot\u0119 3 maja Uroczysto\u015b\u0107 Naj\u015bwi\u0119tszej Maryi Panny Kr\u00f3lowej Polski g\u0142\u00f3wnej Patronki naszej Ojczyzny i Narodowe \u015awi\u0119to Konstytucji. Msze \u015bw. o godz. 7.00, 8.30, 10.00 i 18.00. Nabo\u017ce\u0144stwo majowe o 17.30.<\/p>\n<\/div><\/section>\n","protected":false},"excerpt":{"rendered":"","protected":false},"author":1,"featured_media":3832,"comment_status":"closed","ping_status":"closed","sticky":false,"template":"","format":"standard","meta":{"ngg_post_thumbnail":0,"footnotes":""},"categories":[3],"tags":[],"class_list":["post-5810","post","type-post","status-publish","format-standard","has-post-thumbnail","hentry","category-ogloszenia-duszpasterskie"],"_links":{"self":[{"href":"https:\/\/mbloretanska.pl\/index.php?rest_route=\/wp\/v2\/posts\/5810","targetHints":{"allow":["GET"]}}],"collection":[{"href":"https:\/\/mbloretanska.pl\/index.php?rest_route=\/wp\/v2\/posts"}],"about":[{"href":"https:\/\/mbloretanska.pl\/index.php?rest_route=\/wp\/v2\/types\/post"}],"author":[{"embeddable":true,"href":"https:\/\/mbloretanska.pl\/index.php?rest_route=\/wp\/v2\/users\/1"}],"replies":[{"embeddable":true,"href":"https:\/\/mbloretanska.pl\/index.php?rest_route=%2Fwp%2Fv2%2Fcomments&post=5810"}],"version-history":[{"count":2,"href":"https:\/\/mbloretanska.pl\/index.php?rest_route=\/wp\/v2\/posts\/5810\/revisions"}],"predecessor-version":[{"id":5812,"href":"https:\/\/mbloretanska.pl\/index.php?rest_route=\/wp\/v2\/posts\/5810\/revisions\/5812"}],"wp:featuredmedia":[{"embeddable":true,"href":"https:\/\/mbloretanska.pl\/index.php?rest_route=\/wp\/v2\/media\/3832"}],"wp:attachment":[{"href":"https:\/\/mbloretanska.pl\/index.php?rest_route=%2Fwp%2Fv2%2Fmedia&parent=5810"}],"wp:term":[{"taxonomy":"category","embeddable":true,"href":"https:\/\/mbloretanska.pl\/index.php?rest_route=%2Fwp%2Fv2%2Fcategories&post=5810"},{"taxonomy":"post_tag","embeddable":true,"href":"https:\/\/mbloretanska.pl\/index.php?rest_route=%2Fwp%2Fv2%2Ftags&post=5810"}],"curies":[{"name":"wp","href":"https:\/\/api.w.org\/{rel}","templated":true}]}}