{"id":5789,"date":"2025-03-31T12:28:59","date_gmt":"2025-03-31T10:28:59","guid":{"rendered":"https:\/\/mbloretanska.pl\/?p=5789"},"modified":"2025-03-31T12:29:00","modified_gmt":"2025-03-31T10:29:00","slug":"intencje-mszalne-30-03-05-04-2025","status":"publish","type":"post","link":"https:\/\/mbloretanska.pl\/?p=5789","title":{"rendered":"intencje mszalne 30.03-05.04.2025"},"content":{"rendered":"<section  class='av_textblock_section av-m8wxeoss-416b7a90d89fb5db114fbed5df02df40 '   itemscope=\"itemscope\" itemtype=\"https:\/\/schema.org\/BlogPosting\" itemprop=\"blogPost\" ><div class='avia_textblock'  itemprop=\"text\" ><table style=\"font-weight: 400;\" width=\"699\">\n<tbody>\n<tr>\n<td colspan=\"2\" width=\"699\"><strong>&nbsp;<\/strong><\/td>\n<\/tr>\n<tr>\n<td colspan=\"2\" width=\"699\">\n<p style=\"text-align: center;\"><strong>IV NIEDZIELA WIELKIEGO POSTU&nbsp; <\/strong><\/p>\n<p style=\"text-align: center;\"><strong>(30 marca 2025 r.)<\/strong><\/p>\n<p style=\"text-align: center;\"><strong>REKOLEKCJE PARAFIALNE<\/strong><\/p>\n<\/td>\n<\/tr>\n<tr>\n<td width=\"56\"><strong>7:00<\/strong><\/td>\n<td width=\"643\">+ Mari\u0119 BORZ\u0118CK\u0104 (4 miesi\u0105ce po \u015bmierci).<\/td>\n<\/tr>\n<tr>\n<td width=\"56\"><strong>8:30<\/strong><\/td>\n<td width=\"643\">+ Za wszystkich zmar\u0142ych z rodzin KORCZ\u00d3W, PIETRZAK\u00d3W, PETLAK\u00d3W<br \/>\n&nbsp;&nbsp; oraz ich bliskich.<\/td>\n<\/tr>\n<tr>\n<td width=\"56\"><strong>10:00<\/strong><\/td>\n<td width=\"643\">+ Teres\u0119, Eleonor\u0119, Stefana, Krzysztofa i Mari\u0119 ZIELI\u0143SKICH.<\/td>\n<\/tr>\n<tr>\n<td width=\"56\"><strong>11:00<\/strong><\/td>\n<td width=\"643\">+ El\u017cbiet\u0119 PAWLIK (greg. 30).<\/td>\n<\/tr>\n<tr>\n<td width=\"56\"><strong>12:30<\/strong><\/td>\n<td width=\"643\">\u00b7&nbsp;&nbsp;&nbsp;&nbsp;&nbsp; W intencji Parafian.<\/p>\n<p>\u00b7&nbsp;&nbsp;&nbsp;&nbsp;&nbsp; Int. dzi\u0119kczynna z okazji urodzin, za Mirell\u0119, o wzrost w wierze, nadziei i mi\u0142o\u015bci.<\/p>\n<p>\u00b7&nbsp;&nbsp;&nbsp;&nbsp;&nbsp; Int. dzi\u0119kczynna za mam\u0119 Ma\u0142gorzat\u0119 z okazji urodzin o dar zdrowia i d\u0142ugiego \u017cycia.<\/p>\n<p>\u00b7&nbsp;&nbsp;&nbsp;&nbsp;&nbsp; Int. dzi\u0119kczynna za Mateusza z pro\u015bb\u0105 o zdrowie, potrzebne \u0142aski i Bo\u017ce b\u0142ogos\u0142awie\u0144stwo.<\/p>\n<p>\u00b7&nbsp;&nbsp;&nbsp;&nbsp;&nbsp; O szcz\u0119\u015bliw\u0105 operacj\u0119, opiek\u0119 Matki Bo\u017cej i potrzebne \u0142aski dla Anny oraz o si\u0142y i \u0142aski dla Bartosza i jego bliskich.<\/p>\n<p>+ Janin\u0119 i Mariana MAJEWSKICH, Czes\u0142aw\u0119 ROTULSK\u0104.<\/p>\n<p>+ Eugeniusza ZY\u015aK (41 r. \u015bm.) oraz dziadk\u00f3w ZY\u015aK i RUSZKOWSKICH.<\/p>\n<p>+ Tomasza RADZI\u0141OWSKIEGO.<\/p>\n<p>+ Mari\u0119 SZKAR\u0141AT (w 5 dniu po \u015bmierci). &nbsp;<\/td>\n<\/tr>\n<tr>\n<td width=\"56\"><strong>18:00<\/strong><\/td>\n<td width=\"643\">+ Aleksandra i Kazimier\u0119 KRUK.<\/td>\n<\/tr>\n<tr>\n<td colspan=\"2\" width=\"699\"><strong>&nbsp;<\/strong><\/td>\n<\/tr>\n<tr>\n<td colspan=\"2\" width=\"699\">\n<p style=\"text-align: center;\"><strong>PONIEDZIA\u0141EK (31 marca)<\/strong><\/p>\n<\/td>\n<\/tr>\n<tr>\n<td width=\"56\"><strong>7:00<\/strong><\/td>\n<td width=\"643\">+ Andrzeja MOTYK\u0118, Leszka DOROSIA oraz Krystyn\u0119 ANDRUCH\u00d3W o \u0142ask\u0119 uwolnienia z czy\u015b\u0107ca oraz o \u0142ask\u0119 nawr\u00f3cenia<\/td>\n<\/tr>\n<tr>\n<td width=\"56\"><strong>8:00<\/strong><\/td>\n<td width=\"643\">+ Eugeni\u0119 SZKAR\u0141AT (4 r. \u015bm.)<\/td>\n<\/tr>\n<tr>\n<td width=\"56\"><strong>10:00<\/strong><\/td>\n<td width=\"643\">+ Teres\u0119 CHMIELEWSK\u0104 (10 r. \u015bm.) Jerzego CHMIELEWSKIEGO (7 r. \u015bm.)<br \/>\n&nbsp;&nbsp; Jadwig\u0119 i Bronis\u0142awa CELEJEWSKICH.<\/td>\n<\/tr>\n<tr>\n<td width=\"56\"><strong>18:00<\/strong><\/td>\n<td width=\"643\">+ Tomasza WOJDA.<\/td>\n<\/tr>\n<tr>\n<td width=\"56\"><strong>19:30<\/strong><\/td>\n<td width=\"643\">+ Monik\u0119 i Ryszarda SIDOROWICZ.<\/td>\n<\/tr>\n<tr>\n<td colspan=\"2\" width=\"699\">&nbsp;<\/td>\n<\/tr>\n<tr>\n<td colspan=\"2\" width=\"699\">\n<p style=\"text-align: center;\"><strong>WTOREK (1 kwietnia)<\/strong><\/p>\n<\/td>\n<\/tr>\n<tr>\n<td width=\"56\"><strong>7:00<\/strong><\/td>\n<td width=\"643\">+ Za dusze w czy\u015b\u0107cu cierpi\u0105ce.<\/td>\n<\/tr>\n<tr>\n<td width=\"56\"><strong>8:00<\/strong><\/td>\n<td width=\"643\">&nbsp;<\/td>\n<\/tr>\n<tr>\n<td width=\"56\"><strong>10:00<\/strong><\/td>\n<td width=\"643\">\u00b7&nbsp;&nbsp;&nbsp;&nbsp;&nbsp; Int. dzi\u0119kczynna za ocalenie \u017cycia Jerzego po ci\u0119\u017ckiej chorobie.<\/td>\n<\/tr>\n<tr>\n<td width=\"56\"><strong>18:00<\/strong><\/td>\n<td width=\"643\">+ Mari\u0119 KRASUSK\u0104 (greg. 1)<\/td>\n<\/tr>\n<tr>\n<td width=\"56\"><strong>19:30<\/strong><\/td>\n<td width=\"643\">+ Teres\u0119 WASIAK.<\/td>\n<\/tr>\n<tr>\n<td colspan=\"2\" width=\"699\">&nbsp;<\/td>\n<\/tr>\n<tr>\n<td colspan=\"2\" width=\"699\">\n<p style=\"text-align: center;\"><strong>\u015aRODA&nbsp; (2 kwietnia)<\/strong><\/p>\n<p style=\"text-align: center;\"><strong>ZAKO\u0143CZENIE REKOLEKCJI<\/strong><\/p>\n<\/td>\n<\/tr>\n<tr>\n<td width=\"56\"><strong>7:00<\/strong><\/td>\n<td width=\"643\">+ Zofi\u0119, Maksymiliana, Grzegorza, Jana PAWLIK i zm. z r. PAWLIK\u00d3W.<\/td>\n<\/tr>\n<tr>\n<td width=\"56\"><strong>8:00<\/strong><\/td>\n<td width=\"643\">+ Mari\u0119 KRASUSK\u0104 (greg. 2)<\/td>\n<\/tr>\n<tr>\n<td width=\"56\"><strong>10:00<\/strong><\/td>\n<td width=\"643\">\u00b7&nbsp;&nbsp;&nbsp;&nbsp;&nbsp; O \u0142ask\u0119 nawr\u00f3cenia dla Huberta i Adeliny, Kamili i Marcina, Dominiki i Amadeusza.<\/td>\n<\/tr>\n<tr>\n<td width=\"56\"><strong>17:45<\/strong><\/td>\n<td width=\"643\"><strong>NOWENNA<\/strong><\/p>\n<p>\u00b7&nbsp;&nbsp;&nbsp;&nbsp;&nbsp; O pomy\u015blne zako\u0144czenie remontu dla Karoliny i Micha\u0142a.<\/p>\n<p>+ Piotra DOBKOWSKIEGO (2 r. \u015bm.)<\/p>\n<p>+ Cezarego DURANOWSKIEGO (5 r. \u015bm.), Wies\u0142awa i Dobromira DURANOWSKICH.<\/p>\n<p>+ Iren\u0119 BARA\u0143CZYK.<\/td>\n<\/tr>\n<tr>\n<td colspan=\"2\" width=\"699\"><strong>&nbsp;<\/strong><\/td>\n<\/tr>\n<tr>\n<td colspan=\"2\" width=\"699\">\n<p style=\"text-align: center;\"><strong>CZWARTEK&nbsp; (3 kwietnia)<\/strong><\/p>\n<\/td>\n<\/tr>\n<tr>\n<td width=\"56\"><strong>7:00<\/strong><\/td>\n<td width=\"643\">+ &nbsp;Agnieszk\u0119 LASKOWSK\u0104 (w r. \u015bmierci).<\/td>\n<\/tr>\n<tr>\n<td width=\"56\"><strong>8:00<\/strong><\/td>\n<td width=\"643\">+ Mari\u0119 KRASUSK\u0104 (greg. 3)<\/td>\n<\/tr>\n<tr>\n<td width=\"56\"><strong>18:00<\/strong><\/td>\n<td width=\"643\">+ Barbar\u0119 STATECZN\u0104.<\/td>\n<\/tr>\n<tr>\n<td colspan=\"2\" width=\"699\"><strong>&nbsp;<\/strong><\/td>\n<\/tr>\n<tr>\n<td colspan=\"2\" width=\"699\">\n<p style=\"text-align: center;\"><strong>PI\u0104TEK (4 kwietnia)<\/strong><\/p>\n<\/td>\n<\/tr>\n<tr>\n<td width=\"56\"><strong>7:00<\/strong><\/td>\n<td width=\"643\">+ Za dusze w czy\u015b\u0107cu cierpi\u0105ce.<\/td>\n<\/tr>\n<tr>\n<td width=\"56\"><strong>8:00<\/strong><\/td>\n<td width=\"643\">+ W intencjach \u017bywego R\u00f3\u017ca\u0144ca i Legionu Maryi.<\/td>\n<\/tr>\n<tr>\n<td width=\"56\"><strong>18:00<\/strong><\/td>\n<td width=\"643\">+ Mari\u0119 KRASUSK\u0104 (greg. 4)<\/td>\n<\/tr>\n<tr>\n<td colspan=\"2\" width=\"699\"><strong>&nbsp;<\/strong><\/td>\n<\/tr>\n<tr>\n<td colspan=\"2\" width=\"699\">\n<p style=\"text-align: center;\"><strong>SOBOTA (5 kwietnia)<\/strong><\/p>\n<\/td>\n<\/tr>\n<tr>\n<td width=\"56\"><strong>7:00<\/strong><\/td>\n<td width=\"643\">&nbsp;&nbsp;&nbsp;&nbsp;&nbsp;&nbsp;&nbsp;&nbsp;&nbsp;&nbsp;&nbsp;&nbsp;&nbsp;&nbsp;&nbsp;&nbsp;&nbsp;&nbsp;&nbsp;<\/td>\n<\/tr>\n<tr>\n<td width=\"56\"><strong>8:00<\/strong><\/td>\n<td width=\"643\">+ Mari\u0119 KRASUSK\u0104 (greg. 5)<\/td>\n<\/tr>\n<tr>\n<td width=\"56\"><strong>18:00<\/strong><\/td>\n<td width=\"643\">\u00b7&nbsp;&nbsp;&nbsp;&nbsp;&nbsp; Marka SZYSZKO (60 r. urodzin).)<\/td>\n<\/tr>\n<\/tbody>\n<\/table>\n<\/div><\/section>\n","protected":false},"excerpt":{"rendered":"","protected":false},"author":1,"featured_media":3833,"comment_status":"closed","ping_status":"closed","sticky":false,"template":"","format":"standard","meta":{"ngg_post_thumbnail":0,"footnotes":""},"categories":[6],"tags":[],"class_list":["post-5789","post","type-post","status-publish","format-standard","has-post-thumbnail","hentry","category-intencje-mszalne"],"_links":{"self":[{"href":"https:\/\/mbloretanska.pl\/index.php?rest_route=\/wp\/v2\/posts\/5789","targetHints":{"allow":["GET"]}}],"collection":[{"href":"https:\/\/mbloretanska.pl\/index.php?rest_route=\/wp\/v2\/posts"}],"about":[{"href":"https:\/\/mbloretanska.pl\/index.php?rest_route=\/wp\/v2\/types\/post"}],"author":[{"embeddable":true,"href":"https:\/\/mbloretanska.pl\/index.php?rest_route=\/wp\/v2\/users\/1"}],"replies":[{"embeddable":true,"href":"https:\/\/mbloretanska.pl\/index.php?rest_route=%2Fwp%2Fv2%2Fcomments&post=5789"}],"version-history":[{"count":1,"href":"https:\/\/mbloretanska.pl\/index.php?rest_route=\/wp\/v2\/posts\/5789\/revisions"}],"predecessor-version":[{"id":5790,"href":"https:\/\/mbloretanska.pl\/index.php?rest_route=\/wp\/v2\/posts\/5789\/revisions\/5790"}],"wp:featuredmedia":[{"embeddable":true,"href":"https:\/\/mbloretanska.pl\/index.php?rest_route=\/wp\/v2\/media\/3833"}],"wp:attachment":[{"href":"https:\/\/mbloretanska.pl\/index.php?rest_route=%2Fwp%2Fv2%2Fmedia&parent=5789"}],"wp:term":[{"taxonomy":"category","embeddable":true,"href":"https:\/\/mbloretanska.pl\/index.php?rest_route=%2Fwp%2Fv2%2Fcategories&post=5789"},{"taxonomy":"post_tag","embeddable":true,"href":"https:\/\/mbloretanska.pl\/index.php?rest_route=%2Fwp%2Fv2%2Ftags&post=5789"}],"curies":[{"name":"wp","href":"https:\/\/api.w.org\/{rel}","templated":true}]}}