{"id":5767,"date":"2025-03-28T09:42:10","date_gmt":"2025-03-28T08:42:10","guid":{"rendered":"https:\/\/mbloretanska.pl\/?p=5767"},"modified":"2025-03-28T09:42:47","modified_gmt":"2025-03-28T08:42:47","slug":"iv-niedziela-wielkiego-postu-30-03-2025","status":"publish","type":"post","link":"https:\/\/mbloretanska.pl\/?p=5767","title":{"rendered":"IV niedziela wielkiego postu 30.03.2025"},"content":{"rendered":"<section  class='av_textblock_section av-m8sj90fr-0bd02ce48f822e7990344fdf7319acca '   itemscope=\"itemscope\" itemtype=\"https:\/\/schema.org\/BlogPosting\" itemprop=\"blogPost\" ><div class='avia_textblock'  itemprop=\"text\" ><ol>\n<li style=\"font-weight: 400;\">Dzisiaj rozpoczynamy parafialne rekolekcje wielkopostne. Witamy w naszej wsp\u00f3lnocie ks. Zbigniewa Kami\u0144skiego, kt\u00f3ry b\u0119dzie je dla nas prowadzi\u0142. W niedziel\u0119 nauki rekolekcyjne na wszystkich Mszach \u015bw. W poniedzia\u0142ek&nbsp; i we &nbsp;&nbsp;wtorek Msze \u015bw. z naukami rekolekcyjnymi o godz. 8.00, 10.00, 18.00 i 19.30. W \u015brod\u0119 2 kwietnia o godz. 8.00, 10.00 i 18.00. Msza \u015bw. dla chorych po\u0142\u0105czona z sakramentem namaszczenia we wtorek o godz. 10.00. Spowied\u017a na ka\u017cdej Mszy \u015bw. Serdecznie zapraszamy. Na czas rekolekcji powierzmy si\u0119 Bo\u017cej Opatrzno\u015bci i Matce Naj\u015bwi\u0119tszej przez or\u0119downictwo \u015bw. Jana Paw\u0142a II z racji&nbsp; przypadaj\u0105cej w tych dniach 20 rocznicy \u015bmierci Ojca \u015bw.<\/li>\n<li style=\"font-weight: 400;\">Ze wzgl\u0119du na rekolekcje kancelaria parafialna w poniedzia\u0142ek 31 marca oraz w \u015brod\u0119 2 kwietnia b\u0119dzie nieczynna.<\/li>\n<li style=\"font-weight: 400;\">Zapraszamy na wielkopostne nabo\u017ce\u0144stwa pasyjne. Gorzkie \u017cale w niedziele o godz. 17.15. Droga krzy\u017cowa we wszystkie pi\u0105tki Wielkiego Postu o godz. 17.15 (z udzia\u0142em dzieci) oraz o godz. 18.30 (dla starszych).<\/li>\n<li style=\"font-weight: 400;\">W tym tygodniu przypada pierwszy pi\u0105tek i pierwsza sobota miesi\u0105ca. Msze \u015bw. o Naj\u015bwi\u0119tszym Sercu Pana Jezusa w &nbsp;o godz. 8.00 i 18.00. Msza wynagradzaj\u0105ca Niepokalanemu Sercu Maryi w sobot\u0119 w Domku Loreta\u0144skim o godz. 8.00.<\/li>\n<li style=\"font-weight: 400;\">Towarzystwo Mi\u0142o\u015bnik\u00f3w Polskiej Tradycji i Kultury zaprasza na obchody 96 rocznicy nadania 36 pu\u0142kowi piechoty nazwy \u201e36 pu\u0142k piechoty Legii Akademickiej\u201d. Msza \u015bw. w intencji poleg\u0142ych w przysz\u0142\u0105 niedziel\u0119&nbsp; 6.04 o godz. 12.30. Po Mszy \u015bw. prezentacja umundurowania, wyposa\u017cenia oraz uzbrojenia \u017co\u0142nierzy II Rzeczypospolitej.<\/li>\n<li style=\"font-weight: 400;\">Do skarbonki przed Domkiem Loreta\u0144skim mo\u017cemy ju\u017c sk\u0142ada\u0107 ofiary na kwiaty do grobu Pana Jezusa. Wszystkim ofiarodawcom bardzo dzi\u0119kujemy.<\/li>\n<li style=\"font-weight: 400;\">Parafia Bo\u017cego Cia\u0142a na Kamionku organizuje samolotow\u0105 pielgrzymk\u0119 do Fatimy i Santiago de Compostela w dniach od 29.09 do 06.10.2025 r. Duchowym opiekunem pielgrzymki b\u0119dzie ks. Dariusz Szczepaniuk. Ksi\u0105dz proboszcz parafii Bo\u017cego Cia\u0142a na ten wyjazd zaprasza tak\u017ce i naszych parafian. Wi\u0119cej informacji na ten temat znajdziemy na tablicy og\u0142osze\u0144.<\/li>\n<li style=\"font-weight: 400;\">Na stoliku przed Domkiem Loreta\u0144skim znajdziemy nowy numer tygodnika <em>Idziemy<\/em> oraz gazetk\u0119 parafialn\u0105 <em>We\u017a Ewangeli\u0119 do domu.<\/em><\/li>\n<\/ol>\n<\/div><\/section>\n","protected":false},"excerpt":{"rendered":"","protected":false},"author":1,"featured_media":3832,"comment_status":"closed","ping_status":"closed","sticky":false,"template":"","format":"standard","meta":{"ngg_post_thumbnail":0,"footnotes":""},"categories":[3],"tags":[],"class_list":["post-5767","post","type-post","status-publish","format-standard","has-post-thumbnail","hentry","category-ogloszenia-duszpasterskie"],"_links":{"self":[{"href":"https:\/\/mbloretanska.pl\/index.php?rest_route=\/wp\/v2\/posts\/5767","targetHints":{"allow":["GET"]}}],"collection":[{"href":"https:\/\/mbloretanska.pl\/index.php?rest_route=\/wp\/v2\/posts"}],"about":[{"href":"https:\/\/mbloretanska.pl\/index.php?rest_route=\/wp\/v2\/types\/post"}],"author":[{"embeddable":true,"href":"https:\/\/mbloretanska.pl\/index.php?rest_route=\/wp\/v2\/users\/1"}],"replies":[{"embeddable":true,"href":"https:\/\/mbloretanska.pl\/index.php?rest_route=%2Fwp%2Fv2%2Fcomments&post=5767"}],"version-history":[{"count":2,"href":"https:\/\/mbloretanska.pl\/index.php?rest_route=\/wp\/v2\/posts\/5767\/revisions"}],"predecessor-version":[{"id":5769,"href":"https:\/\/mbloretanska.pl\/index.php?rest_route=\/wp\/v2\/posts\/5767\/revisions\/5769"}],"wp:featuredmedia":[{"embeddable":true,"href":"https:\/\/mbloretanska.pl\/index.php?rest_route=\/wp\/v2\/media\/3832"}],"wp:attachment":[{"href":"https:\/\/mbloretanska.pl\/index.php?rest_route=%2Fwp%2Fv2%2Fmedia&parent=5767"}],"wp:term":[{"taxonomy":"category","embeddable":true,"href":"https:\/\/mbloretanska.pl\/index.php?rest_route=%2Fwp%2Fv2%2Fcategories&post=5767"},{"taxonomy":"post_tag","embeddable":true,"href":"https:\/\/mbloretanska.pl\/index.php?rest_route=%2Fwp%2Fv2%2Ftags&post=5767"}],"curies":[{"name":"wp","href":"https:\/\/api.w.org\/{rel}","templated":true}]}}