{"id":5765,"date":"2025-03-24T09:07:50","date_gmt":"2025-03-24T08:07:50","guid":{"rendered":"https:\/\/mbloretanska.pl\/?p=5765"},"modified":"2025-03-24T09:07:51","modified_gmt":"2025-03-24T08:07:51","slug":"intencje-mszalne-23-29-03-2025","status":"publish","type":"post","link":"https:\/\/mbloretanska.pl\/?p=5765","title":{"rendered":"intencje mszalne 23-29.03.2025"},"content":{"rendered":"<section  class='av_textblock_section av-m8msadbo-25dcf56cbe5fe46162d99ee81f592220 '   itemscope=\"itemscope\" itemtype=\"https:\/\/schema.org\/BlogPosting\" itemprop=\"blogPost\" ><div class='avia_textblock'  itemprop=\"text\" ><table style=\"font-weight: 400;\" width=\"699\">\n<tbody>\n<tr>\n<td colspan=\"2\" width=\"699\"><strong>&nbsp;<\/strong><\/td>\n<\/tr>\n<tr>\n<td colspan=\"2\" width=\"699\">\n<p style=\"text-align: center;\"><strong>III NIEDZIELA WIELKIEGO POSTU&nbsp; <\/strong><\/p>\n<p style=\"text-align: center;\"><strong>(23 marca 2025 r.)<\/strong><\/p>\n<\/td>\n<\/tr>\n<tr>\n<td width=\"56\"><strong>7:00<\/strong><\/td>\n<td width=\"643\">+ Zbigniewa NOWAKOWSKIEGO, Ryszarda AKONOMA, zm. z r. ZIELI\u0143SKICH,<br \/>\n&nbsp;&nbsp; MUCIAK\u00d3W i D\u0104BROWSKICH. &nbsp;<\/td>\n<\/tr>\n<tr>\n<td width=\"56\"><strong>8:30<\/strong><\/td>\n<td width=\"643\">1)&nbsp;&nbsp;&nbsp; + Sylwi\u0119 i Mariusza BOROWIECKICH oraz Hann\u0119 CHOR\u0104\u017bY.<\/p>\n<p>2)&nbsp;&nbsp;&nbsp; + El\u017cbiet\u0119 PAWLIK (greg. 23).<\/td>\n<\/tr>\n<tr>\n<td width=\"56\"><strong>10:00<\/strong><\/td>\n<td width=\"643\">+ Stanis\u0142awa GROMADZKIEGO (15 r. \u015bm.), Krystyn\u0119, Kazimierza i Filipa<br \/>\n&nbsp;&nbsp; GROMADZKICH, Anastazego, Wiktori\u0119, Janusza i Jolant\u0119 KAMI\u0143SKICH. &nbsp;<\/td>\n<\/tr>\n<tr>\n<td width=\"56\"><strong>11:00<\/strong><\/td>\n<td width=\"643\">\u00b7&nbsp;&nbsp;&nbsp;&nbsp;&nbsp; Int. dzi\u0119kczynna w 46 r. \u015blubu Waldemara i Marii, z pro\u015bb\u0105 o zdrowie<br \/>\ni potrzebne \u0142aski dla solenizant\u00f3w, dzieci i wnuk\u00f3w.<\/td>\n<\/tr>\n<tr>\n<td width=\"56\"><strong>12:30<\/strong><\/td>\n<td width=\"643\">\u00b7&nbsp;&nbsp;&nbsp;&nbsp;&nbsp; W intencji Parafian.<\/p>\n<p>+ Dariusza i zm. z r. FLAZI\u0143SKICH.<\/p>\n<p>+ Zdzis\u0142awa POLEWSKIEGO (8 r. \u015bm.)<\/p>\n<p>+ Celin\u0119 KWIECI\u0143SK\u0104 (30 dz. po \u015bm.)<\/p>\n<p>+ Jadwig\u0119 GWIAZDA (30 dz. po \u015bm.)<\/td>\n<\/tr>\n<tr>\n<td width=\"56\"><strong>18:00<\/strong><\/td>\n<td width=\"643\">+ Barbar\u0119, Edwarda, Mari\u0119 GRZEGORZEWSKICH i zm. z r. GRZEGORZEWSKICH<br \/>\n&nbsp;&nbsp; i WIATRZYK\u00d3W. &nbsp;<\/td>\n<\/tr>\n<tr>\n<td colspan=\"2\" width=\"699\"><strong>&nbsp;<\/strong><\/td>\n<\/tr>\n<tr>\n<td colspan=\"2\" width=\"699\">\n<p style=\"text-align: center;\"><strong>PONIEDZIA\u0141EK (24 marca) &nbsp;<\/strong><\/p>\n<\/td>\n<\/tr>\n<tr>\n<td width=\"56\"><strong>7:00<\/strong><\/td>\n<td width=\"643\">+ Janin\u0119, Stefana, Andrzeja GAWRON, Helen\u0119, Wincentego i Leszka CZAJA.<\/td>\n<\/tr>\n<tr>\n<td width=\"56\"><strong>8:00<\/strong><\/td>\n<td width=\"643\">+ Eugeniusza, Helen\u0119, Romana NOWAKOWSKICH, dziadk\u00f3w RYTEL\u00d3W,<br \/>\n&nbsp;&nbsp; zm. z c.r. RYTEL\u00d3W, NOWAKOWSKICH, WDOWSKICH i ORZESZAK\u00d3W.<\/td>\n<\/tr>\n<tr>\n<td width=\"56\"><strong>18:00<\/strong><\/td>\n<td width=\"643\">+ El\u017cbiet\u0119 PAWLIK (greg. 24)<\/td>\n<\/tr>\n<tr>\n<td colspan=\"2\" width=\"699\">&nbsp;<\/td>\n<\/tr>\n<tr>\n<td colspan=\"2\" width=\"699\">\n<p style=\"text-align: center;\"><strong>WTOREK (25 marca)<\/strong><\/p>\n<p style=\"text-align: center;\"><strong>Zwiastowanie Pa\u0144skie \u2013 uroczysto\u015b\u0107 <\/strong><\/p>\n<\/td>\n<\/tr>\n<tr>\n<td width=\"56\"><strong>7:00<\/strong><\/td>\n<td width=\"643\">+ Adolfa PIOTROWSKIEGO (6 r. \u015bm.)<\/td>\n<\/tr>\n<tr>\n<td width=\"56\"><strong>8:00<\/strong><\/td>\n<td width=\"643\">+ Jana i W\u0142adys\u0142aw\u0119 K\u0141OSZEWSKICH oraz za ich rodzic\u00f3w.<\/td>\n<\/tr>\n<tr>\n<td width=\"56\"><strong>18:00<\/strong><\/td>\n<td width=\"643\">+ El\u017cbiet\u0119 PAWLIK (greg. 25)<\/td>\n<\/tr>\n<tr>\n<td colspan=\"2\" width=\"699\">&nbsp;<\/td>\n<\/tr>\n<tr>\n<td colspan=\"2\" width=\"699\">\n<p style=\"text-align: center;\"><strong>\u015aRODA&nbsp; (26 marca)<\/strong><\/p>\n<\/td>\n<\/tr>\n<tr>\n<td width=\"56\"><strong>7:00<\/strong><\/td>\n<td width=\"643\">+ El\u017cbiet\u0119 PAWLIK (greg. 26)<\/td>\n<\/tr>\n<tr>\n<td width=\"56\"><strong>8:00<\/strong><\/td>\n<td width=\"643\">+ Za zmar\u0142ych z r. KRAJEWSKICH i TRZONKOWSKICH.<\/td>\n<\/tr>\n<tr>\n<td width=\"56\"><strong>17:45<\/strong><\/td>\n<td width=\"643\"><strong>NOWENNA<\/strong><\/p>\n<p>+ Jerzego W\u0141ODARSKIEGO (14 r. \u015bm.)<\/p>\n<p>+ Iren\u0119 BARA\u0143CZYK.<\/td>\n<\/tr>\n<tr>\n<td colspan=\"2\" width=\"699\"><strong>&nbsp;<\/strong><\/td>\n<\/tr>\n<tr>\n<td colspan=\"2\" width=\"699\">\n<p style=\"text-align: center;\"><strong>CZWARTEK&nbsp; (27 marca)<\/strong><\/p>\n<\/td>\n<\/tr>\n<tr>\n<td width=\"56\"><strong>7:00<\/strong><\/td>\n<td width=\"643\">+ El\u017cbiet\u0119 PAWLIK (greg. 27)<\/td>\n<\/tr>\n<tr>\n<td width=\"56\"><strong>8:00<\/strong><\/td>\n<td width=\"643\">+ Jadwig\u0119 i Stanis\u0142awa B\u0141A\u017bEWICZ\u00d3W i zm. z r. D\u0104BROWSKICH.<\/td>\n<\/tr>\n<tr>\n<td width=\"56\"><strong>18:00<\/strong><\/td>\n<td width=\"643\">+ Andrzeja MICHA\u0141OWSKIEGO (4 r. \u015bm.), Iren\u0119 TOBOTA,<br \/>\n&nbsp;&nbsp; J\u00f3zef\u0119 (37 r. \u015bm.) i J\u00f3zefa (26 r. \u015bm.) TOBOTA.<\/td>\n<\/tr>\n<tr>\n<td colspan=\"2\" width=\"699\"><strong>&nbsp;<\/strong><\/td>\n<\/tr>\n<tr>\n<td colspan=\"2\" width=\"699\">\n<p style=\"text-align: center;\"><strong>PI\u0104TEK (28 marca)<\/strong><\/p>\n<\/td>\n<\/tr>\n<tr>\n<td width=\"56\"><strong>7:00<\/strong><\/td>\n<td width=\"643\">+ Wand\u0119 i Antoniego KUCHARSKICH.<\/td>\n<\/tr>\n<tr>\n<td width=\"56\"><strong>8:00<\/strong><\/td>\n<td width=\"643\">+ Tadeusza DUNOWSKIEGO i jego rodzic\u00f3w Stanis\u0142awa i Wiktori\u0119 DUNOWSKICH oraz zm. z r. DUNOWSKICH I HOT\u00d3WKO<\/td>\n<\/tr>\n<tr>\n<td width=\"56\"><strong>18:00<\/strong><\/td>\n<td width=\"643\">+ El\u017cbiet\u0119 PAWLIK (greg. 28)<\/td>\n<\/tr>\n<tr>\n<td colspan=\"2\" width=\"699\"><strong>&nbsp;<\/strong><\/td>\n<\/tr>\n<tr>\n<td colspan=\"2\" width=\"699\">\n<p style=\"text-align: center;\"><strong>SOBOTA (29 marca)<\/strong><\/p>\n<\/td>\n<\/tr>\n<tr>\n<td width=\"56\"><strong>7:00<\/strong><\/td>\n<td width=\"643\">\u00b7&nbsp;&nbsp;&nbsp;&nbsp;&nbsp; Intencja dzi\u0119kczynna za otrzymane \u0142aski, z pro\u015bb\u0105 o b\u0142ogos\u0142awie\u0144stwo Bo\u017ce,<br \/>\nopiek\u0119 M.B. Loreta\u0144skiej i potrzebne dary na dalsze lata \u017cycia dla Wies\u0142awy.<\/td>\n<\/tr>\n<tr>\n<td width=\"56\"><strong>8:00<\/strong><\/td>\n<td width=\"643\">\u00b7&nbsp;&nbsp;&nbsp;&nbsp;&nbsp; Intencja dzi\u0119kczynna za otrzymane \u0142aski, z pro\u015bb\u0105 o dary Ducha \u015awi\u0119tego<br \/>\ni wype\u0142nienie Woli Bo\u017cej dla Dominika.<\/td>\n<\/tr>\n<tr>\n<td width=\"56\"><strong>18:00<\/strong><\/td>\n<td width=\"643\">+ El\u017cbiet\u0119 PAWLIK (greg. 29)<\/td>\n<\/tr>\n<\/tbody>\n<\/table>\n<\/div><\/section>\n","protected":false},"excerpt":{"rendered":"","protected":false},"author":1,"featured_media":3833,"comment_status":"closed","ping_status":"closed","sticky":false,"template":"","format":"standard","meta":{"ngg_post_thumbnail":0,"footnotes":""},"categories":[3],"tags":[],"class_list":["post-5765","post","type-post","status-publish","format-standard","has-post-thumbnail","hentry","category-ogloszenia-duszpasterskie"],"_links":{"self":[{"href":"https:\/\/mbloretanska.pl\/index.php?rest_route=\/wp\/v2\/posts\/5765","targetHints":{"allow":["GET"]}}],"collection":[{"href":"https:\/\/mbloretanska.pl\/index.php?rest_route=\/wp\/v2\/posts"}],"about":[{"href":"https:\/\/mbloretanska.pl\/index.php?rest_route=\/wp\/v2\/types\/post"}],"author":[{"embeddable":true,"href":"https:\/\/mbloretanska.pl\/index.php?rest_route=\/wp\/v2\/users\/1"}],"replies":[{"embeddable":true,"href":"https:\/\/mbloretanska.pl\/index.php?rest_route=%2Fwp%2Fv2%2Fcomments&post=5765"}],"version-history":[{"count":1,"href":"https:\/\/mbloretanska.pl\/index.php?rest_route=\/wp\/v2\/posts\/5765\/revisions"}],"predecessor-version":[{"id":5766,"href":"https:\/\/mbloretanska.pl\/index.php?rest_route=\/wp\/v2\/posts\/5765\/revisions\/5766"}],"wp:featuredmedia":[{"embeddable":true,"href":"https:\/\/mbloretanska.pl\/index.php?rest_route=\/wp\/v2\/media\/3833"}],"wp:attachment":[{"href":"https:\/\/mbloretanska.pl\/index.php?rest_route=%2Fwp%2Fv2%2Fmedia&parent=5765"}],"wp:term":[{"taxonomy":"category","embeddable":true,"href":"https:\/\/mbloretanska.pl\/index.php?rest_route=%2Fwp%2Fv2%2Fcategories&post=5765"},{"taxonomy":"post_tag","embeddable":true,"href":"https:\/\/mbloretanska.pl\/index.php?rest_route=%2Fwp%2Fv2%2Ftags&post=5765"}],"curies":[{"name":"wp","href":"https:\/\/api.w.org\/{rel}","templated":true}]}}