{"id":5671,"date":"2024-12-27T13:06:56","date_gmt":"2024-12-27T12:06:56","guid":{"rendered":"https:\/\/mbloretanska.pl\/?p=5671"},"modified":"2024-12-27T13:06:57","modified_gmt":"2024-12-27T12:06:57","slug":"swieto-sw-rodziny-jezusa-maryi-i-jozefa-29-12-2024","status":"publish","type":"post","link":"https:\/\/mbloretanska.pl\/?p=5671","title":{"rendered":"\u015awi\u0119to \u015bw. Rodziny Jezusa, Maryi i J\u00f3zefa 29.12.2024"},"content":{"rendered":"<section  class='av_textblock_section av-m56ph7ou-201a242477528b88acb98c012773b794 '   itemscope=\"itemscope\" itemtype=\"https:\/\/schema.org\/BlogPosting\" itemprop=\"blogPost\" ><div class='avia_textblock'  itemprop=\"text\" ><p class=\"gmail-MsoListParagraphCxSpFirst\">1.&nbsp;&nbsp;&nbsp;&nbsp;&nbsp; Dzisiaj, w \u015awi\u0119to \u015awi\u0119tej Rodziny we wszystkich polskich diecezjach, tak\u017ce w Diecezji Warszawsko-Praskiej nast\u0105pi inauguracja Roku Jubileuszowego. O godz. 17.00 w naszym ko\u015bciele b\u0119dzie kr\u00f3tkie Nabo\u017ce\u0144stwo po kt\u00f3rym przez Park Praski wyruszy procesja do katedry i uroczysta Msza \u015bw. o godz. 18.00. Wszystkich parafian i go\u015bci serdecznie zapraszamy.<\/p>\n<p class=\"gmail-MsoListParagraphCxSpMiddle\">2.&nbsp;&nbsp;&nbsp;&nbsp;&nbsp; We wtorek 31 grudnia ostatni dzie\u0144 \u201estarego\u201d roku. Msza \u015bw. dzi\u0119kczynna na zako\u0144czenie roku o godz. 18.00.<\/p>\n<p class=\"gmail-MsoListParagraphCxSpMiddle\">3.&nbsp;&nbsp;&nbsp;&nbsp;&nbsp; W \u015brod\u0119 1-go stycznia Uroczysto\u015b\u0107 \u015awi\u0119tej Bo\u017cej Rodzicielki Maryi. Pierwsza Msza \u015bw. o godz. 8.30, pozosta\u0142e wed\u0142ug porz\u0105dku niedzielnego. W Nowy Rok nie ma Mszy \u015bw. o godz. 7.00. &nbsp; &nbsp;&nbsp;&nbsp;&nbsp;&nbsp;&nbsp;&nbsp;&nbsp;&nbsp;&nbsp;&nbsp;&nbsp;&nbsp;&nbsp;&nbsp;&nbsp;&nbsp;&nbsp;&nbsp;&nbsp;&nbsp;&nbsp;&nbsp; &nbsp;&nbsp;&nbsp;&nbsp;&nbsp;&nbsp;&nbsp;&nbsp;&nbsp;&nbsp;&nbsp;&nbsp;&nbsp;&nbsp;&nbsp;&nbsp;&nbsp;&nbsp;&nbsp;&nbsp;&nbsp;&nbsp;&nbsp;&nbsp;&nbsp;&nbsp;&nbsp;&nbsp;&nbsp;&nbsp;&nbsp;&nbsp;&nbsp;&nbsp;&nbsp;&nbsp;&nbsp;&nbsp;&nbsp;&nbsp;&nbsp;&nbsp;&nbsp;&nbsp;&nbsp;&nbsp;&nbsp;&nbsp;&nbsp;&nbsp;&nbsp;&nbsp;&nbsp;&nbsp;&nbsp;&nbsp;&nbsp;&nbsp;&nbsp;&nbsp;&nbsp;&nbsp;&nbsp;&nbsp;&nbsp;&nbsp;&nbsp;&nbsp;&nbsp;&nbsp;&nbsp;&nbsp;&nbsp;&nbsp;&nbsp;&nbsp;&nbsp;&nbsp;&nbsp;&nbsp;&nbsp;&nbsp;&nbsp;&nbsp;&nbsp;&nbsp;&nbsp;&nbsp;&nbsp;&nbsp;&nbsp;&nbsp;&nbsp;&nbsp;&nbsp;&nbsp;&nbsp;&nbsp;&nbsp;&nbsp;&nbsp;&nbsp;&nbsp;&nbsp;&nbsp;<\/p>\n<p class=\"gmail-MsoListParagraphCxSpMiddle\">4.&nbsp;&nbsp;&nbsp;&nbsp;&nbsp; Towarzystwo Mi\u0142o\u015bnik\u00f3w Polskiej Tradycji i Kultury oraz Zwi\u0105zek \u017bo\u0142nierzy Narodowych Si\u0142 Zbrojnych Okr\u0119g Mazowiecki zapraszaj\u0105 na Msz\u0119 \u015bw. za Ojczyzn\u0105 w 86 rocznic\u0119 \u015bmierci Romana Dmowskiego, kt\u00f3ra zostanie odprawiona w naszym ko\u015bciele w czwartek 2 stycznia o godz. 18.00. &nbsp; &nbsp; &nbsp; &nbsp; &nbsp; &nbsp; &nbsp;&nbsp;<\/p>\n<p class=\"gmail-MsoListParagraphCxSpMiddle\">5.&nbsp;&nbsp;&nbsp;&nbsp;&nbsp; Od nowego roku nast\u0105pi zmiana czasu pracy kancelarii parafialnej. Kancelaria w czwartki nie b\u0119dzie ju\u017c czynna. Dniami pracy kancelarii pozostaje poniedzia\u0142ek, \u015broda i pi\u0105tek. Ze wzgl\u0119du na kol\u0119d\u0119 do 31 stycznia w poniedzia\u0142ki kancelaria b\u0119dzie czynna do godz. 17.30. Nie b\u0119dzie dy\u017curu w godz. 19.00 \u2013 20.00.<\/p>\n<p class=\"gmail-MsoListParagraphCxSpMiddle\">6.&nbsp;&nbsp;&nbsp;&nbsp;&nbsp; Ze wzgl\u0119du na organizacj\u0119 kol\u0119dy nie przyjmujemy ju\u017c zaprosze\u0144 indywidualnych. Tych, kt\u00f3rzy nie zdecydowali si\u0119 na wizyt\u0119 domow\u0105 zapraszamy na Msz\u0119 \u015bw. w intencji o b\u0142ogos\u0142awie\u0144stwo Bo\u017ce na Nowy Rok, kt\u00f3r\u0105 odprawimy po zako\u0144czeniu wizyt domowych. Wizyty kol\u0119dowe b\u0119dziemy rozpoczyna\u0107 w soboty od godz. 10.00, w pozosta\u0142e dni tygodnia od poniedzia\u0142ku do pi\u0105tku od godz. 16.30. Dok\u0142adny plan na najbli\u017csze dwa tygodnie podany jest na tablicy og\u0142osze\u0144 oraz na stronie internetowej parafii <a title=\"https:\/\/mbloretanska.pl\" href=\"https:\/\/mbloretanska.pl\/\" data-ogsc=\"\">mbloretanska.pl<\/a>. Plan na kolejne dni podamy niebawem. Sk\u0142adane przy okazji kol\u0119dy ofiary b\u0119d\u0105 przeznaczone na pokrycie wydatk\u00f3w poniesionych na zako\u0144czony II etap remontu ko\u015bcio\u0142a. Dzi\u0119kujemy za zrozumienie oraz za wsparcie.<\/p>\n<p class=\"gmail-MsoListParagraphCxSpMiddle\">7.&nbsp;&nbsp;&nbsp;&nbsp;&nbsp; Nasza parafia organizuje wyjazd na narty dla dzieci od III kl. szko\u0142y podstawowej w pierwszym tygodniu ferii zimowych. S\u0105 jeszcze wolne miejsca. Wi\u0119cej informacji u ks. Tadeusza. &nbsp; &nbsp; &nbsp; &nbsp; &nbsp; &nbsp;<\/p>\n<p class=\"gmail-MsoListParagraphCxSpMiddle\">8.&nbsp;&nbsp;&nbsp;&nbsp;&nbsp; Bardzo dzi\u0119kujemy wszystkim osobom, kt\u00f3re przed \u015bwi\u0119tami podj\u0119\u0142y pos\u0142ug\u0119 przy op\u0142atkach i \u015bwiecach Caritas, oraz w\u0142\u0105czy\u0142y si\u0119 w przygotowanie dekoracji na Bo\u017ce &nbsp;&nbsp;&nbsp;Narodzenie. &nbsp; &nbsp; &nbsp; &nbsp; &nbsp; &nbsp; &nbsp; &nbsp; &nbsp; &nbsp; &nbsp; &nbsp; &nbsp; &nbsp; &nbsp; &nbsp; &nbsp; &nbsp; &nbsp; &nbsp; &nbsp; &nbsp; &nbsp; &nbsp; &nbsp; &nbsp; &nbsp; &nbsp; &nbsp; &nbsp; &nbsp; &nbsp; &nbsp; &nbsp; &nbsp; &nbsp; &nbsp; &nbsp; &nbsp; &nbsp; &nbsp; &nbsp; &nbsp; &nbsp; &nbsp; &nbsp; &nbsp; &nbsp; &nbsp; &nbsp; &nbsp; &nbsp; &nbsp; &nbsp; &nbsp; &nbsp; &nbsp; &nbsp; &nbsp; &nbsp; &nbsp; &nbsp; &nbsp; &nbsp; &nbsp; &nbsp; &nbsp; &nbsp; &nbsp; &nbsp; &nbsp; &nbsp; &nbsp; &nbsp;&nbsp;<\/p>\n<p class=\"gmail-MsoListParagraphCxSpMiddle\">9.&nbsp;&nbsp;&nbsp;&nbsp;&nbsp; Wszystkim parafianom i go\u015bciom na ca\u0142y nowy rok 2025 \u017cyczymy Bo\u017cego b\u0142ogos\u0142awie\u0144stwa, opieki Matki Bo\u017cej Loreta\u0144skiej, zdrowia, nadziei i si\u0142y do realizacji \u017cyciowych plan\u00f3w.<\/p>\n<\/div><\/section>\n","protected":false},"excerpt":{"rendered":"","protected":false},"author":1,"featured_media":3832,"comment_status":"closed","ping_status":"closed","sticky":false,"template":"","format":"standard","meta":{"ngg_post_thumbnail":0,"footnotes":""},"categories":[3],"tags":[],"class_list":["post-5671","post","type-post","status-publish","format-standard","has-post-thumbnail","hentry","category-ogloszenia-duszpasterskie"],"_links":{"self":[{"href":"https:\/\/mbloretanska.pl\/index.php?rest_route=\/wp\/v2\/posts\/5671","targetHints":{"allow":["GET"]}}],"collection":[{"href":"https:\/\/mbloretanska.pl\/index.php?rest_route=\/wp\/v2\/posts"}],"about":[{"href":"https:\/\/mbloretanska.pl\/index.php?rest_route=\/wp\/v2\/types\/post"}],"author":[{"embeddable":true,"href":"https:\/\/mbloretanska.pl\/index.php?rest_route=\/wp\/v2\/users\/1"}],"replies":[{"embeddable":true,"href":"https:\/\/mbloretanska.pl\/index.php?rest_route=%2Fwp%2Fv2%2Fcomments&post=5671"}],"version-history":[{"count":1,"href":"https:\/\/mbloretanska.pl\/index.php?rest_route=\/wp\/v2\/posts\/5671\/revisions"}],"predecessor-version":[{"id":5672,"href":"https:\/\/mbloretanska.pl\/index.php?rest_route=\/wp\/v2\/posts\/5671\/revisions\/5672"}],"wp:featuredmedia":[{"embeddable":true,"href":"https:\/\/mbloretanska.pl\/index.php?rest_route=\/wp\/v2\/media\/3832"}],"wp:attachment":[{"href":"https:\/\/mbloretanska.pl\/index.php?rest_route=%2Fwp%2Fv2%2Fmedia&parent=5671"}],"wp:term":[{"taxonomy":"category","embeddable":true,"href":"https:\/\/mbloretanska.pl\/index.php?rest_route=%2Fwp%2Fv2%2Fcategories&post=5671"},{"taxonomy":"post_tag","embeddable":true,"href":"https:\/\/mbloretanska.pl\/index.php?rest_route=%2Fwp%2Fv2%2Ftags&post=5671"}],"curies":[{"name":"wp","href":"https:\/\/api.w.org\/{rel}","templated":true}]}}