{"id":5657,"date":"2024-12-21T15:16:41","date_gmt":"2024-12-21T14:16:41","guid":{"rendered":"https:\/\/mbloretanska.pl\/?p=5657"},"modified":"2024-12-21T15:16:42","modified_gmt":"2024-12-21T14:16:42","slug":"iv-niedziela-adwentu-22-12-2024","status":"publish","type":"post","link":"https:\/\/mbloretanska.pl\/?p=5657","title":{"rendered":"IV niedziela adwentu 22.12.2024"},"content":{"rendered":"<section  class='av_textblock_section av-m4y9i5fa-c7337b0542255d3add5931fb1353b7bd '   itemscope=\"itemscope\" itemtype=\"https:\/\/schema.org\/BlogPosting\" itemprop=\"blogPost\" ><div class='avia_textblock'  itemprop=\"text\" ><p class=\"gmail-MsoListParagraphCxSpFirst\">1.&nbsp;&nbsp;&nbsp;&nbsp;&nbsp; W dawnej zakrystii mo\u017cemy jeszcze zaopatrzy\u0107 si\u0119 w op\u0142atki oraz \u015bwiece Caritas.<\/p>\n<p class=\"gmail-MsoListParagraphCxSpMiddle\">2.&nbsp;&nbsp;&nbsp;&nbsp;&nbsp; Jutro, w poniedzia\u0142ek 23.XII kancelaria parafialna przed po\u0142udniem b\u0119dzie nieczynna. Zapraszamy w pozosta\u0142ych godzinach.<\/p>\n<p class=\"gmail-MsoListParagraphCxSpMiddle\">3.&nbsp;&nbsp;&nbsp;&nbsp;&nbsp; Jak co roku za po\u015brednictwem instruktor\u00f3w Hufca ZHP Warszawa Praga-P\u00f3\u0142noc otrzymamy Betlejemskie \u015awiat\u0142o Pokoju. Od poniedzia\u0142kowego wieczoru mo\u017cna b\u0119dzie je zabra\u0107 do swojego mieszkania, aby w duchu braterstwa prze\u017cywa\u0107 przyj\u015bcie Tego, kt\u00f3ry jest \u015awiat\u0142o\u015bci\u0105 \u015bwiata. Ze wzgl\u0119du na tocz\u0105c\u0105 si\u0119 wojn\u0119 w Ziemi \u015awi\u0119tej w tym roku znak z Betlejem ma szczeg\u00f3ln\u0105 wymow\u0119.<\/p>\n<p class=\"gmail-MsoListParagraphCxSpMiddle\"><i>4.&nbsp;&nbsp;&nbsp;&nbsp;&nbsp; <\/i>We wtorek Wigilia. Ostatnie roraty o godz. 7.00 i Msza \u015bw. o godz. 8.00. Nie ma Mszy wieczornej o godz. 18.00. Wszystkim Adamom i Ewom sk\u0142adamy serdeczne \u017cyczenia Bo\u017cego b\u0142ogos\u0142awie\u0144stwa i mi\u0142o\u015bci od najbli\u017cszych.<i><\/i><\/p>\n<p class=\"gmail-MsoListParagraphCxSpMiddle\">5.&nbsp;&nbsp;&nbsp;&nbsp;&nbsp; 24 grudnia otwarciem Drzwi \u015awi\u0119tych w Watykanie papie\u017c Franciszek rozpocznie Zwyczajny Rok jubileuszowy. W naszej diecezji inauguracja Roku Jubileuszowego nast\u0105pi&nbsp; 29. XII w Niedziel\u0119 \u015awi\u0119tej Rodziny. O godz. 17.00 w naszym ko\u015bciele b\u0119dzie Nabo\u017ce\u0144stwo S\u0142owa Bo\u017cego po kt\u00f3rym przez Park Praski wyruszy procesja do katedry i uroczysta Msza \u015bw. o godz. 18.00.<\/p>\n<p class=\"gmail-MsoListParagraphCxSpMiddle\">6.&nbsp;&nbsp;&nbsp;&nbsp;&nbsp; W noc Bo\u017cego Narodzenia 24.XII zapraszamy na Pasterk\u0119, kt\u00f3r\u0105 odprawimy o godz. 22.00. W \u015brod\u0119 25.XII nie b\u0119dzie Mszy porannej o godz. 7.00. Pierwsza Msza \u015bw. o 8.30. Pozosta\u0142e Msze \u015bw. w I i II dzie\u0144 \u015awi\u0105t Bo\u017cego Narodzenia wed\u0142ug porz\u0105dku niedzielnego.<\/p>\n<p class=\"gmail-MsoListParagraphCxSpMiddle\">7.&nbsp;&nbsp;&nbsp;&nbsp;&nbsp; Ze wzgl\u0119du na organizacj\u0119 kol\u0119dy nie przyjmujemy ju\u017c zaprosze\u0144 indywidualnych. Tych, kt\u00f3rzy nie zdecydowali si\u0119 na wizyt\u0119 domow\u0105 zapraszamy na Msz\u0119 \u015bw. w intencji o b\u0142ogos\u0142awie\u0144stwo Bo\u017ce na Nowy Rok, kt\u00f3r\u0105 odprawimy po zako\u0144czeniu wizyt domowych. Kol\u0119d\u0119 rozpoczniemy w sobot\u0119 28 grudnia. Dok\u0142adny plan podany jest na tablicy og\u0142osze\u0144 oraz na stronie internetowej parafii <a href=\"https:\/\/mbloretanska.pl\/\">mbloretanska.pl<\/a>.<\/p>\n<p class=\"gmail-MsoListParagraphCxSpMiddle\">8.&nbsp;&nbsp;&nbsp;&nbsp;&nbsp; Od nowego roku nast\u0105pi zmiana czasu pracy kancelarii parafialnej. Kancelaria w czwartki nie b\u0119dzie ju\u017c czynna. Dniami pracy kancelarii pozostaje poniedzia\u0142ek, \u015broda i pi\u0105tek. Ze wzgl\u0119du na kol\u0119d\u0119 od 1 do 31 stycznia w poniedzia\u0142ki kancelaria czynna do godz. 17.30. Nie b\u0119dzie dy\u017curu wieczornego w godz. 19.00 \u2013 20.00.<\/p>\n<p class=\"gmail-MsoListParagraphCxSpLast\">9.&nbsp;&nbsp;&nbsp;&nbsp;&nbsp; Wszystkim parafianom i go\u015bciom na czas Bo\u017cego Narodzenia \u017cyczymy wi\u0119kszej blisko\u015bci z Panem Bogiem, duchowego i fizycznego odpoczynku oraz udanych spotka\u0144 w gronie rodziny i przyjaci\u00f3\u0142.<\/p>\n<\/div><\/section>\n","protected":false},"excerpt":{"rendered":"","protected":false},"author":1,"featured_media":3832,"comment_status":"closed","ping_status":"closed","sticky":false,"template":"","format":"standard","meta":{"ngg_post_thumbnail":0,"footnotes":""},"categories":[3],"tags":[],"class_list":["post-5657","post","type-post","status-publish","format-standard","has-post-thumbnail","hentry","category-ogloszenia-duszpasterskie"],"_links":{"self":[{"href":"https:\/\/mbloretanska.pl\/index.php?rest_route=\/wp\/v2\/posts\/5657","targetHints":{"allow":["GET"]}}],"collection":[{"href":"https:\/\/mbloretanska.pl\/index.php?rest_route=\/wp\/v2\/posts"}],"about":[{"href":"https:\/\/mbloretanska.pl\/index.php?rest_route=\/wp\/v2\/types\/post"}],"author":[{"embeddable":true,"href":"https:\/\/mbloretanska.pl\/index.php?rest_route=\/wp\/v2\/users\/1"}],"replies":[{"embeddable":true,"href":"https:\/\/mbloretanska.pl\/index.php?rest_route=%2Fwp%2Fv2%2Fcomments&post=5657"}],"version-history":[{"count":1,"href":"https:\/\/mbloretanska.pl\/index.php?rest_route=\/wp\/v2\/posts\/5657\/revisions"}],"predecessor-version":[{"id":5658,"href":"https:\/\/mbloretanska.pl\/index.php?rest_route=\/wp\/v2\/posts\/5657\/revisions\/5658"}],"wp:featuredmedia":[{"embeddable":true,"href":"https:\/\/mbloretanska.pl\/index.php?rest_route=\/wp\/v2\/media\/3832"}],"wp:attachment":[{"href":"https:\/\/mbloretanska.pl\/index.php?rest_route=%2Fwp%2Fv2%2Fmedia&parent=5657"}],"wp:term":[{"taxonomy":"category","embeddable":true,"href":"https:\/\/mbloretanska.pl\/index.php?rest_route=%2Fwp%2Fv2%2Fcategories&post=5657"},{"taxonomy":"post_tag","embeddable":true,"href":"https:\/\/mbloretanska.pl\/index.php?rest_route=%2Fwp%2Fv2%2Ftags&post=5657"}],"curies":[{"name":"wp","href":"https:\/\/api.w.org\/{rel}","templated":true}]}}