{"id":5549,"date":"2024-10-25T12:57:38","date_gmt":"2024-10-25T10:57:38","guid":{"rendered":"https:\/\/mbloretanska.pl\/?p=5549"},"modified":"2024-10-25T12:57:39","modified_gmt":"2024-10-25T10:57:39","slug":"intencje-mszalne-27-10-02-11-2024","status":"publish","type":"post","link":"https:\/\/mbloretanska.pl\/?p=5549","title":{"rendered":"intencje mszalne 27.10-02.11.2024"},"content":{"rendered":"<section  class='av_textblock_section av-m2omb0bm-b8cbe184d7c4df8bbed9fc304cf8534f '   itemscope=\"itemscope\" itemtype=\"https:\/\/schema.org\/BlogPosting\" itemprop=\"blogPost\" ><div class='avia_textblock'  itemprop=\"text\" ><table style=\"font-weight: 400;\" width=\"699\">\n<tbody>\n<tr>\n<td colspan=\"2\" width=\"699\"><strong>&nbsp;<\/strong><\/td>\n<\/tr>\n<tr>\n<td colspan=\"2\" width=\"699\">\n<p style=\"text-align: center;\"><strong>XXX NIEDZIELA ZWYK\u0141A&nbsp;&nbsp; <\/strong><\/p>\n<p style=\"text-align: center;\"><strong>(27 pa\u017adziernika 2024 r.)<\/strong><\/p>\n<\/td>\n<\/tr>\n<tr>\n<td width=\"643\">+ Joann\u0119 PI\u0141ACK\u0104 (greg. 27.)<\/td>\n<td width=\"64\">&nbsp;<\/td>\n<\/tr>\n<tr>\n<td width=\"643\">+ O Bo\u017ce b\u0142ogos\u0142awie\u0144stwo, opiek\u0119 Matki Bo\u017cej i zdrowie dla ks. Tadeusza.<\/td>\n<td width=\"64\">&nbsp;<\/td>\n<\/tr>\n<tr>\n<td width=\"643\">+ Adama OLEKSIEWICZA (7 r. \u015bm.) oraz Alin\u0119 i Edwarda OLEKSIEWICZ<\/td>\n<td width=\"64\">&nbsp;<\/td>\n<\/tr>\n<tr>\n<td width=\"643\">1) + Adolfa BUJANOWICZ i zm. z ca\u0142ej rodziny BUJANOWICZ\u00d3W i TKACZYK\u00d3W.<\/p>\n<p>2) Int. dzi\u0119kczynno-b\u0142agalna w 48 r. \u015blubu Wandy i Leszka CHODKOWSKICH,<br \/>\n&nbsp;&nbsp;&nbsp; z pro\u015bb\u0105 o b\u0142og. Bo\u017ce, zdrowie i potrzebne \u0142aski dla Jubilat\u00f3w w dalszym \u017cyciu.<\/td>\n<td width=\"64\">&nbsp;<\/td>\n<\/tr>\n<tr>\n<td width=\"643\">\u00b7&nbsp;&nbsp;&nbsp;&nbsp;&nbsp; Intencja dzi\u0119kczynna za 90 lat \u017cycia, z pro\u015bb\u0105 o opiek\u0119 Matki Bo\u017cej i \u0142aski potrzebne na dalsze lata dla Stefana KLOCHA.<\/p>\n<p>+ Adama POSZWI\u0143SKIEGO.<\/p>\n<p>+ Micha\u0142a BIELECKIEGO (30 dni po \u015bm.)<\/p>\n<p>+ Barbar\u0119 JESKE (30 dni po \u015bm.)<\/p>\n<p>+ Alicj\u0119 TOMASZEWSK\u0104 (30 dni po \u015bm.)<\/p>\n<p>+ Eugeniusza \u0141\u0104CKIEGO (30 dni po \u015bm.)<\/p>\n<p>+ Teres\u0119 i Arkadiusza DOMA\u0143SKICH, ich rodzic\u00f3w i rodze\u0144stwo oraz Wand\u0119 KEMPKA<\/p>\n<p>+ Stanis\u0142aw\u0119 i Jana TOMCZAK, ich rodzic\u00f3w, rodze\u0144stwo oraz Jerzego TOMCZAKA.<\/td>\n<td width=\"64\">&nbsp;<\/td>\n<\/tr>\n<tr>\n<td width=\"643\">+ Zdzis\u0142awa SKAR\u017bY\u0143SKIEGO (24 r. \u015bm), zm.z r. SKAR\u017bY\u0143SKICH i W\u0104SOWSKICH<\/td>\n<td width=\"64\">&nbsp;<\/td>\n<\/tr>\n<tr>\n<td colspan=\"2\" width=\"699\"><strong>&nbsp;<\/strong><\/td>\n<\/tr>\n<tr>\n<td colspan=\"2\" width=\"699\">\n<p style=\"text-align: center;\"><strong>PONIEDZIA\u0141EK&nbsp; (28 pa\u017adziernika) <\/strong><\/p>\n<p style=\"text-align: center;\"><strong>\u015aw. Aposto\u0142\u00f3w Szymona i Judy Tadeusza \u2013 \u015bwi\u0119to <\/strong><\/p>\n<\/td>\n<\/tr>\n<tr>\n<td width=\"643\">+ Aleksandr\u0119 i Franciszka, Mariann\u0119, Jana i J\u00f3zefa O\u0141\u00d3WKA,<br \/>\n&nbsp;&nbsp; Mariann\u0119 i Stanis\u0142awa MICHALIK.<\/td>\n<td width=\"64\">&nbsp;<\/td>\n<\/tr>\n<tr>\n<td width=\"643\">+ Tadeusza CIE\u015aLAKA (z racji imienin).<\/td>\n<td width=\"64\">&nbsp;<\/td>\n<\/tr>\n<tr>\n<td width=\"643\">+ Joann\u0119 PI\u0141ACK\u0104 (greg. 28.)<\/td>\n<td width=\"64\">&nbsp;<\/td>\n<\/tr>\n<tr>\n<td colspan=\"2\" width=\"699\">&nbsp;<\/td>\n<\/tr>\n<tr>\n<td colspan=\"2\" width=\"699\">\n<p style=\"text-align: center;\"><strong>WTOREK (29 pa\u017adziernika)<\/strong><\/p>\n<\/td>\n<\/tr>\n<tr>\n<td width=\"643\">+ Henryk\u0119 BARTKOWIAK (3 r. \u015bm.) W\u0142adys\u0142awa Bartkowiaka, Zdzis\u0142awa i W\u0142adys\u0142awa<br \/>\n&nbsp;&nbsp; PAW\u0141OWSKICH oraz rodzic\u00f3w z obojga stron.<\/td>\n<td width=\"64\">&nbsp;<\/td>\n<\/tr>\n<tr>\n<td width=\"643\">+ Joann\u0119 PI\u0141ACK\u0104 (greg. 29.)<\/td>\n<td width=\"64\">&nbsp;<\/td>\n<\/tr>\n<tr>\n<td width=\"643\">+ Jana i W\u0142adys\u0142aw\u0119 K\u0141OSZEWSKICH i ich rodzic\u00f3w.<\/td>\n<td width=\"64\">&nbsp;<\/td>\n<\/tr>\n<tr>\n<td colspan=\"2\" width=\"699\">&nbsp;<\/td>\n<\/tr>\n<tr>\n<td colspan=\"2\" width=\"699\">\n<p style=\"text-align: center;\"><strong>\u015aRODA (30 pa\u017adziernika)<\/strong><\/p>\n<\/td>\n<\/tr>\n<tr>\n<td width=\"643\">+ Joann\u0119 PI\u0141ACK\u0104 (greg. 30.)<\/td>\n<td width=\"64\">&nbsp;<\/td>\n<\/tr>\n<tr>\n<td width=\"643\">+ Henryk\u0119, Stanis\u0142awa, Jerzego, Andrzejka CZERBNIAK,<br \/>\n&nbsp;&nbsp; Mari\u0119, Stanis\u0142awa, Rysia RADKOWSKICH.<\/td>\n<td width=\"64\">&nbsp;<\/td>\n<\/tr>\n<tr>\n<td width=\"643\"><strong>NOWENNA<\/strong><\/p>\n<p>\u00b7&nbsp;&nbsp;&nbsp;&nbsp;&nbsp; Intencja dzi\u0119kczynno-b\u0142agalna za Stanis\u0142aw\u0119 G\u0141USZCZAK (95 r. urodzin).<\/td>\n<td width=\"64\">&nbsp;<\/td>\n<\/tr>\n<tr>\n<td colspan=\"2\" width=\"699\"><strong>&nbsp;<\/strong><\/td>\n<\/tr>\n<tr>\n<td colspan=\"2\" width=\"699\">\n<p style=\"text-align: center;\"><strong>CZWARTEK&nbsp; (31 pa\u017adziernika)<\/strong><\/p>\n<\/td>\n<\/tr>\n<tr>\n<td width=\"643\">\u00b7&nbsp;&nbsp;&nbsp;&nbsp;&nbsp; O nawr\u00f3cenie Kamilki, Marcina, Dominiki, Amadeusza, Huberta i Adeliny.<\/td>\n<td width=\"64\">&nbsp;<\/td>\n<\/tr>\n<tr>\n<td width=\"643\">+ Jadwig\u0119 i Stanis\u0142awa B\u0141A\u017bEWICZ\u00d3W,<br \/>\n&nbsp;&nbsp; Jana, Regin\u0119, Wies\u0142aw\u0119 i Henryka D\u0104BROWSKICH.<\/td>\n<td width=\"64\">&nbsp;<\/td>\n<\/tr>\n<tr>\n<td width=\"643\">+ Juliana i Mari\u0119 KOS\u00d3W (40 r. \u015bm.)<\/td>\n<td width=\"64\">&nbsp;<\/td>\n<\/tr>\n<tr>\n<td colspan=\"2\" width=\"699\"><strong>&nbsp;<\/strong><\/td>\n<\/tr>\n<tr>\n<td colspan=\"2\" width=\"699\">\n<p style=\"text-align: center;\"><strong>PI\u0104TEK (1 listopada )<\/strong><\/p>\n<p style=\"text-align: center;\"><strong>Uroczysto\u015b\u0107 Wszystkich \u015awi\u0119tych<\/strong><\/p>\n<\/td>\n<\/tr>\n<tr>\n<td width=\"643\">+ Barbar\u0119 RUTKOWSK\u0104.<\/td>\n<td width=\"64\">&nbsp;<\/td>\n<\/tr>\n<tr>\n<td width=\"643\">+ W intencjach cz\u0142onk\u00f3w Legionu Maryi i \u017bywego R\u00f3\u017ca\u0144ca.<\/td>\n<td width=\"64\">&nbsp;<\/td>\n<\/tr>\n<tr>\n<td width=\"643\">+ Henryka FR\u0104CZEK.<\/td>\n<td width=\"64\">&nbsp;<\/td>\n<\/tr>\n<tr>\n<td width=\"643\">+ &nbsp;Msza gregoria\u0144ska za naszych bliskich zmar\u0142ych (1).<\/p>\n<p><strong>PROCESJA WYPOMINKOWA Z MODLITW\u0104 ZA ZMAR\u0141YCH<\/strong><\/td>\n<td width=\"64\">&nbsp;<\/td>\n<\/tr>\n<tr>\n<td colspan=\"2\" width=\"699\"><strong>&nbsp;<\/strong><\/td>\n<\/tr>\n<tr>\n<td colspan=\"2\" width=\"699\">\n<p style=\"text-align: center;\"><strong>SOBOTA (2 listopada)<\/strong><\/p>\n<p style=\"text-align: center;\"><strong>Dzie\u0144 zaduszny &#8211; wspomnienie wszystkich wiernych zmar\u0142ych<\/strong><\/p>\n<\/td>\n<\/tr>\n<tr>\n<td width=\"643\">+ Marka PR\u00d3B\u0118.<\/td>\n<td width=\"64\">&nbsp;<\/td>\n<\/tr>\n<tr>\n<td width=\"643\">+ Za zmar\u0142ych z rodziny GO\u0141\u0118BIEWSKICH, WOJCIESZUK\u00d3W, DUCH\u00d3W i d.w.cz.c.<\/td>\n<td width=\"64\">&nbsp;<\/td>\n<\/tr>\n<tr>\n<td width=\"643\">+ Paw\u0142a WOJTYSIAKA.<\/p>\n<p><strong>PROCESJA WYPOMINKOWA Z MODLITW\u0104 ZA ZMAR\u0141YCH<\/strong><\/td>\n<td width=\"64\">&nbsp;<\/td>\n<\/tr>\n<tr>\n<td width=\"643\">+ Msza gregoria\u0144ska za naszych bliskich zmar\u0142ych (2).<\/p>\n<p><strong>PROCESJA WYPOMINKOWA Z MODLITW\u0104 ZA ZMAR\u0141YCH<\/strong><\/td>\n<td width=\"64\">&nbsp;<\/td>\n<\/tr>\n<\/tbody>\n<\/table>\n<\/div><\/section>\n","protected":false},"excerpt":{"rendered":"","protected":false},"author":1,"featured_media":3833,"comment_status":"closed","ping_status":"closed","sticky":false,"template":"","format":"standard","meta":{"ngg_post_thumbnail":0,"footnotes":""},"categories":[3],"tags":[],"class_list":["post-5549","post","type-post","status-publish","format-standard","has-post-thumbnail","hentry","category-ogloszenia-duszpasterskie"],"_links":{"self":[{"href":"https:\/\/mbloretanska.pl\/index.php?rest_route=\/wp\/v2\/posts\/5549","targetHints":{"allow":["GET"]}}],"collection":[{"href":"https:\/\/mbloretanska.pl\/index.php?rest_route=\/wp\/v2\/posts"}],"about":[{"href":"https:\/\/mbloretanska.pl\/index.php?rest_route=\/wp\/v2\/types\/post"}],"author":[{"embeddable":true,"href":"https:\/\/mbloretanska.pl\/index.php?rest_route=\/wp\/v2\/users\/1"}],"replies":[{"embeddable":true,"href":"https:\/\/mbloretanska.pl\/index.php?rest_route=%2Fwp%2Fv2%2Fcomments&post=5549"}],"version-history":[{"count":1,"href":"https:\/\/mbloretanska.pl\/index.php?rest_route=\/wp\/v2\/posts\/5549\/revisions"}],"predecessor-version":[{"id":5550,"href":"https:\/\/mbloretanska.pl\/index.php?rest_route=\/wp\/v2\/posts\/5549\/revisions\/5550"}],"wp:featuredmedia":[{"embeddable":true,"href":"https:\/\/mbloretanska.pl\/index.php?rest_route=\/wp\/v2\/media\/3833"}],"wp:attachment":[{"href":"https:\/\/mbloretanska.pl\/index.php?rest_route=%2Fwp%2Fv2%2Fmedia&parent=5549"}],"wp:term":[{"taxonomy":"category","embeddable":true,"href":"https:\/\/mbloretanska.pl\/index.php?rest_route=%2Fwp%2Fv2%2Fcategories&post=5549"},{"taxonomy":"post_tag","embeddable":true,"href":"https:\/\/mbloretanska.pl\/index.php?rest_route=%2Fwp%2Fv2%2Ftags&post=5549"}],"curies":[{"name":"wp","href":"https:\/\/api.w.org\/{rel}","templated":true}]}}