{"id":5508,"date":"2024-09-06T08:48:18","date_gmt":"2024-09-06T06:48:18","guid":{"rendered":"https:\/\/mbloretanska.pl\/?p=5508"},"modified":"2024-09-06T08:48:18","modified_gmt":"2024-09-06T06:48:18","slug":"xxiii-niedziela-zwykla-08-09-2024","status":"publish","type":"post","link":"https:\/\/mbloretanska.pl\/?p=5508","title":{"rendered":"XXIII niedziela zwyk\u0142a 08.09.2024"},"content":{"rendered":"<section  class='av_textblock_section av-m0qcsybq-e7af2d38bd84f8f75f7299843f372539 '   itemscope=\"itemscope\" itemtype=\"https:\/\/schema.org\/BlogPosting\" itemprop=\"blogPost\" ><div class='avia_textblock'  itemprop=\"text\" ><p class=\"gmail-MsoListParagraphCxSpFirst\">1.&nbsp;&nbsp;&nbsp;&nbsp; Dzi\u015b go\u015bcimy w naszej parafii o. Leona Barczaka (OFM), kt\u00f3ry przez g\u0142oszenie S\u0142owa Bo\u017cego przygotowuje nas i wprowadza w misje parafialne. B\u0119dziemy je wsp\u00f3lnie prze\u017cywa\u0107 w dniach od 13 do 20 pa\u017adziernika. Serdecznie zapraszamy. Tekst modlitwy o \u0142aski misyjne znajdziemy w gazetce i na stronie internetowej.<\/p>\n<p class=\"gmail-MsoListParagraphCxSpMiddle\">2.&nbsp;&nbsp;&nbsp;&nbsp; Dzisiaj po Mszy wieczornej spotkanie kandydat\u00f3w do bierzmowania.<\/p>\n<p class=\"gmail-MsoListParagraphCxSpMiddle\">3.&nbsp;&nbsp;&nbsp;&nbsp; Z racji II niedzieli miesi\u0105ca taca na inwestycje parafialne. Za tydzie\u0144 na seminarium duchowne. Dzi\u0119kujemy za wszystkie materialne ofiary.<\/p>\n<p class=\"gmail-MsoListParagraphCxSpMiddle\">4.&nbsp;&nbsp;&nbsp;&nbsp; W tym tygodniu planujemy rozpocz\u0119cie II etapu prac remontowych naszej \u015bwi\u0105tyni. Obejmie on kolejn\u0105 cz\u0119\u015b\u0107 dachu ko\u015bcio\u0142a. Ze wzgl\u0119du na roboty budowlane cz\u0119\u015b\u0107 terenu wok\u00f3\u0142 ko\u015bcio\u0142a b\u0119dzie wy\u0142\u0105czona z u\u017cytkowania.<\/p>\n<p class=\"gmail-MsoListParagraphCxSpMiddle\">5.&nbsp;&nbsp;&nbsp;&nbsp; W pi\u0105tek 13.09 po Mszy wieczornej zapraszamy na nabo\u017ce\u0144stwo fatimskie. Intencje do r\u00f3\u017ca\u0144ca mo\u017cemy sk\u0142ada\u0107 do ksi\u0119\u017cy oraz do skarbonki przy kaplicy \u015bw. Antoniego. O godz. 18.00 Msza \u015bw. w intencji os\u00f3b zamordowanych oraz zadr\u0119czonych przez NKWD i UB w praskich katowniach.<\/p>\n<p class=\"gmail-MsoListParagraphCxSpLast\">6.&nbsp;&nbsp;&nbsp;&nbsp; W sobot\u0119 14.09 \u015awi\u0119to Podwy\u017cszenia Krzy\u017ca \u015awi\u0119tego.<\/p>\n<p class=\"gmail-m-7203742402010616394msolistnumber\">7.&nbsp;&nbsp;&nbsp;&nbsp; Biblioteka im. Ksi\u0119dza Jana Twardowskiego przy ul. Skoczylasa 9 zaprasza na wydarzenie kulturalne pt. \u201eKinder Bal Twardowskiego\u201d. Odb\u0119dzie si\u0119 on w najbli\u017csz\u0105 sobot\u0119 &nbsp;14.09 w godz. od 10.00 do 17.00. W ramach spotkania z drugim cz\u0142owiekiem i \u015bwiatem w duchu ks. Jana przewidziane s\u0105 m.in.: spacer \u015bladami praskich kapliczek, warsztaty rysunku i kola\u017cu, spektakl interaktywny, konkursy, gry i wystawa fotografii po\u015bwi\u0119cona ks. Twardowskiemu. Serdecznie polecamy.<\/p>\n<p class=\"gmail-m-7203742402010616394msolistnumber\">8.&nbsp;&nbsp;&nbsp;&nbsp; Za tydzie\u0144 na Mszy \u015bw. o godz. 11.00 po\u015bwi\u0119cenie plecak\u00f3w i przybor\u00f3w szkolnych, aby pomaga\u0142y w nauce i rozwijaniu talent\u00f3w.<\/p>\n<p class=\"gmail-m-7203742402010616394msolistnumber\">9.&nbsp;&nbsp;&nbsp;&nbsp; Spotkanie pokolonijne dla rodzic\u00f3w i dzieci, kt\u00f3re w tym roku bra\u0142y udzia\u0142&nbsp; w koloniach w Bieszczadach odb\u0119dzie si\u0119 we wtorek, 10 wrze\u015bnia o godz. 19 w salce przy kancelarii.<\/p>\n<p class=\"gmail-MsoListParagraphCxSpFirst\">10.&nbsp; &nbsp;Na stoliku prasowym znajdziemy nowy numer tygodnika<i> Idziemy <\/i>oraz gazetk\u0119 parafialn\u0105 <i>We\u017a Ewangeli\u0119 do domu<\/i>.<\/p>\n<\/div><\/section>\n","protected":false},"excerpt":{"rendered":"","protected":false},"author":1,"featured_media":3832,"comment_status":"closed","ping_status":"closed","sticky":false,"template":"","format":"standard","meta":{"ngg_post_thumbnail":0,"footnotes":""},"categories":[3],"tags":[],"class_list":["post-5508","post","type-post","status-publish","format-standard","has-post-thumbnail","hentry","category-ogloszenia-duszpasterskie"],"_links":{"self":[{"href":"https:\/\/mbloretanska.pl\/index.php?rest_route=\/wp\/v2\/posts\/5508","targetHints":{"allow":["GET"]}}],"collection":[{"href":"https:\/\/mbloretanska.pl\/index.php?rest_route=\/wp\/v2\/posts"}],"about":[{"href":"https:\/\/mbloretanska.pl\/index.php?rest_route=\/wp\/v2\/types\/post"}],"author":[{"embeddable":true,"href":"https:\/\/mbloretanska.pl\/index.php?rest_route=\/wp\/v2\/users\/1"}],"replies":[{"embeddable":true,"href":"https:\/\/mbloretanska.pl\/index.php?rest_route=%2Fwp%2Fv2%2Fcomments&post=5508"}],"version-history":[{"count":1,"href":"https:\/\/mbloretanska.pl\/index.php?rest_route=\/wp\/v2\/posts\/5508\/revisions"}],"predecessor-version":[{"id":5509,"href":"https:\/\/mbloretanska.pl\/index.php?rest_route=\/wp\/v2\/posts\/5508\/revisions\/5509"}],"wp:featuredmedia":[{"embeddable":true,"href":"https:\/\/mbloretanska.pl\/index.php?rest_route=\/wp\/v2\/media\/3832"}],"wp:attachment":[{"href":"https:\/\/mbloretanska.pl\/index.php?rest_route=%2Fwp%2Fv2%2Fmedia&parent=5508"}],"wp:term":[{"taxonomy":"category","embeddable":true,"href":"https:\/\/mbloretanska.pl\/index.php?rest_route=%2Fwp%2Fv2%2Fcategories&post=5508"},{"taxonomy":"post_tag","embeddable":true,"href":"https:\/\/mbloretanska.pl\/index.php?rest_route=%2Fwp%2Fv2%2Ftags&post=5508"}],"curies":[{"name":"wp","href":"https:\/\/api.w.org\/{rel}","templated":true}]}}