{"id":5409,"date":"2024-06-23T11:35:59","date_gmt":"2024-06-23T09:35:59","guid":{"rendered":"https:\/\/mbloretanska.pl\/?p=5409"},"modified":"2024-06-23T11:36:00","modified_gmt":"2024-06-23T09:36:00","slug":"intencje-mszalne-23-29-06-2024","status":"publish","type":"post","link":"https:\/\/mbloretanska.pl\/?p=5409","title":{"rendered":"intencje mszalne 23-29.06.2024"},"content":{"rendered":"<section  class='av_textblock_section av-lxrcs2v1-b5fed197d304da4f59d7ff8a41e203f1 '   itemscope=\"itemscope\" itemtype=\"https:\/\/schema.org\/BlogPosting\" itemprop=\"blogPost\" ><div class='avia_textblock'  itemprop=\"text\" ><table style=\"font-weight: 400;\" width=\"699\">\n<tbody>\n<tr>\n<td colspan=\"2\" width=\"699\"><strong>&nbsp;<\/strong><\/td>\n<\/tr>\n<tr>\n<td colspan=\"2\" width=\"699\">\n<p style=\"text-align: center;\"><strong>XII NIEDZIELA ZWYK\u0141A<\/strong><\/p>\n<p style=\"text-align: center;\"><strong>(23 czerwca 2024 r.)<\/strong><\/p>\n<\/td>\n<\/tr>\n<tr>\n<td width=\"56\"><strong>7:00<\/strong><\/td>\n<td width=\"643\">+ Henryka FR\u0104CZEK (greg. 23.)<\/td>\n<\/tr>\n<tr>\n<td width=\"56\"><strong>8:30<\/strong><\/td>\n<td width=\"643\">+ Iren\u0119 i W\u0142adys\u0142awa OSTAS\u00d3W, Halin\u0119 i Mariana \u0141AWECKICH wraz z synami.<\/td>\n<\/tr>\n<tr>\n<td width=\"56\"><strong>10:00<\/strong><\/td>\n<td width=\"643\">+ za zm. z r. ZI\u00d3\u0141KOWSKICH, MAZA\u0143SKICH, GAJEWSKICH, PIWEK, WNUK<br \/>\n&nbsp;&nbsp; oraz Hann\u0119 GARASI\u0143SK\u0104.<\/td>\n<\/tr>\n<tr>\n<td width=\"56\"><strong>11:00<\/strong><\/td>\n<td width=\"643\">\u00b7&nbsp;&nbsp;&nbsp;&nbsp;&nbsp; O potrzebne \u0142aski i si\u0142y oraz o opiek\u0119 M.B. Loreta\u0144skiej dla Janiny z racji imienin.<\/td>\n<\/tr>\n<tr>\n<td width=\"56\"><strong>12:30<\/strong><\/td>\n<td width=\"643\">+ Halin\u0119 PIECHNAT (int. urodzinowa).<\/p>\n<p>+ Krystyn\u0119 BANASZKIEWICZ (30 dzie\u0144 po \u015bmierci).<\/p>\n<p>+ Danut\u0119 BAJKOWSK\u0104 (10 r. \u015bm. oraz z racji imienin).<\/td>\n<\/tr>\n<tr>\n<td width=\"56\"><strong>18:00<\/strong><\/td>\n<td width=\"643\">\u00b7&nbsp;&nbsp;&nbsp;&nbsp;&nbsp; W intencji Krzysztofa i Agnieszki w 8 r. zawarcia sakramentu ma\u0142\u017ce\u0144stwa,<br \/>\nz podzi\u0119kowaniem za otrzymane \u0142aski i pro\u015bb\u0105 o dalsze b\u0142ogos\u0142awie\u0144stwo.<\/td>\n<\/tr>\n<tr>\n<td colspan=\"2\" width=\"699\"><strong>&nbsp;<\/strong><\/td>\n<\/tr>\n<tr>\n<td colspan=\"2\" width=\"699\">\n<p style=\"text-align: center;\"><strong>PONIEDZIA\u0141EK (24 czerwca) <\/strong><\/p>\n<p style=\"text-align: center;\"><strong>Narodziny \u015bw. Jana Chrzciciela \u2013 uroczysto\u015b\u0107 <\/strong><\/p>\n<\/td>\n<\/tr>\n<tr>\n<td width=\"56\"><strong>7:00<\/strong><\/td>\n<td width=\"643\">+ Henryka FR\u0104CZEK (greg. 24.)<\/td>\n<\/tr>\n<tr>\n<td width=\"56\"><strong>8:00<\/strong><\/td>\n<td width=\"643\">+ Jana KOWALKOWSKIEGO, Mariann\u0119 i Franciszka MIELNICKICH.<\/td>\n<\/tr>\n<tr>\n<td width=\"56\"><strong>18:00<\/strong><\/td>\n<td width=\"643\">+ Janin\u0119 i Antoniego KULIGOWSKICH.<\/td>\n<\/tr>\n<tr>\n<td colspan=\"2\" width=\"699\">&nbsp;<\/td>\n<\/tr>\n<tr>\n<td colspan=\"2\" width=\"699\">\n<p style=\"text-align: center;\"><strong>WTOREK (25 czerwca)<\/strong><\/p>\n<\/td>\n<\/tr>\n<tr>\n<td width=\"56\"><strong>7:00<\/strong><\/td>\n<td width=\"643\">+ Marzen\u0119, Beat\u0119 i W\u0142adys\u0142awa KRAWCZYK oraz W\u0142adys\u0142aw\u0119 MICHALSK\u0104.<\/td>\n<\/tr>\n<tr>\n<td width=\"56\"><strong>8:00<\/strong><\/td>\n<td width=\"643\">+ Henryka FR\u0104CZEK (greg. 25.)<\/td>\n<\/tr>\n<tr>\n<td width=\"56\"><strong>18:00<\/strong><\/td>\n<td width=\"643\">+ Bogdana ZIELI\u0143SKIEGO, Romuald\u0119 TARNOWSK\u0104 (30 r. \u015bm.)<br \/>\n&nbsp;&nbsp; i zm. z rodziny JE\u017bUCHOWSKICH.<\/td>\n<\/tr>\n<tr>\n<td colspan=\"2\" width=\"699\">&nbsp;<\/td>\n<\/tr>\n<tr>\n<td colspan=\"2\" width=\"699\">\n<p style=\"text-align: center;\"><strong>\u015aRODA (26 czerwca)<\/strong><\/p>\n<\/td>\n<\/tr>\n<tr>\n<td width=\"56\"><strong>7:00<\/strong><\/td>\n<td width=\"643\">+ Henryka FR\u0104CZEK (greg. 26.)<\/td>\n<\/tr>\n<tr>\n<td width=\"56\"><strong>8:00<\/strong><\/td>\n<td width=\"643\">+ Ryszarda W\u00d3JCICKIEGO (19 r. \u015bm.)<\/td>\n<\/tr>\n<tr>\n<td width=\"56\"><strong>17:45<\/strong><\/td>\n<td width=\"643\">\u00b7&nbsp;&nbsp;&nbsp;&nbsp;&nbsp; nawr\u00f3cenie dla Paw\u0142a.<\/p>\n<p>+ Janin\u0119 PISARSK\u0104 (20 r. \u015bm.)<\/p>\n<p>+ Piotra KULESZ\u0118.<\/td>\n<\/tr>\n<tr>\n<td colspan=\"2\" width=\"699\"><strong>&nbsp;<\/strong><\/td>\n<\/tr>\n<tr>\n<td colspan=\"2\" width=\"699\">\n<p style=\"text-align: center;\"><strong>CZWARTEK<\/strong><\/p>\n<p style=\"text-align: center;\"><strong>(27 czerwca)<\/strong><\/p>\n<\/td>\n<\/tr>\n<tr>\n<td width=\"56\"><strong>7:00<\/strong><\/td>\n<td width=\"643\">+ Henryka FR\u0104CZEK (greg. 27.)<\/td>\n<\/tr>\n<tr>\n<td width=\"56\"><strong>8:00<\/strong><\/td>\n<td width=\"643\">+ Jacka SAWO\u015aKO (2 r. \u015bm.)<\/td>\n<\/tr>\n<tr>\n<td width=\"56\"><strong>18:00<\/strong><\/td>\n<td width=\"643\">+ Ks. W\u0142adys\u0142awa GOLI\u0143SKIEGO, ks. W\u0142adys\u0142awa KIESZKA,<br \/>\n&nbsp;&nbsp; W\u0142adys\u0142awa i Boles\u0142awa GOLI\u0143SKICH.<\/td>\n<\/tr>\n<tr>\n<td colspan=\"2\" width=\"699\"><strong>&nbsp;<\/strong><\/td>\n<\/tr>\n<tr>\n<td colspan=\"2\" width=\"699\">\n<p style=\"text-align: center;\"><strong>PI\u0104TEK (28 czerwca)<\/strong><\/p>\n<p style=\"text-align: center;\"><strong>\u015aw. Ireneusza, biskupa i m\u0119czennika \u2013 wspomnienie <\/strong><\/p>\n<\/td>\n<\/tr>\n<tr>\n<td width=\"56\"><strong>7:00<\/strong><\/td>\n<td width=\"643\">+ Ann\u0119 FILARECK\u0104 (intencja od chrze\u015bniaka Wojtka)<\/td>\n<\/tr>\n<tr>\n<td width=\"56\"><strong>8:00<\/strong><\/td>\n<td width=\"643\">+ Paw\u0142a KOKOTA i zm. z r. KOKOT\u00d3W i JAWORSKICH.<\/td>\n<\/tr>\n<tr>\n<td width=\"56\"><strong>18:00<\/strong><\/td>\n<td width=\"643\">+ Henryka FR\u0104CZEK (greg. 28.)<\/td>\n<\/tr>\n<tr>\n<td colspan=\"2\" width=\"699\"><strong>&nbsp;<\/strong><\/td>\n<\/tr>\n<tr>\n<td colspan=\"2\" width=\"699\">\n<p style=\"text-align: center;\"><strong>SOBOTA (29 czerwca)<\/strong><\/p>\n<p style=\"text-align: center;\"><strong>\u015aw. Aposto\u0142\u00f3w Piotra i Paw\u0142a \u2013 uroczysto\u015b\u0107 <\/strong><\/p>\n<\/td>\n<\/tr>\n<tr>\n<td width=\"56\"><strong>7:00<\/strong><\/td>\n<td width=\"643\">+ Henryka FR\u0104CZEK (greg. 29.)<\/td>\n<\/tr>\n<tr>\n<td width=\"56\"><strong>8:00<\/strong><\/td>\n<td width=\"643\">+ Piotra ZY\u015aK (z racji imienin) i W\u0142adys\u0142awa \u015aWIERZBIO\u0141KA.<\/td>\n<\/tr>\n<tr>\n<td width=\"56\"><strong>18:00<\/strong><\/td>\n<td width=\"643\">+ Paw\u0142a WOJTYSIAKA.<\/td>\n<\/tr>\n<\/tbody>\n<\/table>\n<\/div><\/section>\n","protected":false},"excerpt":{"rendered":"","protected":false},"author":1,"featured_media":3833,"comment_status":"closed","ping_status":"closed","sticky":false,"template":"","format":"standard","meta":{"ngg_post_thumbnail":0,"footnotes":""},"categories":[6],"tags":[],"class_list":["post-5409","post","type-post","status-publish","format-standard","has-post-thumbnail","hentry","category-intencje-mszalne"],"_links":{"self":[{"href":"https:\/\/mbloretanska.pl\/index.php?rest_route=\/wp\/v2\/posts\/5409","targetHints":{"allow":["GET"]}}],"collection":[{"href":"https:\/\/mbloretanska.pl\/index.php?rest_route=\/wp\/v2\/posts"}],"about":[{"href":"https:\/\/mbloretanska.pl\/index.php?rest_route=\/wp\/v2\/types\/post"}],"author":[{"embeddable":true,"href":"https:\/\/mbloretanska.pl\/index.php?rest_route=\/wp\/v2\/users\/1"}],"replies":[{"embeddable":true,"href":"https:\/\/mbloretanska.pl\/index.php?rest_route=%2Fwp%2Fv2%2Fcomments&post=5409"}],"version-history":[{"count":1,"href":"https:\/\/mbloretanska.pl\/index.php?rest_route=\/wp\/v2\/posts\/5409\/revisions"}],"predecessor-version":[{"id":5410,"href":"https:\/\/mbloretanska.pl\/index.php?rest_route=\/wp\/v2\/posts\/5409\/revisions\/5410"}],"wp:featuredmedia":[{"embeddable":true,"href":"https:\/\/mbloretanska.pl\/index.php?rest_route=\/wp\/v2\/media\/3833"}],"wp:attachment":[{"href":"https:\/\/mbloretanska.pl\/index.php?rest_route=%2Fwp%2Fv2%2Fmedia&parent=5409"}],"wp:term":[{"taxonomy":"category","embeddable":true,"href":"https:\/\/mbloretanska.pl\/index.php?rest_route=%2Fwp%2Fv2%2Fcategories&post=5409"},{"taxonomy":"post_tag","embeddable":true,"href":"https:\/\/mbloretanska.pl\/index.php?rest_route=%2Fwp%2Fv2%2Ftags&post=5409"}],"curies":[{"name":"wp","href":"https:\/\/api.w.org\/{rel}","templated":true}]}}