{"id":5393,"date":"2024-06-06T11:53:33","date_gmt":"2024-06-06T09:53:33","guid":{"rendered":"https:\/\/mbloretanska.pl\/?p=5393"},"modified":"2024-06-06T11:54:10","modified_gmt":"2024-06-06T09:54:10","slug":"x-niedziela-zwykla-09-06-2024","status":"publish","type":"post","link":"https:\/\/mbloretanska.pl\/?p=5393","title":{"rendered":"X niedziela zwyk\u0142a 09.06.2024"},"content":{"rendered":"<section  class='av_textblock_section av-lx32wi1o-4a915e0ea041713c50bc3cf645015893 '   itemscope=\"itemscope\" itemtype=\"https:\/\/schema.org\/BlogPosting\" itemprop=\"blogPost\" ><div class='avia_textblock'  itemprop=\"text\" ><p class=\"gmail-MsoListParagraphCxSpFirst\"><span data-ogsc=\"rgb(51, 51, 51)\">1.&nbsp;&nbsp;&nbsp;&nbsp; <\/span>Dzi\u015b o godz. 12.30 Msza \u015bw. w intencji poleg\u0142ych \u017co\u0142nierzy z 36 Pu\u0142ku Piechoty Legii Akademickiej. Po Mszy pokaz wyposa\u017cenia Wojska Polskiego z okresu II Rzeczypospolitej.<\/p>\n<p class=\"gmail-MsoListParagraphCxSpFirst\"><span data-ogsc=\"rgb(51, 51, 51)\">2.&nbsp;&nbsp;&nbsp;&nbsp; <\/span>&nbsp;Po Mszy wieczornej o 18.00 spotkanie kandydat\u00f3w do bierzmowania.<\/p>\n<p class=\"gmail-MsoListParagraphCxSpMiddle\"><span data-ogsc=\"rgb(51, 51, 51)\">3. &nbsp; &nbsp; <\/span>Jutro, w poniedzia\u0142ek kancelaria parafialna w godz. 10.00 &#8211; 11.00 b\u0119dzie nieczynna. Pozosta\u0142e godziny bez zmian.<\/p>\n<p class=\"gmail-MsoListParagraphCxSpMiddle\"><span data-ogsc=\"rgb(51, 51, 51)\">4.&nbsp;&nbsp;&nbsp;&nbsp; <\/span><strong>W<\/strong><strong><span data-ogsc=\"black\"> czwartek 13.06 po Mszy wieczornej zapraszamy na nabo\u017ce\u0144stwo fatimskie. <\/span><\/strong>Intencje do r\u00f3\u017ca\u0144ca mo\u017cemy sk\u0142ada\u0107 do ksi\u0119\u017cy oraz do skarbonki przy kaplicy \u015bw. Antoniego.<\/p>\n<p class=\"gmail-MsoListParagraphCxSpMiddle\"><span data-ogsc=\"rgb(51, 51, 51)\">5.&nbsp;&nbsp;&nbsp; <\/span>Zapraszamy na nabo\u017ce\u0144stwa czerwcowe z litani\u0105 do Naj\u015bwi\u0119tszego Serca Pana Jezusa, kt\u00f3re odprawiamy codziennie po Mszy o godz. 18.00.<\/p>\n<p class=\"gmail-MsoListParagraphCxSpMiddle\"><span data-ogsc=\"rgb(51, 51, 51)\">6.&nbsp;&nbsp;&nbsp; <\/span><span data-ogsc=\"rgb(33, 37, 41)\">W imieniu organizator\u00f3w<\/span><span data-ogsc=\"rgb(33, 37, 41)\"> z<\/span><span data-ogsc=\"rgb(33, 37, 41)\">apraszamy wszystkich parafian do udzia\u0142u w warszawskim Marszu dla \u017bycia&nbsp; i Rodziny, kt\u00f3ry odb\u0119dzie si\u0119 za tydzie\u0144 w<\/span> <span data-ogsc=\"rgb(33, 37, 41)\">niedziel\u0119 16 czerwca. Potrzeba naszej jedno\u015bci&nbsp; w sprawach ochrony \u017cycia, rodziny, Ojczyzny i obecno\u015bci krzy\u017ca w przestrzeni publicznej. Szczeg\u00f3\u0142y na plakatach, na ulotkach oraz na stronie <a title=\"http:\/\/niezdejmujkrzyza.pl\" href=\"http:\/\/niezdejmujkrzyza.pl\/\" data-ogsc=\"\">niezdejmujkrzyza.pl<\/a>.<\/span><\/p>\n<p class=\"gmail-MsoListParagraphCxSpLast\"><span data-ogsc=\"rgb(51, 51, 51)\">7.&nbsp;&nbsp;&nbsp; <\/span>Z racji II niedzieli miesi\u0105ca dzisiejsza taca przeznaczona jest na inwestycje parafialne. Przygotowujemy si\u0119 do II etapu remontu dachu ko\u015bcio\u0142a, do odnowienia krzy\u017ca oraz usuni\u0119cia malowid\u0142a golgoty wraz z figurami znad o\u0142tarza.<\/p>\n<p><span data-ogsc=\"rgb(51, 51, 51)\">8. &nbsp; &nbsp; <\/span><span data-ogsc=\"rgb(33, 37, 41)\">W miesi\u0105cach wakacyjnych tzn. w lipcu i w sierpniu nast\u0105pi zmiana w porz\u0105dku&nbsp; niedzielnych Mszy \u015bw. Nie b\u0119dzie przez te dwa miesi\u0105ce Mszy \u015bw. o godz. 12.30. Wsp\u00f3lna Msza \u015bw. parafialna b\u0119dzie o godz. 11.00.&nbsp; Wszystkie pozosta\u0142e godziny pozostaj\u0105 bez zmian. <\/span><\/p>\n<p class=\"gmail-MsoListParagraphCxSpFirst\"><span data-ogsc=\"rgb(51, 51, 51)\">9.&nbsp;&nbsp;&nbsp;&nbsp; <\/span>W dniach od 13 do 20 pa\u017adziernika tego roku b\u0119dziemy w naszej parafii prze\u017cywa\u0107 misje \u015bwi\u0119te. B\u0119dzie je prowadzi\u0142 franciszkanin o. Leon Bartczak OFM. Misje, to szczeg\u00f3lny czas \u0142aski dla ka\u017cdej i ka\u017cdego z nas z osobna, dla naszych rodzin oraz ca\u0142ej parafii. Serdecznie wszystkich zapraszamy. Zechciejmy ju\u017c ten termin&nbsp; 13-20 pa\u017adziernika zapisa\u0107 w swoim kalendarzu.<\/p>\n<p class=\"gmail-MsoListParagraphCxSpMiddle\"><span data-ogsc=\"rgb(51, 51, 51)\">10.&nbsp;&nbsp;&nbsp; <\/span>Na stoliku prasowym znajdziemy<i> <\/i>tygodnik<i> Idziemy <\/i>oraz gazetk\u0119 parafialn\u0105 <i>We\u017a&nbsp;&nbsp;&nbsp; Ewangeli\u0119 do domu<\/i>.&nbsp;<\/p>\n<\/div><\/section>\n","protected":false},"excerpt":{"rendered":"","protected":false},"author":1,"featured_media":3832,"comment_status":"closed","ping_status":"closed","sticky":false,"template":"","format":"standard","meta":{"ngg_post_thumbnail":0,"footnotes":""},"categories":[3],"tags":[],"class_list":["post-5393","post","type-post","status-publish","format-standard","has-post-thumbnail","hentry","category-ogloszenia-duszpasterskie"],"_links":{"self":[{"href":"https:\/\/mbloretanska.pl\/index.php?rest_route=\/wp\/v2\/posts\/5393","targetHints":{"allow":["GET"]}}],"collection":[{"href":"https:\/\/mbloretanska.pl\/index.php?rest_route=\/wp\/v2\/posts"}],"about":[{"href":"https:\/\/mbloretanska.pl\/index.php?rest_route=\/wp\/v2\/types\/post"}],"author":[{"embeddable":true,"href":"https:\/\/mbloretanska.pl\/index.php?rest_route=\/wp\/v2\/users\/1"}],"replies":[{"embeddable":true,"href":"https:\/\/mbloretanska.pl\/index.php?rest_route=%2Fwp%2Fv2%2Fcomments&post=5393"}],"version-history":[{"count":2,"href":"https:\/\/mbloretanska.pl\/index.php?rest_route=\/wp\/v2\/posts\/5393\/revisions"}],"predecessor-version":[{"id":5396,"href":"https:\/\/mbloretanska.pl\/index.php?rest_route=\/wp\/v2\/posts\/5393\/revisions\/5396"}],"wp:featuredmedia":[{"embeddable":true,"href":"https:\/\/mbloretanska.pl\/index.php?rest_route=\/wp\/v2\/media\/3832"}],"wp:attachment":[{"href":"https:\/\/mbloretanska.pl\/index.php?rest_route=%2Fwp%2Fv2%2Fmedia&parent=5393"}],"wp:term":[{"taxonomy":"category","embeddable":true,"href":"https:\/\/mbloretanska.pl\/index.php?rest_route=%2Fwp%2Fv2%2Fcategories&post=5393"},{"taxonomy":"post_tag","embeddable":true,"href":"https:\/\/mbloretanska.pl\/index.php?rest_route=%2Fwp%2Fv2%2Ftags&post=5393"}],"curies":[{"name":"wp","href":"https:\/\/api.w.org\/{rel}","templated":true}]}}