{"id":5391,"date":"2024-06-02T10:05:01","date_gmt":"2024-06-02T08:05:01","guid":{"rendered":"https:\/\/mbloretanska.pl\/?p=5391"},"modified":"2024-06-02T10:05:01","modified_gmt":"2024-06-02T08:05:01","slug":"intencje-mszalne-02-08-06-2024","status":"publish","type":"post","link":"https:\/\/mbloretanska.pl\/?p=5391","title":{"rendered":"intencje mszalne 02-08.06.2024"},"content":{"rendered":"<section  class='av_textblock_section av-lwx99l9n-46d86e08306940fa53cf7ffa44fbcaa4 '   itemscope=\"itemscope\" itemtype=\"https:\/\/schema.org\/BlogPosting\" itemprop=\"blogPost\" ><div class='avia_textblock'  itemprop=\"text\" ><table>\n<tbody>\n<tr>\n<td class=\"s3\" colspan=\"2\">\n<div>\n<p class=\"s2\">&nbsp;<\/p>\n<\/div>\n<\/td>\n<\/tr>\n<tr>\n<td colspan=\"2\">\n<div>\n<p class=\"s5\" style=\"text-align: center;\"><span class=\"s4\">IX <\/span><span class=\"s4\">NIEDZIELA <\/span><span class=\"s4\">ZWYK\u0141A<\/span><\/p>\n<p class=\"s5\" style=\"text-align: center;\"><span class=\"s6\">(<\/span><span class=\"s6\">2 czerwca<\/span><span class=\"s6\"> 2024 r.)<\/span><\/p>\n<\/div>\n<\/td>\n<\/tr>\n<tr>\n<td>\n<div>\n<p class=\"s5\"><span class=\"s6\">7<\/span><span class=\"s6\">:00<\/span><\/p>\n<\/div>\n<\/td>\n<td>\n<div>\n<p class=\"s2\"><span class=\"s7\">+ <\/span><span class=\"s7\">Henryka FR\u0104CZEK<\/span><span class=\"s7\"> (<\/span><span class=\"s7\">greg<\/span><span class=\"s7\">. <\/span><span class=\"s7\">2<\/span><span class=\"s7\">.)<\/span><\/p>\n<\/div>\n<\/td>\n<\/tr>\n<tr>\n<td>\n<div>\n<p class=\"s5\"><span class=\"s6\">8<\/span><span class=\"s6\">:<\/span><span class=\"s6\">30<\/span><\/p>\n<\/div>\n<\/td>\n<td>\n<div>\n<p class=\"s2\"><span class=\"s8\">+ Laur\u0119, W\u0142adys\u0142awa, Piotra, Andrzeja i Marka z rodziny BABIK\u00d3W <\/span><span class=\"s8\"><br \/>\n<\/span><span class=\"s8\">&nbsp; oraz Stanis\u0142aw\u0119 i Wojciecha CIECHOMSKICH. <\/span><\/p>\n<\/div>\n<\/td>\n<\/tr>\n<tr>\n<td>\n<div>\n<p class=\"s2\"><span class=\"s6\">10<\/span><span class=\"s6\">:<\/span><span class=\"s6\">00<\/span><\/p>\n<\/div>\n<\/td>\n<td>\n<div>\n<p class=\"s2\"><span class=\"s7\">+<\/span> <span class=\"s7\">Janusza STOJANOWSKIEGO (8 r. <\/span><span class=\"s7\">\u015bm<\/span><span class=\"s7\">.), Regin\u0119 i Stefana TURLEY oraz Halin\u0119 <\/span><span class=\"s7\"><br \/>\n<\/span><span class=\"s7\">&nbsp; i Stanis\u0142awa STOJANOWSKICH. &nbsp;<\/span><\/p>\n<\/div>\n<\/td>\n<\/tr>\n<tr>\n<td>\n<div>\n<p class=\"s2\"><span class=\"s6\">11<\/span><span class=\"s6\">:<\/span><span class=\"s6\">00<\/span><\/p>\n<\/div>\n<\/td>\n<td>\n<div>\n<div class=\"s10\"><span class=\"s9\">\u2022 <\/span><span class=\"s7\">Mart\u0119, S\u0142awomira, Dominika i Emm\u0119, z podzi\u0119kowaniem za otrzymane \u0142aski <\/span><span class=\"s7\"><br \/>\n<\/span><span class=\"s7\">i z pro\u015bb\u0105 o dalsze prowadzenie. <\/span><\/div>\n<\/div>\n<\/td>\n<\/tr>\n<tr>\n<td>\n<div>\n<p class=\"s2\"><span class=\"s6\">12:30<\/span><\/p>\n<\/div>\n<\/td>\n<td>\n<div>\n<div class=\"s10\"><span class=\"s9\">\u2022 <\/span><span class=\"s7\">O zdrowie, b\u0142ogos\u0142awie\u0144stwo Bo\u017ce, dary Ducha \u015awi\u0119tego dla dzieci z r\u00f3\u017cy r\u00f3\u017ca\u0144cowej i z naszej parafii (<\/span><span class=\"s7\">int<\/span><span class=\"s7\">. rodzic\u00f3w r\u00f3\u017cy r\u00f3\u017ca\u0144cowej rodzic\u00f3w za dzieci).<\/span><\/div>\n<div class=\"s10\"><span class=\"s9\">\u2022 <\/span><span class=\"s7\">O zdrowie i potrzebne \u0142aski dla Teresy (z racji rocznicy urodzin).<\/span><\/div>\n<p class=\"s2\"><span class=\"s7\">+ Walentyn\u0119, Bonifacego D\u0104BEK, Lidi\u0119, Krzysztofa, Andrzeja, Tomasza D\u0104BEK, <\/span><\/p>\n<p class=\"s2\"><span class=\"s7\">&nbsp; <\/span><span class=\"s7\">Wac\u0142aw\u0119, Mariana POLITOWICZ oraz Ma\u0142gorzat\u0119 WR\u00d3BEL.<\/span><\/p>\n<p class=\"s2\"><span class=\"s7\">+ Ann\u0119 BOLEK (30 dni po \u015bmierci) oraz m\u0119\u017ca Zbigniewa BOLEK.<\/span><\/p>\n<p class=\"s2\"><span class=\"s7\">+ Stanis\u0142aw\u0119 DOMINIAK (30 dni po <\/span><span class=\"s7\">\u015bm<\/span><span class=\"s7\">.)<\/span><\/p>\n<p class=\"s2\"><span class=\"s7\">+ Tadeusza ZENOWIEW, Agnieszk\u0119, Kazimier\u0119 i Czes\u0142awa MY\u015aLIWIEC.<\/span><\/p>\n<p class=\"s2\"><span class=\"s7\">+ Genowef\u0119 SZAFRANEK (30 dni po <\/span><span class=\"s7\">\u015bm<\/span><span class=\"s7\">).<\/span><\/p>\n<p class=\"s2\"><span class=\"s7\">+ Ann\u0119, Edwarda, Genowef\u0119, Dariusza i dusze w czy\u015b\u0107cu cierpi\u0105ce. <\/span><\/p>\n<p class=\"s2\"><span class=\"s7\">+ Tadeusza <\/span><span class=\"s7\">SOSI\u0143SKIEGO<\/span><span class=\"s7\"> (15 r. <\/span><span class=\"s7\">\u015bm<\/span><span class=\"s7\">.) <\/span><span class=\"s7\">i<\/span><span class=\"s7\"> jego dzieci: Zbigniewa i El\u017cbiet\u0119<\/span> <span class=\"s7\">SOSI\u0143SKICH<\/span><span class=\"s11\">.<\/span><\/p>\n<\/div>\n<\/td>\n<\/tr>\n<tr>\n<td>\n<div>\n<p class=\"s2\"><span class=\"s6\">18:00<\/span><\/p>\n<\/div>\n<\/td>\n<td>\n<div>\n<div class=\"s10\"><span class=\"s9\">\u2022 <\/span><span class=\"s7\">Int<\/span><span class=\"s7\">. dzi\u0119kczynno-b\u0142agalna za dzieci i wnuki. <\/span><\/div>\n<\/div>\n<\/td>\n<\/tr>\n<tr>\n<td class=\"s3\" colspan=\"2\">\n<div>\n<p class=\"s5\">&nbsp;<\/p>\n<\/div>\n<\/td>\n<\/tr>\n<tr>\n<td colspan=\"2\">\n<div>\n<p class=\"s5\" style=\"text-align: center;\"><span class=\"s6\">PONIEDZIA\u0141EK<\/span><\/p>\n<p class=\"s5\" style=\"text-align: center;\"><span class=\"s6\">(<\/span><span class=\"s6\">3 czerwca<\/span><span class=\"s6\">)<\/span><\/p>\n<p class=\"s5\" style=\"text-align: center;\"><span class=\"s6\">\u015aw. Karola <\/span><span class=\"s6\">Lwangi<\/span><span class=\"s6\"> i Towarzyszy, m\u0119czennik\u00f3w \u2013 wspomnienie <\/span><\/p>\n<\/div>\n<\/td>\n<\/tr>\n<tr>\n<td>\n<div>\n<p class=\"s5\"><span class=\"s6\">7:0<\/span><span class=\"s6\">0<\/span><\/p>\n<\/div>\n<\/td>\n<td>\n<div>\n<p class=\"s2\"><span class=\"s7\">+<\/span><span class=\"s7\"> Dariusza \u015aCI\u0118GOSZA. <\/span><\/p>\n<\/div>\n<\/td>\n<\/tr>\n<tr>\n<td>\n<div>\n<p class=\"s5\"><span class=\"s6\">8:00<\/span><\/p>\n<\/div>\n<\/td>\n<td>\n<div>\n<p class=\"s2\"><span class=\"s7\">+<\/span> <span class=\"s7\">Henryka FR\u0104CZEK (<\/span><span class=\"s7\">greg<\/span><span class=\"s7\">. <\/span><span class=\"s7\">3<\/span><span class=\"s7\">.)<\/span><\/p>\n<\/div>\n<\/td>\n<\/tr>\n<tr>\n<td>\n<div>\n<p class=\"s5\"><span class=\"s6\">18:00<\/span><\/p>\n<\/div>\n<\/td>\n<td>\n<div>\n<p class=\"s2\"><span class=\"s7\">+ <\/span><span class=\"s7\">Wand\u0119 i Antoniego KUCHARSKICH oraz zm. z c. r. KUCHARSKICH, RESZK\u00d3W.<\/span><\/p>\n<\/div>\n<\/td>\n<\/tr>\n<tr>\n<td class=\"s3\" colspan=\"2\">\n<div>\n<p class=\"s2\">&nbsp;<\/p>\n<\/div>\n<\/td>\n<\/tr>\n<tr>\n<td colspan=\"2\">\n<div>\n<p class=\"s5\" style=\"text-align: center;\"><span class=\"s6\">WTOREK <\/span><\/p>\n<p class=\"s5\" style=\"text-align: center;\"><span class=\"s6\">(<\/span><span class=\"s6\">4 czerwca<\/span><span class=\"s6\">)<\/span><\/p>\n<\/div>\n<\/td>\n<\/tr>\n<tr>\n<td>\n<div>\n<p class=\"s5\"><span class=\"s6\">7<\/span><span class=\"s6\">:<\/span><span class=\"s6\">00<\/span><\/p>\n<\/div>\n<\/td>\n<td>\n<div>\n<p class=\"s2\"><span class=\"s7\">+<\/span> <span class=\"s7\">Mariana KLIMIUK (10 r. <\/span><span class=\"s7\">\u015bm<\/span><span class=\"s7\">.) oraz Bogdana KLIMIUK. <\/span><\/p>\n<\/div>\n<\/td>\n<\/tr>\n<tr>\n<td>\n<div>\n<p class=\"s5\"><span class=\"s6\">8<\/span><span class=\"s6\">:0<\/span><span class=\"s6\">0<\/span><\/p>\n<\/div>\n<\/td>\n<td>\n<div>\n<p class=\"s2\"><span class=\"s7\">+ <\/span><span class=\"s7\">Henryka FR\u0104CZEK (<\/span><span class=\"s7\">greg<\/span><span class=\"s7\">. <\/span><span class=\"s7\">4<\/span><span class=\"s7\">.)<\/span><\/p>\n<\/div>\n<\/td>\n<\/tr>\n<tr>\n<td>\n<div>\n<p class=\"s5\"><span class=\"s6\">18:00<\/span><\/p>\n<\/div>\n<\/td>\n<td>\n<div>\n<p class=\"s2\"><span class=\"s7\">+<\/span><span class=\"s7\"> Leokadi\u0119 i Jana RUDNIK\u00d3W, Czes\u0142awa, Janin\u0119, Henryka RYBAK\u00d3W, <\/span><span class=\"s7\"><br \/>\n<\/span><span class=\"s7\">&nbsp; Dorot\u0119 DROGOWSK\u0104, Franciszk\u0119 i Jana RYBAK\u00d3W. <\/span><\/p>\n<\/div>\n<\/td>\n<\/tr>\n<tr>\n<td class=\"s12\" colspan=\"2\">\n<div>\n<p class=\"s2\">&nbsp;<\/p>\n<\/div>\n<\/td>\n<\/tr>\n<tr>\n<td colspan=\"2\">\n<div>\n<p class=\"s5\" style=\"text-align: center;\"><span class=\"s6\">\u015aRODA <\/span><\/p>\n<p class=\"s5\" style=\"text-align: center;\"><span class=\"s6\">(5 czerwca)<\/span><\/p>\n<p class=\"s5\" style=\"text-align: center;\"><span class=\"s6\">\u015aw. Bonifacego, biskupa i m\u0119czennika \u2013 wspomnienie <\/span><\/p>\n<\/div>\n<\/td>\n<\/tr>\n<tr>\n<td>\n<div>\n<p class=\"s5\"><span class=\"s6\">7:<\/span><span class=\"s6\">00<\/span><\/p>\n<\/div>\n<\/td>\n<td>\n<div>\n<p class=\"s2\"><span class=\"s7\">+ <\/span><span class=\"s7\">Henryka FR\u0104CZEK (<\/span><span class=\"s7\">greg<\/span><span class=\"s7\">. <\/span><span class=\"s7\">5<\/span><span class=\"s7\">.)<\/span><\/p>\n<\/div>\n<\/td>\n<\/tr>\n<tr>\n<td>\n<div>\n<p class=\"s5\"><span class=\"s6\">8:00<\/span><\/p>\n<\/div>\n<\/td>\n<td>\n<div>\n<p class=\"s2\"><span class=\"s7\">+<\/span> <span class=\"s7\">za wszystkie dusze czy\u015b\u0107cowe. <\/span><\/p>\n<\/div>\n<\/td>\n<\/tr>\n<tr>\n<td>\n<div>\n<p class=\"s5\"><span class=\"s6\">17:45<\/span><\/p>\n<\/div>\n<\/td>\n<td>\n<div>\n<div class=\"s10\"><span class=\"s9\">\u2022 <\/span><span class=\"s7\">O \u0142ask\u0119 pokonania choroby nowotworowej dla Barbary. <\/span><\/div>\n<p class=\"s2\"><span class=\"s7\">+ za przodk\u00f3w z r.<\/span> <span class=\"s11\">PAPIERNIK\u00d3W, WI\u015aNIOCH\u00d3W, ROS\u0141ON\u00d3W, STARCZEWSKICH<\/span><span class=\"s11\">.<\/span><\/p>\n<p class=\"s2\"><span class=\"s7\">+ <\/span><span class=\"s7\">Henryka KACZY\u0143SKIEGO (30 dni po <\/span><span class=\"s7\">\u015bm<\/span><span class=\"s7\">.)<\/span><\/p>\n<\/div>\n<\/td>\n<\/tr>\n<tr>\n<td colspan=\"2\">\n<div>\n<p class=\"s5\" style=\"text-align: center;\"><span class=\"s6\">CZWARTE<\/span><span class=\"s6\">K<\/span><\/p>\n<p class=\"s5\" style=\"text-align: center;\"><span class=\"s6\">(<\/span><span class=\"s6\">6 czerwca<\/span><span class=\"s6\">)<\/span><\/p>\n<\/div>\n<\/td>\n<\/tr>\n<tr>\n<td>\n<div>\n<p class=\"s5\"><span class=\"s6\">7:00<\/span><\/p>\n<\/div>\n<\/td>\n<td>\n<div>\n<div class=\"s10\">1) <span class=\"s7\">+ <\/span><span class=\"s7\">Henryka FR\u0104CZEK (<\/span><span class=\"s7\">greg<\/span><span class=\"s7\">. <\/span><span class=\"s7\">6<\/span><span class=\"s7\">.)<\/span><\/div>\n<div class=\"s10\">2) <span class=\"s7\">+ Tomasza RUTKIEWICZA (4 r. <\/span><span class=\"s7\">\u015bm<\/span><span class=\"s7\">.)<\/span><\/div>\n<\/div>\n<\/td>\n<\/tr>\n<tr>\n<td>\n<div>\n<p class=\"s5\"><span class=\"s6\">8:00<\/span><\/p>\n<\/div>\n<\/td>\n<td>\n<div>\n<p class=\"s2\"><span class=\"s7\">+ <\/span><span class=\"s7\">Ann\u0119 FILARECK\u0104 \u2013 od Bogumi\u0142y i Kazimierza Filareckich. <\/span><\/p>\n<\/div>\n<\/td>\n<\/tr>\n<tr>\n<td>\n<div>\n<p class=\"s5\"><span class=\"s6\">18:00<\/span><\/p>\n<\/div>\n<\/td>\n<td>\n<div>\n<p class=\"s2\"><span class=\"s7\">+ <\/span><span class=\"s7\">Juli\u0119 OSTAPIUK (13 r. <\/span><span class=\"s7\">\u015bm<\/span><span class=\"s7\">.)<\/span><\/p>\n<\/div>\n<\/td>\n<\/tr>\n<tr>\n<td class=\"s3\" colspan=\"2\">\n<div>\n<p class=\"s5\">&nbsp;<\/p>\n<\/div>\n<\/td>\n<\/tr>\n<tr>\n<td colspan=\"2\">\n<div>\n<p class=\"s5\" style=\"text-align: center;\"><span class=\"s6\">PI\u0104TEK <\/span><\/p>\n<p class=\"s5\" style=\"text-align: center;\"><span class=\"s6\">(7 czerwca)<\/span><\/p>\n<p class=\"s5\" style=\"text-align: center;\"><span class=\"s6\">Naj\u015bwi\u0119tszego Serca Pana Jezusa \u2013 uroczysto\u015b\u0107 <\/span><\/p>\n<\/div>\n<\/td>\n<\/tr>\n<tr>\n<td>\n<div>\n<p class=\"s5\"><span class=\"s6\">7:00<\/span><\/p>\n<\/div>\n<\/td>\n<td>\n<div>\n<p class=\"s2\"><span class=\"s7\">+ &nbsp;<\/span><span class=\"s7\">Henryka FR\u0104CZEK (<\/span><span class=\"s7\">greg<\/span><span class=\"s7\">. <\/span><span class=\"s7\">7<\/span><span class=\"s7\">.)<\/span><\/p>\n<\/div>\n<\/td>\n<\/tr>\n<tr>\n<td>\n<div>\n<p class=\"s5\"><span class=\"s6\">8:00<\/span><\/p>\n<\/div>\n<\/td>\n<td>\n<div>\n<div class=\"s10\"><span class=\"s9\">\u2022 <\/span><span class=\"s7\">W intencjach cz\u0142onk\u00f3w \u017bywego R\u00f3\u017ca\u0144ca i Legionu Maryi.<\/span><\/div>\n<\/div>\n<\/td>\n<\/tr>\n<tr>\n<td>\n<div>\n<p class=\"s5\"><span class=\"s6\">18:00<\/span><\/p>\n<\/div>\n<\/td>\n<td>\n<div>\n<div class=\"s10\"><span class=\"s9\">\u2022 <\/span><span class=\"s7\">Int<\/span><span class=\"s7\">. dzi\u0119kczynno-b\u0142agalna o Bo\u017ce b\u0142ogos\u0142awie\u0144stwo, opiek\u0119 M.B. Loreta\u0144skiej <\/span><span class=\"s7\"><br \/>\n<\/span><span class=\"s7\">i wszelkie potrzebne \u0142aski dla ks. Proboszcza z okazji imienin. <\/span><\/div>\n<\/div>\n<\/td>\n<\/tr>\n<tr>\n<td class=\"s3\" colspan=\"2\">\n<div>\n<p class=\"s5\">&nbsp;<\/p>\n<\/div>\n<\/td>\n<\/tr>\n<tr>\n<td colspan=\"2\">\n<div>\n<p class=\"s5\" style=\"text-align: center;\"><span class=\"s6\">SOBOTA <\/span><span class=\"s6\">(<\/span><span class=\"s6\">8<\/span><span class=\"s6\"> czerwca<\/span><span class=\"s6\">)<\/span><\/p>\n<p class=\"s5\" style=\"text-align: center;\"><span class=\"s6\">Niepokalanego Serca Naj\u015bwi\u0119tszej Maryi Panny<\/span><\/p>\n<\/div>\n<\/td>\n<\/tr>\n<tr>\n<td>\n<div>\n<p class=\"s2\"><span class=\"s6\">7:00<\/span><\/p>\n<\/div>\n<\/td>\n<td>\n<div>\n<p class=\"s2\"><span class=\"s7\">+<\/span> <span class=\"s7\">Mari\u0119 \u0141\u0104CK\u0104 (40 r. <\/span><span class=\"s7\">\u015bm<\/span><span class=\"s7\">.), zm. rodzic\u00f3w: Ann\u0119 i Franciszka <\/span><span class=\"s7\"><br \/>\n<\/span><span class=\"s7\">&nbsp; oraz rodze\u0144stwo: Helen\u0119, Zofi\u0119, Genowef\u0119 i Jana. <\/span><\/p>\n<\/div>\n<\/td>\n<\/tr>\n<tr>\n<td>\n<div>\n<p class=\"s2\"><span class=\"s6\">8:00<\/span><\/p>\n<\/div>\n<\/td>\n<td>\n<div>\n<div class=\"s10\">1) <span class=\"s7\">W intencjach czcicieli \u015bw. Micha\u0142a Archanio\u0142a.<\/span><\/div>\n<div class=\"s10\">2) <span class=\"s7\">Int<\/span><span class=\"s7\">. dzi\u0119kczynna z racji 50 r. chrztu \u015bwi\u0119tego Ma\u0142gorzaty SZYMONIAK, z pro\u015bb\u0105 o dary Ducha \u015awi\u0119tego dla niej oraz dla c\u00f3rek: Agnieszki KOWALSKIEJ i Aliny BIE\u0143KOWSKIEJ. <\/span><\/div>\n<\/div>\n<\/td>\n<\/tr>\n<tr>\n<td>\n<div>\n<p class=\"s2\"><span class=\"s6\">18:00<\/span><\/p>\n<\/div>\n<\/td>\n<td>\n<div>\n<p class=\"s2\"><span class=\"s7\">+ <\/span><span class=\"s7\">Henryka FR\u0104CZEK (<\/span><span class=\"s7\">greg<\/span><span class=\"s7\">. <\/span><span class=\"s7\">8<\/span><span class=\"s7\">.)<\/span><\/p>\n<\/div>\n<\/td>\n<\/tr>\n<\/tbody>\n<\/table>\n<\/div><\/section>\n","protected":false},"excerpt":{"rendered":"","protected":false},"author":1,"featured_media":3833,"comment_status":"closed","ping_status":"closed","sticky":false,"template":"","format":"standard","meta":{"ngg_post_thumbnail":0,"footnotes":""},"categories":[6],"tags":[],"class_list":["post-5391","post","type-post","status-publish","format-standard","has-post-thumbnail","hentry","category-intencje-mszalne"],"_links":{"self":[{"href":"https:\/\/mbloretanska.pl\/index.php?rest_route=\/wp\/v2\/posts\/5391","targetHints":{"allow":["GET"]}}],"collection":[{"href":"https:\/\/mbloretanska.pl\/index.php?rest_route=\/wp\/v2\/posts"}],"about":[{"href":"https:\/\/mbloretanska.pl\/index.php?rest_route=\/wp\/v2\/types\/post"}],"author":[{"embeddable":true,"href":"https:\/\/mbloretanska.pl\/index.php?rest_route=\/wp\/v2\/users\/1"}],"replies":[{"embeddable":true,"href":"https:\/\/mbloretanska.pl\/index.php?rest_route=%2Fwp%2Fv2%2Fcomments&post=5391"}],"version-history":[{"count":1,"href":"https:\/\/mbloretanska.pl\/index.php?rest_route=\/wp\/v2\/posts\/5391\/revisions"}],"predecessor-version":[{"id":5392,"href":"https:\/\/mbloretanska.pl\/index.php?rest_route=\/wp\/v2\/posts\/5391\/revisions\/5392"}],"wp:featuredmedia":[{"embeddable":true,"href":"https:\/\/mbloretanska.pl\/index.php?rest_route=\/wp\/v2\/media\/3833"}],"wp:attachment":[{"href":"https:\/\/mbloretanska.pl\/index.php?rest_route=%2Fwp%2Fv2%2Fmedia&parent=5391"}],"wp:term":[{"taxonomy":"category","embeddable":true,"href":"https:\/\/mbloretanska.pl\/index.php?rest_route=%2Fwp%2Fv2%2Fcategories&post=5391"},{"taxonomy":"post_tag","embeddable":true,"href":"https:\/\/mbloretanska.pl\/index.php?rest_route=%2Fwp%2Fv2%2Ftags&post=5391"}],"curies":[{"name":"wp","href":"https:\/\/api.w.org\/{rel}","templated":true}]}}