{"id":5388,"date":"2024-06-01T11:06:41","date_gmt":"2024-06-01T09:06:41","guid":{"rendered":"https:\/\/mbloretanska.pl\/?p=5388"},"modified":"2024-06-01T11:06:43","modified_gmt":"2024-06-01T09:06:43","slug":"ix-niedziela-zwykla-02-06-2024","status":"publish","type":"post","link":"https:\/\/mbloretanska.pl\/?p=5388","title":{"rendered":"IX niedziela zwyk\u0142a 02.06.2024"},"content":{"rendered":"<section  class='av_textblock_section av-lwvvyscm-67a5d555ceb61686e6ca24b8a8a51100 '   itemscope=\"itemscope\" itemtype=\"https:\/\/schema.org\/BlogPosting\" itemprop=\"blogPost\" ><div class='avia_textblock'  itemprop=\"text\" ><ol>\n<li style=\"font-weight: 400;\">Dzi\u015b z racji I niedzieli miesi\u0105ca o godz. 16.00&nbsp; spotkanie K\u00f3\u0142 \u017bywego R\u00f3\u017ca\u0144ca. O 17.00 wystawienie Naj\u015bwi\u0119tszego Sakramentu, o 17.30 nabo\u017ce\u0144stwo eucharystyczne po\u0142\u0105czone z nabo\u017ce\u0144stwem czerwcowym.<\/li>\n<li style=\"font-weight: 400;\">Zapraszamy na nabo\u017ce\u0144stwa czerwcowe z litani\u0105 do Naj\u015bwi\u0119tszego Serca Pana Jezusa, kt\u00f3re odprawiamy po Mszy o godz. 18.00.<\/li>\n<li style=\"font-weight: 400;\"><strong>Bardzo dzi\u0119kujemy wszystkim kt\u00f3rzy wsp\u00f3\u0142tworzyli procesj\u0119 Bo\u017cego Cia\u0142a. Dzi\u0119kujemy oazie doros\u0142ych, ko\u0142om \u017bywego R\u00f3\u017ca\u0144ca. Legionowi Maryi, liturgicznej s\u0142u\u017cbie o\u0142tarza, bielankom, dzieciom I komunijnym, rodzinom naszej parafii oraz osobom prywatnym. Dzi\u0119kujemy s\u0142u\u017cbom: policji, nadzorowi ruchu oraz tramwajom warszawskim, kt\u00f3re w czasie trwania procesji czuwa\u0142y nad naszym bezpiecze\u0144stwem. Wszystkim sk\u0142adamy serdeczne B\u00f3g zap\u0142a\u0107 za wsp\u00f3ln\u0105 modlitw\u0119 i \u015bwiadectwo wiary.<\/strong>&nbsp; &nbsp; &nbsp; &nbsp; &nbsp; &nbsp;<\/li>\n<li style=\"font-weight: 400;\">W pi\u0105tek Uroczysto\u015b\u0107 Naj\u015bwi\u0119tszego Serca Pana Jezusa. W sobot\u0119 wspomnienie Niepokalanego Serca NMP.<\/li>\n<li style=\"font-weight: 400;\">W przysz\u0142\u0105 niedziel\u0119 o godz. 12.30 Msza \u015bw. w intencji poleg\u0142ych \u017co\u0142nierzy z 36 Pu\u0142ku Piechoty Legii Akademickiej. Po Mszy pokaz wyposa\u017cenia Wojska Polskiego z okresu II Rzeczypospolitej. Po Mszy wieczornej o 18.00 spotkanie kandydat\u00f3w do bierzmowania.<\/li>\n<li style=\"font-weight: 400;\">Zapraszamy wszystkich parafian do udzia\u0142u w warszawskim Marszu dla \u017bycia i Rodziny, kt\u00f3ry odb\u0119dzie si\u0119 w niedziel\u0119 16 czerwca. Poka\u017cmy nasz\u0105 jedno\u015b\u0107 w sprawach ochrony \u017cycia, rodziny i Ojczyzny. Sta\u0144my w obronie krzy\u017ca w \u017cyciu publicznym. Szczeg\u00f3\u0142y na plakatach, ulotkach oraz na stronie <a href=\"http:\/\/niezdejmujkrzyza.pl\/\">niezdejmujkrzyza.pl<\/a>.<\/li>\n<li style=\"font-weight: 400;\">W miesi\u0105cach wakacyjnych tzn. w lipcu i w sierpniu nast\u0105pi ma\u0142a zmiana w porz\u0105dku &nbsp;niedzielnych Mszy \u015bw. Nie b\u0119dzie przez te dwa miesi\u0105ce Mszy \u015bw. o godz. 12.30. Wsp\u00f3lna Msza \u015bw. parafialna b\u0119dzie o godz. 11.00.&nbsp; Wszystkie pozosta\u0142e godziny pozostaj\u0105 bez zmian.<\/li>\n<li style=\"font-weight: 400;\">W dniach od 13 do 20 pa\u017adziernika tego roku b\u0119dziemy w naszej parafii prze\u017cywa\u0107 misje \u015bwi\u0119te. B\u0119dzie je prowadzi\u0142 franciszkanin o. Leon Bartczak OFM. Misje, to szczeg\u00f3lny czas \u0142aski dla ka\u017cdej i ka\u017cdego z nas z osobna, dla naszych rodzin oraz ca\u0142ej parafii. Serdecznie wszystkich zapraszamy. Zechciejmy ju\u017c dzi\u015b ten termin &nbsp;13-20 pa\u017adziernik zapisa\u0107 w swoim kalendarzu. Wkr\u00f3tce wi\u0119cej szczeg\u00f3\u0142\u00f3w.<\/li>\n<li style=\"font-weight: 400;\">W tym tygodniu dzie\u0144 imienin ks. Proboszcza. Msze \u015bw. imieninowe w pi\u0105tek 7.06 o godz. 18.00 oraz w niedziel\u0119 9.06 o godz. 12.30.Na stoliku prasowym znajdziemy tygodnik<em> Idziemy <\/em>oraz gazetk\u0119 parafialn\u0105 <em>We\u017a &nbsp;&nbsp;&nbsp;Ewangeli\u0119 do domu<\/em>.<\/li>\n<\/ol>\n<\/div><\/section>\n","protected":false},"excerpt":{"rendered":"","protected":false},"author":1,"featured_media":3832,"comment_status":"closed","ping_status":"closed","sticky":false,"template":"","format":"standard","meta":{"ngg_post_thumbnail":0,"footnotes":""},"categories":[3],"tags":[],"class_list":["post-5388","post","type-post","status-publish","format-standard","has-post-thumbnail","hentry","category-ogloszenia-duszpasterskie"],"_links":{"self":[{"href":"https:\/\/mbloretanska.pl\/index.php?rest_route=\/wp\/v2\/posts\/5388","targetHints":{"allow":["GET"]}}],"collection":[{"href":"https:\/\/mbloretanska.pl\/index.php?rest_route=\/wp\/v2\/posts"}],"about":[{"href":"https:\/\/mbloretanska.pl\/index.php?rest_route=\/wp\/v2\/types\/post"}],"author":[{"embeddable":true,"href":"https:\/\/mbloretanska.pl\/index.php?rest_route=\/wp\/v2\/users\/1"}],"replies":[{"embeddable":true,"href":"https:\/\/mbloretanska.pl\/index.php?rest_route=%2Fwp%2Fv2%2Fcomments&post=5388"}],"version-history":[{"count":1,"href":"https:\/\/mbloretanska.pl\/index.php?rest_route=\/wp\/v2\/posts\/5388\/revisions"}],"predecessor-version":[{"id":5389,"href":"https:\/\/mbloretanska.pl\/index.php?rest_route=\/wp\/v2\/posts\/5388\/revisions\/5389"}],"wp:featuredmedia":[{"embeddable":true,"href":"https:\/\/mbloretanska.pl\/index.php?rest_route=\/wp\/v2\/media\/3832"}],"wp:attachment":[{"href":"https:\/\/mbloretanska.pl\/index.php?rest_route=%2Fwp%2Fv2%2Fmedia&parent=5388"}],"wp:term":[{"taxonomy":"category","embeddable":true,"href":"https:\/\/mbloretanska.pl\/index.php?rest_route=%2Fwp%2Fv2%2Fcategories&post=5388"},{"taxonomy":"post_tag","embeddable":true,"href":"https:\/\/mbloretanska.pl\/index.php?rest_route=%2Fwp%2Fv2%2Ftags&post=5388"}],"curies":[{"name":"wp","href":"https:\/\/api.w.org\/{rel}","templated":true}]}}