{"id":5377,"date":"2024-05-12T12:37:43","date_gmt":"2024-05-12T10:37:43","guid":{"rendered":"https:\/\/mbloretanska.pl\/?p=5377"},"modified":"2024-05-12T12:37:44","modified_gmt":"2024-05-12T10:37:44","slug":"uroczystosc-wniebowstapienia-panskiego-12-05-2024","status":"publish","type":"post","link":"https:\/\/mbloretanska.pl\/?p=5377","title":{"rendered":"Uroczysto\u015b\u0107 Wniebowst\u0105pienia Pa\u0144skiego 12.05.2024"},"content":{"rendered":"<section  class='av_textblock_section av-lw3egdfo-23a238cf55deb109e9b41275144af737 '   itemscope=\"itemscope\" itemtype=\"https:\/\/schema.org\/BlogPosting\" itemprop=\"blogPost\" ><div class='avia_textblock'  itemprop=\"text\" ><p class=\"gmail-MsoListParagraphCxSpFirst\">1.&nbsp;&nbsp;&nbsp;&nbsp; Zapraszamy na nabo\u017ce\u0144stwa majowe, kt\u00f3re w naszym ko\u015bciele odprawiane s\u0105 <span dir=\"ltr\">w niedziele o godz. 17.30<\/span>, a w dni powszednie po Mszy \u015bw. wieczornej.<\/p>\n<p class=\"gmail-MsoListParagraphCxSpMiddle\">2.&nbsp;&nbsp;&nbsp;&nbsp; Jutro po Mszy wieczornej zapraszamy na nabo\u017ce\u0144stwo fatimskie. Intencje do r\u00f3\u017ca\u0144ca mo\u017cemy sk\u0142ada\u0107 do ksi\u0119\u017cy oraz do skarbonki przy kaplicy \u015bw. Antoniego. Kancelaria w poniedzia\u0142ek godz. <span dir=\"ltr\">19.00 &#8211; 20.00 <\/span>b\u0119dzie nieczynna.<\/p>\n<p class=\"gmail-MsoListParagraphCxSpMiddle\">3.&nbsp;&nbsp;&nbsp;&nbsp; <span dir=\"ltr\">We wtorek 14 maja<\/span> \u015bwi\u0119to \u015bw. Macieja Ap. <span dir=\"ltr\">W czwartek 16 maja<\/span> uroczysto\u015b\u0107 &nbsp;\u015bw. Andrzeja Boboli patrona Polski oraz metropolii warszawskiej. Msze \u015bw. o godz. 7.00, 8.00 i 18.00. Nabo\u017ce\u0144stwo majowe po Mszy wieczornej.<\/p>\n<p class=\"gmail-MsoListParagraphCxSpMiddle\">4.&nbsp;&nbsp;&nbsp;&nbsp; <span dir=\"ltr\">W przysz\u0142\u0105 niedziel\u0119<\/span> Uroczysto\u015b\u0107 Zes\u0142ania Ducha \u015bw. Po Mszy wieczornej spotkanie kandydat\u00f3w do bierzmowania.<\/p>\n<p class=\"gmail-MsoListParagraphCxSpMiddle\">5.&nbsp; Z racji II niedzieli miesi\u0105ca taca na inwestycje parafialne. Przygotowujemy si\u0119 do II&nbsp;&nbsp;&nbsp; etapu remontu dachu ko\u015bcio\u0142a, oraz do przywr\u00f3cenia pierwotnej wersji przestrzeni nad o\u0142tarzem. Bardzo dzi\u0119kujemy za ka\u017cd\u0105 ofiar\u0119. <span dir=\"ltr\">Za tydzie\u0144<\/span> taca na seminarium duchowne.<\/p>\n<p class=\"gmail-MsoListParagraphCxSpMiddle\">6.&nbsp;&nbsp;&nbsp;&nbsp; &nbsp;Zbli\u017ca si\u0119 Uroczysto\u015b\u0107 Bo\u017cego Cia\u0142a, kt\u00f3r\u0105 b\u0119dziemy obchodzili <span dir=\"ltr\">30 maja<\/span>. Po Mszy o godz. 11.00, wyruszy procesja Eucharystyczna. Zapraszamy i zach\u0119camy wszystkich nie tylko do udzia\u0142u w procesji, ale tak\u017ce do czynnego w\u0142\u0105czenia si\u0119 w przygotowanie orszaku procesyjnego i o\u0142tarzy.<\/p>\n<p class=\"gmail-MsoListParagraphCxSpMiddle\">7.&nbsp;&nbsp;&nbsp;&nbsp; Z inicjatywy jednego z parafian zostanie poddany renowacji obraz M.B. Cz\u0119stochowskiej, kt\u00f3ry wisi na po\u0142udniowej \u015bcianie Domku Loreta\u0144skiego. Prace te potrwaj\u0105 ok. dw\u00f3ch miesi\u0119cy i wykona je firma Rewars z Warszawy, kt\u00f3ra specjalizuje si\u0119 w konserwacji i restauracji dzie\u0142 sztuki.<\/p>\n<p class=\"gmail-MsoListParagraphCxSpMiddle\">8.&nbsp;&nbsp;&nbsp;&nbsp; Na stoliku prasowym znajdziemy<i> <\/i>tygodnik<i> Idziemy <\/i>oraz gazetk\u0119 parafialn\u0105 <i>We\u017a Ewangeli\u0119 do domu<\/i>.<\/p>\n<\/div><\/section>\n","protected":false},"excerpt":{"rendered":"","protected":false},"author":1,"featured_media":3832,"comment_status":"closed","ping_status":"closed","sticky":false,"template":"","format":"standard","meta":{"ngg_post_thumbnail":0,"footnotes":""},"categories":[3],"tags":[],"class_list":["post-5377","post","type-post","status-publish","format-standard","has-post-thumbnail","hentry","category-ogloszenia-duszpasterskie"],"_links":{"self":[{"href":"https:\/\/mbloretanska.pl\/index.php?rest_route=\/wp\/v2\/posts\/5377","targetHints":{"allow":["GET"]}}],"collection":[{"href":"https:\/\/mbloretanska.pl\/index.php?rest_route=\/wp\/v2\/posts"}],"about":[{"href":"https:\/\/mbloretanska.pl\/index.php?rest_route=\/wp\/v2\/types\/post"}],"author":[{"embeddable":true,"href":"https:\/\/mbloretanska.pl\/index.php?rest_route=\/wp\/v2\/users\/1"}],"replies":[{"embeddable":true,"href":"https:\/\/mbloretanska.pl\/index.php?rest_route=%2Fwp%2Fv2%2Fcomments&post=5377"}],"version-history":[{"count":1,"href":"https:\/\/mbloretanska.pl\/index.php?rest_route=\/wp\/v2\/posts\/5377\/revisions"}],"predecessor-version":[{"id":5378,"href":"https:\/\/mbloretanska.pl\/index.php?rest_route=\/wp\/v2\/posts\/5377\/revisions\/5378"}],"wp:featuredmedia":[{"embeddable":true,"href":"https:\/\/mbloretanska.pl\/index.php?rest_route=\/wp\/v2\/media\/3832"}],"wp:attachment":[{"href":"https:\/\/mbloretanska.pl\/index.php?rest_route=%2Fwp%2Fv2%2Fmedia&parent=5377"}],"wp:term":[{"taxonomy":"category","embeddable":true,"href":"https:\/\/mbloretanska.pl\/index.php?rest_route=%2Fwp%2Fv2%2Fcategories&post=5377"},{"taxonomy":"post_tag","embeddable":true,"href":"https:\/\/mbloretanska.pl\/index.php?rest_route=%2Fwp%2Fv2%2Ftags&post=5377"}],"curies":[{"name":"wp","href":"https:\/\/api.w.org\/{rel}","templated":true}]}}