{"id":5371,"date":"2024-05-04T16:26:56","date_gmt":"2024-05-04T14:26:56","guid":{"rendered":"https:\/\/mbloretanska.pl\/?p=5371"},"modified":"2024-05-04T16:27:29","modified_gmt":"2024-05-04T14:27:29","slug":"intencje-mszalne-05-11-05-2024","status":"publish","type":"post","link":"https:\/\/mbloretanska.pl\/?p=5371","title":{"rendered":"intencje mszalne 05-11.05.2024"},"content":{"rendered":"<section  class='av_textblock_section av-lvs733hf-357629a025a995d259caa41d4d1d0cb4 '   itemscope=\"itemscope\" itemtype=\"https:\/\/schema.org\/BlogPosting\" itemprop=\"blogPost\" ><div class='avia_textblock'  itemprop=\"text\" ><table style=\"font-weight: 400;\" width=\"699\">\n<tbody>\n<tr>\n<td colspan=\"2\" width=\"699\"><strong>\u00a0<\/strong><\/td>\n<\/tr>\n<tr>\n<td colspan=\"2\" width=\"699\">\n<p style=\"text-align: center;\"><strong>VI NIEDZIELA\u00a0 WIELKANOCNA<\/strong><\/p>\n<p style=\"text-align: center;\"><strong>(5 maja 2024 r.)<\/strong><\/p>\n<\/td>\n<\/tr>\n<tr>\n<td width=\"56\"><strong>7:00<\/strong><\/td>\n<td width=\"643\">+ Stanis\u0142aw\u0119, Stanis\u0142awa, Helen\u0119 i Jana TOCHOLSKICH,<br \/>\n\u00a0\u00a0 Janin\u0119 i Adama SZCZEPANIAK\u00d3W.<\/td>\n<\/tr>\n<tr>\n<td width=\"56\"><strong>8:30<\/strong><\/td>\n<td width=\"643\">+ Katarzyn\u0119 O\u0141OWSK\u0104-RYFKA (greg. 5.)<\/td>\n<\/tr>\n<tr>\n<td width=\"56\"><strong>10:00<\/strong><\/td>\n<td width=\"643\">+ Stefani\u0119, Stanis\u0142awa, Grzegorza PIETRZAK.<\/td>\n<\/tr>\n<tr>\n<td width=\"56\"><strong>11:00<\/strong><\/td>\n<td width=\"643\">+ Bogumi\u0142\u0119 DWORZY\u0143SK\u0104 (21 r. \u015bm.), Sylwestra SENATOR (22 r. \u015bm.),<br \/>\n\u00a0\u00a0 rodzic\u00f3w i te\u015bci\u00f3w oraz Zofi\u0119 DZI\u0118CIO\u0141 (1 r. \u015bm.) i S\u0142awomira DZI\u0118CIO\u0141.<\/td>\n<\/tr>\n<tr>\n<td width=\"56\"><strong>12:30<\/strong><\/td>\n<td width=\"643\">\u00b7\u00a0\u00a0\u00a0\u00a0\u00a0 O zdrowie duszy i cia\u0142a oraz Bo\u017ce b\u0142ogos\u0142awie\u0144stwo dla Marty i Anny.<\/p>\n<p>+ o mi\u0142osierdzie Bo\u017ce i dar \u017cycia wiecznego dla zmar\u0142ych: Mieczys\u0142awa, Marii, Dariusza,<br \/>\n\u00a0\u00a0 Bogus\u0142awa GROSZEK, Leokadii i Jana RUDNIK\u00d3W.<\/p>\n<p>+ Waldemara KALI\u0143SKIEGO (z racji imienin) oraz jego rodzic\u00f3w Janin\u0119 i Stanis\u0142awa<br \/>\n\u00a0\u00a0 KALI\u0143SKICH.<\/p>\n<p>+ Tadeusza ZENOWIEW (3 r. \u015bm.), Agnieszk\u0119 MY\u015aLIWIEC.<\/p>\n<p>+ Stefana PERLAN (38 r. \u015bm.), Urszul\u0119 PERLAN (1 r. \u015bm.)<\/p>\n<p>+ Ann\u0119 FILARECK\u0104 (od rodziny Szyczyk\u00f3w).<\/p>\n<p>+ Nikodema KULAS (30 dni po \u015bm.)<\/td>\n<\/tr>\n<tr>\n<td width=\"56\"><strong>18:00<\/strong><\/td>\n<td width=\"643\">+ Wies\u0142awa TRYFONA (15 r. \u015bm.) i zm. z r. TRYFON\u00d3W i URBA\u0143SKICH.<\/td>\n<\/tr>\n<tr>\n<td colspan=\"2\" width=\"699\"><strong>\u00a0<\/strong><\/td>\n<\/tr>\n<tr>\n<td colspan=\"2\" width=\"699\">\n<p style=\"text-align: center;\"><strong>PONIEDZIA\u0141EK\u00a0 (6 maja)<\/strong><\/p>\n<p style=\"text-align: center;\"><strong>\u015aw. Aposto\u0142\u00f3w Filipa i Jakuba \u2013 \u015bwi\u0119to <\/strong><\/p>\n<\/td>\n<\/tr>\n<tr>\n<td width=\"56\"><strong>7:00<\/strong><\/td>\n<td width=\"643\">+ Ann\u0119 FILARECK\u0104 (od Moniki i Marcina Przybytni\u00f3w z Gorlic).<\/td>\n<\/tr>\n<tr>\n<td width=\"56\"><strong>8:00<\/strong><\/td>\n<td width=\"643\">+ Katarzyn\u0119 O\u0141OWSK\u0104-RYFKA (greg. 6.)<\/td>\n<\/tr>\n<tr>\n<td width=\"56\"><strong>18:00<\/strong><\/td>\n<td width=\"643\">+ Stanis\u0142awa GULSKIEGO (3 r. \u015bm.)<\/td>\n<\/tr>\n<tr>\n<td colspan=\"2\" width=\"699\">\u00a0<\/td>\n<\/tr>\n<tr>\n<td colspan=\"2\" width=\"699\">\n<p style=\"text-align: center;\"><strong>WTOREK (7 maja)<\/strong><\/p>\n<\/td>\n<\/tr>\n<tr>\n<td width=\"56\"><strong>7:00<\/strong><\/td>\n<td width=\"643\">+ Stanis\u0142aw\u0119, Zygmunta, Tadeusza, Miros\u0142awa CIECHANOWSKICH,<br \/>\n\u00a0\u00a0 Mariann\u0119, Andrzeja, Waleriana, Piotra BICZY\u0143SKICH, Aleksandr\u0119 i Jana GASTO\u0141,<br \/>\n\u00a0\u00a0 Sabin\u0119 i Jana BABKIEWICZ, Krystyn\u0119 KRZYSZTA\u0141OWSK\u0104 i Jerzego W\u0104SOWICZA.<\/td>\n<\/tr>\n<tr>\n<td width=\"56\"><strong>8:00<\/strong><\/td>\n<td width=\"643\">+ Katarzyn\u0119 O\u0141OWSK\u0104-RYFKA (greg. 7.)<\/td>\n<\/tr>\n<tr>\n<td width=\"56\"><strong>18:00<\/strong><\/td>\n<td width=\"643\">+ Jana MILEWSKIEGO (w 3 r. \u015bm.) i zm. z r. MILEWSKICH i STYBRZY\u0143SKICH.<\/td>\n<\/tr>\n<tr>\n<td colspan=\"2\" width=\"699\">\u00a0<\/td>\n<\/tr>\n<tr>\n<td colspan=\"2\" width=\"699\">\n<p style=\"text-align: center;\"><strong>\u015aRODA 8 maja<\/strong><\/p>\n<p style=\"text-align: center;\"><strong>\u015aw. Stanis\u0142awa, biskupa i m\u0119czennika, g\u0142\u00f3wnego patrona Polski \u2013 uroczysto\u015b\u0107.<\/strong><\/p>\n<\/td>\n<\/tr>\n<tr>\n<td width=\"56\"><strong>7:00<\/strong><\/td>\n<td width=\"643\">1)\u00a0\u00a0\u00a0 + Katarzyn\u0119 O\u0141OWSK\u0104-RYFKA (greg. 8.)<\/p>\n<p>2)\u00a0\u00a0\u00a0 + Stanis\u0142awa MI\u0141OSZEWSKIEGO (z racji imienin).<\/td>\n<\/tr>\n<tr>\n<td width=\"56\"><strong>8:00<\/strong><\/td>\n<td width=\"643\">Rez.<\/td>\n<\/tr>\n<tr>\n<td width=\"56\"><strong>17:45<\/strong><\/td>\n<td width=\"643\"><strong>NOWENNA<\/strong><\/p>\n<p>\u00b7\u00a0\u00a0\u00a0\u00a0\u00a0 O \u0142ask\u0119 pokonania przez Barbar\u0119 choroby nowotworowej.<\/p>\n<p>+ Za zmar\u0142ych przodk\u00f3w z rodzin: PAPIERNIK\u00d3W, WI\u015aNIOCH\u00d3W,\u00a0<br \/>\n\u00a0\u00a0 ROS\u0141ON\u00d3W i STARCZEWSKICH.<\/p>\n<p>+ Krystyn\u0119 KR\u0118\u017bLEWICZ (30 dni po \u015bm.)<\/p>\n<p>+ Daniel\u0119 KRASUSK\u0104 (30 dni po \u015bm.)<\/p>\n<p>+ Szymona STAROST\u0118 (8 r. \u015bm.) i Joann\u0119 KOSESK\u0104 (2 r. \u015bm.)<\/td>\n<\/tr>\n<tr>\n<td colspan=\"2\" width=\"699\"><strong>\u00a0<\/strong><\/td>\n<\/tr>\n<tr>\n<td colspan=\"2\" width=\"699\">\n<p style=\"text-align: center;\"><strong>CZWARTEK\u00a0 9 maja<\/strong><\/p>\n<\/td>\n<\/tr>\n<tr>\n<td width=\"56\"><strong>7:00<\/strong><\/td>\n<td width=\"643\">+ Katarzyn\u0119 O\u0141OWSK\u0104-RYFKA (greg. 9.)<\/td>\n<\/tr>\n<tr>\n<td width=\"56\"><strong>8:00<\/strong><\/td>\n<td width=\"643\">+ Mari\u0119 KOKOT (w dniu imienin i urodzin).<\/td>\n<\/tr>\n<tr>\n<td width=\"56\"><strong>18:00<\/strong><\/td>\n<td width=\"643\">+ Ryszarda KONIUSZY (1 r. \u015bm.) oraz o zdrowie i potrzebne \u0142aski dla Krystyny<br \/>\n\u00a0\u00a0\u00a0TKACZYK.<\/td>\n<\/tr>\n<tr>\n<td colspan=\"2\" width=\"699\"><strong>\u00a0<\/strong><\/td>\n<\/tr>\n<tr>\n<td colspan=\"2\" width=\"699\">\n<p style=\"text-align: center;\"><strong>PI\u0104TEK 10 maja<\/strong><\/p>\n<\/td>\n<\/tr>\n<tr>\n<td width=\"56\"><strong>7:00<\/strong><\/td>\n<td width=\"643\">+ Andrzeja ZAJ\u0104C i zm. z rodziny ZAJ\u0104C\u00d3W.<\/td>\n<\/tr>\n<tr>\n<td width=\"56\"><strong>8:00<\/strong><\/td>\n<td width=\"643\">+ Jana KOWALKOWSKIEGO, Mariann\u0119 i Franciszka MIELNICKICH.<\/td>\n<\/tr>\n<tr>\n<td width=\"56\"><strong>18:00<\/strong><\/td>\n<td width=\"643\">+ Katarzyn\u0119 O\u0141OWSK\u0104-RYFKA (greg. 10.)<\/td>\n<\/tr>\n<tr>\n<td colspan=\"2\" width=\"699\"><strong>\u00a0<\/strong><\/td>\n<\/tr>\n<tr>\n<td colspan=\"2\" width=\"699\">\n<p style=\"text-align: center;\"><strong>SOBOTA 11 maja<\/strong><\/p>\n<p style=\"text-align: center;\"><strong>Naj\u015bwi\u0119tszej Maryi Panny \u0141askawej \u2013 g\u0142\u00f3wnej Patronki Stolicy \u2013 uroczysto\u015b\u0107.<\/strong><\/p>\n<\/td>\n<\/tr>\n<tr>\n<td width=\"56\"><strong>7:00<\/strong><\/td>\n<td width=\"643\">+ Katarzyn\u0119 O\u0141OWSK\u0104-RYFKA (greg. 11.)<\/td>\n<\/tr>\n<tr>\n<td width=\"56\"><strong>8:00<\/strong><\/td>\n<td width=\"643\">\u00b7\u00a0\u00a0\u00a0\u00a0\u00a0 W intencjach czcicieli \u015bw. Micha\u0142a Archanio\u0142a.<\/td>\n<\/tr>\n<tr>\n<td width=\"56\"><strong>18:00<\/strong><\/td>\n<td width=\"643\">+ Stanis\u0142awa \u017bOCHOWSKIEGO (20 r. \u015bm.), Henryk\u0119 \u017bOCHOWSK\u0104 (17 r. \u015bm.)<\/td>\n<\/tr>\n<\/tbody>\n<\/table>\n<\/div><\/section>\n","protected":false},"excerpt":{"rendered":"","protected":false},"author":1,"featured_media":3833,"comment_status":"closed","ping_status":"closed","sticky":false,"template":"","format":"standard","meta":{"ngg_post_thumbnail":0,"footnotes":""},"categories":[6],"tags":[],"class_list":["post-5371","post","type-post","status-publish","format-standard","has-post-thumbnail","hentry","category-intencje-mszalne"],"_links":{"self":[{"href":"https:\/\/mbloretanska.pl\/index.php?rest_route=\/wp\/v2\/posts\/5371","targetHints":{"allow":["GET"]}}],"collection":[{"href":"https:\/\/mbloretanska.pl\/index.php?rest_route=\/wp\/v2\/posts"}],"about":[{"href":"https:\/\/mbloretanska.pl\/index.php?rest_route=\/wp\/v2\/types\/post"}],"author":[{"embeddable":true,"href":"https:\/\/mbloretanska.pl\/index.php?rest_route=\/wp\/v2\/users\/1"}],"replies":[{"embeddable":true,"href":"https:\/\/mbloretanska.pl\/index.php?rest_route=%2Fwp%2Fv2%2Fcomments&post=5371"}],"version-history":[{"count":2,"href":"https:\/\/mbloretanska.pl\/index.php?rest_route=\/wp\/v2\/posts\/5371\/revisions"}],"predecessor-version":[{"id":5373,"href":"https:\/\/mbloretanska.pl\/index.php?rest_route=\/wp\/v2\/posts\/5371\/revisions\/5373"}],"wp:featuredmedia":[{"embeddable":true,"href":"https:\/\/mbloretanska.pl\/index.php?rest_route=\/wp\/v2\/media\/3833"}],"wp:attachment":[{"href":"https:\/\/mbloretanska.pl\/index.php?rest_route=%2Fwp%2Fv2%2Fmedia&parent=5371"}],"wp:term":[{"taxonomy":"category","embeddable":true,"href":"https:\/\/mbloretanska.pl\/index.php?rest_route=%2Fwp%2Fv2%2Fcategories&post=5371"},{"taxonomy":"post_tag","embeddable":true,"href":"https:\/\/mbloretanska.pl\/index.php?rest_route=%2Fwp%2Fv2%2Ftags&post=5371"}],"curies":[{"name":"wp","href":"https:\/\/api.w.org\/{rel}","templated":true}]}}