{"id":5368,"date":"2024-05-04T08:37:57","date_gmt":"2024-05-04T06:37:57","guid":{"rendered":"https:\/\/mbloretanska.pl\/?p=5368"},"modified":"2024-05-04T08:37:58","modified_gmt":"2024-05-04T06:37:58","slug":"vi-niedziela-wielkanocna-05-05-2024","status":"publish","type":"post","link":"https:\/\/mbloretanska.pl\/?p=5368","title":{"rendered":"VI niedziela wielkanocna, 05.05.2024"},"content":{"rendered":"<section  class='av_textblock_section av-lvrqe09q-b53abf9331c3753379fdf30e82ff349d '   itemscope=\"itemscope\" itemtype=\"https:\/\/schema.org\/BlogPosting\" itemprop=\"blogPost\" ><div class='avia_textblock'  itemprop=\"text\" ><p class=\"gmail-MsoListParagraphCxSpFirst\"><span data-ogsc=\"rgb(51, 51, 51)\">1.&nbsp;&nbsp;&nbsp;&nbsp; <\/span>Zapraszamy na nabo\u017ce\u0144stwa majowe, kt\u00f3re w naszym ko\u015bciele odprawiane s\u0105 w niedziele o godz. 17.30, a w dni powszednie po Mszy \u015bw. wieczornej.<\/p>\n<p class=\"gmail-MsoListParagraphCxSpFirst\"><span data-ogsc=\"rgb(51, 51, 51)\">2.&nbsp;&nbsp;&nbsp;&nbsp; <\/span>Dzi\u015b z racji I niedzieli miesi\u0105ca o godz. 16.00 spotkanie K\u00f3\u0142 \u017bywego R\u00f3\u017ca\u0144ca. O 17.00 wystawienie i osobista adoracja Naj\u015bwi\u0119tszego Sakramentu, a o 17.30 nabo\u017ce\u0144stwo majowe.<\/p>\n<p class=\"gmail-MsoListParagraphCxSpMiddle\"><span data-ogsc=\"rgb(51, 51, 51)\">3.&nbsp;&nbsp;&nbsp;&nbsp; <\/span>Jutro, w poniedzia\u0142ek&nbsp; 6 maja \u015bwi\u0119to \u015bw. Aposto\u0142\u00f3w Filipa i Jakuba.<\/p>\n<p class=\"gmail-MsoListParagraphCxSpMiddle\"><span data-ogsc=\"rgb(51, 51, 51)\">4.&nbsp;&nbsp;&nbsp;&nbsp; <\/span>W \u015brod\u0119 8 maja uroczysto\u015b\u0107 \u015bw. Stanis\u0142awa g\u0142\u00f3wnego patrona Polski. Msze \u015bw. o godz. 7.00, 8.00 i 18.00. Nabo\u017ce\u0144stwo majowe po Mszy wieczornej. Kancelaria parafialna przed po\u0142udniem w godz. 10.00 \u2013 11.00 b\u0119dzie nieczynna.<\/p>\n<p class=\"gmail-MsoListParagraphCxSpMiddle\"><span data-ogsc=\"rgb(51, 51, 51)\">5.&nbsp;&nbsp;&nbsp;&nbsp; <\/span>W pi\u0105tek rozpoczynamy nowenn\u0119 przed Zes\u0142aniem Ducha \u015awi\u0119tego.<\/p>\n<p class=\"gmail-MsoListParagraphCxSpMiddle\"><span data-ogsc=\"rgb(51, 51, 51)\">6.&nbsp;&nbsp;&nbsp;&nbsp; <\/span>W sobot\u0119 11 maja w Warszawie uroczysto\u015b\u0107 NMP \u0141askawej, g\u0142\u00f3wnej Patronki stolicy. Msze \u015bw. w naszym ko\u015bciele o godz. 7.00, 8.00 i 18.00. Bp Warszawsko &#8211; Praski Romuald Kami\u0144ski zaprasza wszystkich czcicieli Matki Bo\u017cej \u0141askawej do naszej bazyliki \u015bw. Floriana na uroczyst\u0105 modlitw\u0119 na godz. 12.00.<\/p>\n<p class=\"gmail-MsoListParagraphCxSpMiddle\"><span data-ogsc=\"rgb(51, 51, 51)\">7.&nbsp; <\/span>W dniach od 11 do 18 maja br. w diecezji warszawsko-praskiej b\u0119dzie mia\u0142a miejsce peregrynacja relikwii b\u0142. rodziny Ulm\u00f3w. W katedrze b\u0119dzie mo\u017cna modli\u0107 si\u0119 przy relikwiach 11 i 12 maja. Wi\u0119cej informacji na stronie diecezjalnej <a title=\"http:\/\/www.diecezja.waw.pl\" href=\"http:\/\/www.diecezja.waw.pl\/\" data-ogsc=\"\">www.diecezja.waw.pl<\/a><\/p>\n<p class=\"gmail-MsoListParagraphCxSpMiddle\"><span data-ogsc=\"rgb(51, 51, 51)\">8.&nbsp; <\/span>W przysz\u0142\u0105 niedziel\u0119 Uroczysto\u015b\u0107 Wniebowst\u0105pienia Pa\u0144skiego.&nbsp; &nbsp; &nbsp; &nbsp; &nbsp; &nbsp;&nbsp;<\/p>\n<p class=\"gmail-MsoListParagraphCxSpMiddle\"><span data-ogsc=\"rgb(51, 51, 51)\">9.&nbsp; <\/span>Za tydzie\u0144 z racji 2 niedzieli miesi\u0105ca taca na inwestycje parafialne, a za dwa tygodnie na seminarium duchowne.<\/p>\n<p class=\"gmail-MsoListParagraphCxSpMiddle\"><span data-ogsc=\"rgb(51, 51, 51)\">10.&nbsp; &nbsp;<\/span>Wszystkim solenizantkom i solenizantom tego tygodnia \u017cyczymy mi\u0142o\u015bci od bliskich, Bo\u017cego b\u0142ogos\u0142awie\u0144stwa i opieki \u015bw. patron\u00f3w. Maturzyst\u00f3w &nbsp;&nbsp;&nbsp;wspieramy modlitw\u0105 i \u017cyczymy pomy\u015blno\u015bci w czasie egzamin\u00f3w.<\/p>\n<\/div><\/section>\n","protected":false},"excerpt":{"rendered":"","protected":false},"author":1,"featured_media":3832,"comment_status":"closed","ping_status":"closed","sticky":false,"template":"","format":"standard","meta":{"ngg_post_thumbnail":0,"footnotes":""},"categories":[3],"tags":[],"class_list":["post-5368","post","type-post","status-publish","format-standard","has-post-thumbnail","hentry","category-ogloszenia-duszpasterskie"],"_links":{"self":[{"href":"https:\/\/mbloretanska.pl\/index.php?rest_route=\/wp\/v2\/posts\/5368","targetHints":{"allow":["GET"]}}],"collection":[{"href":"https:\/\/mbloretanska.pl\/index.php?rest_route=\/wp\/v2\/posts"}],"about":[{"href":"https:\/\/mbloretanska.pl\/index.php?rest_route=\/wp\/v2\/types\/post"}],"author":[{"embeddable":true,"href":"https:\/\/mbloretanska.pl\/index.php?rest_route=\/wp\/v2\/users\/1"}],"replies":[{"embeddable":true,"href":"https:\/\/mbloretanska.pl\/index.php?rest_route=%2Fwp%2Fv2%2Fcomments&post=5368"}],"version-history":[{"count":1,"href":"https:\/\/mbloretanska.pl\/index.php?rest_route=\/wp\/v2\/posts\/5368\/revisions"}],"predecessor-version":[{"id":5369,"href":"https:\/\/mbloretanska.pl\/index.php?rest_route=\/wp\/v2\/posts\/5368\/revisions\/5369"}],"wp:featuredmedia":[{"embeddable":true,"href":"https:\/\/mbloretanska.pl\/index.php?rest_route=\/wp\/v2\/media\/3832"}],"wp:attachment":[{"href":"https:\/\/mbloretanska.pl\/index.php?rest_route=%2Fwp%2Fv2%2Fmedia&parent=5368"}],"wp:term":[{"taxonomy":"category","embeddable":true,"href":"https:\/\/mbloretanska.pl\/index.php?rest_route=%2Fwp%2Fv2%2Fcategories&post=5368"},{"taxonomy":"post_tag","embeddable":true,"href":"https:\/\/mbloretanska.pl\/index.php?rest_route=%2Fwp%2Fv2%2Ftags&post=5368"}],"curies":[{"name":"wp","href":"https:\/\/api.w.org\/{rel}","templated":true}]}}