{"id":5362,"date":"2024-04-26T13:18:42","date_gmt":"2024-04-26T11:18:42","guid":{"rendered":"https:\/\/mbloretanska.pl\/?p=5362"},"modified":"2024-04-26T13:18:42","modified_gmt":"2024-04-26T11:18:42","slug":"v-niedziela-wielkanocna-28-04-2024","status":"publish","type":"post","link":"https:\/\/mbloretanska.pl\/?p=5362","title":{"rendered":"V niedziela wielkanocna 28.04.2024"},"content":{"rendered":"<section  class='av_textblock_section av-lvgkwdeh-58e585c01511d17325d3a51bb1f58af6 '   itemscope=\"itemscope\" itemtype=\"https:\/\/schema.org\/BlogPosting\" itemprop=\"blogPost\" ><div class='avia_textblock'  itemprop=\"text\" ><p class=\"gmail-MsoListParagraphCxSpFirst\"><span data-ogsc=\"rgb(51, 51, 51)\">1.&nbsp;&nbsp;&nbsp;&nbsp; <\/span>W \u015brod\u0119 pierwszy dzie\u0144 maja &#8211; miesi\u0105ca po\u015bwi\u0119conego Matce Bo\u017cej. Zapraszamy na nabo\u017ce\u0144stwa majowe, kt\u00f3re w naszym ko\u015bciele odprawiane s\u0105 w niedziele i \u015bwi\u0119ta o godz. 17.30, a w dni powszednie po Mszy \u015bw. wieczornej. 1 Maja nie jest \u015bwi\u0119tem ko\u015bcielnym \u2013 Msze \u015bw. i nabo\u017ce\u0144stwo majowe jak w dzie\u0144 zwyk\u0142y.<\/p>\n<p class=\"gmail-MsoListParagraphCxSpFirst\"><span data-ogsc=\"rgb(51, 51, 51)\">2.&nbsp;&nbsp;&nbsp;&nbsp; <\/span>W pi\u0105tek 3 maja Uroczysto\u015b\u0107 NMP Kr\u00f3lowej Polski i Narodowe \u015awi\u0119to Konstytucji. Msze \u015bw. o godz. 7.00, 8.30, 10.00 i 18.00. Nabo\u017ce\u0144stwo majowe ze wzgl\u0119du na \u015blub b\u0119dzie wyj\u0105tkowo po Mszy wieczornej. Z racji uroczysto\u015bci mo\u017cemy spo\u017cywa\u0107 pokarmy mi\u0119sne.<\/p>\n<p class=\"gmail-MsoListParagraphCxSpFirst\"><span data-ogsc=\"rgb(51, 51, 51)\">3.&nbsp;&nbsp;&nbsp;&nbsp; <\/span>W \u015brod\u0119 1-go maja i w pi\u0105tek 3-go maja kancelaria parafialna b\u0119dzie nieczynna.<\/p>\n<p class=\"gmail-MsoListParagraphCxSpFirst\"><span data-ogsc=\"rgb(51, 51, 51)\">4.&nbsp;&nbsp;&nbsp;&nbsp; <\/span>W tym tygodniu przypada I sobota miesi\u0105ca. Msza \u015bw. z nabo\u017ce\u0144stwem do Niepokalanego Serca Maryi w Domku Loreta\u0144skim o godz. 8.00.<\/p>\n<p class=\"gmail-MsoListParagraphCxSpMiddle\"><span data-ogsc=\"rgb(51, 51, 51)\">5.&nbsp;&nbsp;&nbsp;&nbsp; <\/span>W dniach od 11 do 18 maja br. w diecezji warszawsko-praskiej b\u0119dzie mia\u0142a miejsce peregrynacja relikwii b\u0142. rodziny Ulm\u00f3w. W katedrze \u015bw. Floriana b\u0119dzie mo\u017cna modli\u0107 si\u0119 przy relikwiach 11 i 12 maja. Wi\u0119cej informacji na stronie diecezjalnej <a title=\"http:\/\/www.diecezja.waw.pl\" href=\"http:\/\/www.diecezja.waw.pl\/\" data-ogsc=\"\">www.diecezja.waw.pl<\/a>.<\/p>\n<p class=\"gmail-MsoListParagraphCxSpMiddle\"><span data-ogsc=\"rgb(51, 51, 51)\">6.&nbsp;&nbsp;&nbsp;&nbsp; <\/span>Nowy numer tygodnika <i>Idziemy <\/i>jest wyj\u0105tkowo numerem podw\u00f3jnym, bogatszym w tre\u015b\u0107 st\u0105d jego cena to nie 5 ale 8 z\u0142.<\/p>\n<p class=\"gmail-MsoListParagraphCxSpLast\"><span data-ogsc=\"rgb(51, 51, 51)\">7.&nbsp;&nbsp;&nbsp;&nbsp;&nbsp;&nbsp; <\/span>Stowarzyszenie Musica Vera zaprasza w dniach od 1 do 4 maja na I Warszawsko-Praski Festiwal Muzyki Sakralnej. Cztery festiwalowe dni d\u0142ugiego weekendu majowego b\u0119d\u0105 po\u015bwi\u0119cone muzyce si\u0119gaj\u0105cej nieba. Uroczysta Msza \u015awi\u0119ta inauguracyjna pod przewodnictwem Biskupa Romualda Kami\u0144skiego w \u015brod\u0119 1 maja o godzinie 18:00. Na kolejne, wyj\u0105tkowe koncerty 2, 3 i 4 maja, zapraszamy na godzin\u0119 20:00. Na wszystkie wydarzenia wst\u0119p jest bezp\u0142atny! Wi\u0119cej informacji na tablicy og\u0142osze\u0144.<\/p>\n<\/div><\/section>\n","protected":false},"excerpt":{"rendered":"","protected":false},"author":1,"featured_media":3832,"comment_status":"closed","ping_status":"closed","sticky":false,"template":"","format":"standard","meta":{"ngg_post_thumbnail":0,"footnotes":""},"categories":[3],"tags":[],"class_list":["post-5362","post","type-post","status-publish","format-standard","has-post-thumbnail","hentry","category-ogloszenia-duszpasterskie"],"_links":{"self":[{"href":"https:\/\/mbloretanska.pl\/index.php?rest_route=\/wp\/v2\/posts\/5362","targetHints":{"allow":["GET"]}}],"collection":[{"href":"https:\/\/mbloretanska.pl\/index.php?rest_route=\/wp\/v2\/posts"}],"about":[{"href":"https:\/\/mbloretanska.pl\/index.php?rest_route=\/wp\/v2\/types\/post"}],"author":[{"embeddable":true,"href":"https:\/\/mbloretanska.pl\/index.php?rest_route=\/wp\/v2\/users\/1"}],"replies":[{"embeddable":true,"href":"https:\/\/mbloretanska.pl\/index.php?rest_route=%2Fwp%2Fv2%2Fcomments&post=5362"}],"version-history":[{"count":1,"href":"https:\/\/mbloretanska.pl\/index.php?rest_route=\/wp\/v2\/posts\/5362\/revisions"}],"predecessor-version":[{"id":5363,"href":"https:\/\/mbloretanska.pl\/index.php?rest_route=\/wp\/v2\/posts\/5362\/revisions\/5363"}],"wp:featuredmedia":[{"embeddable":true,"href":"https:\/\/mbloretanska.pl\/index.php?rest_route=\/wp\/v2\/media\/3832"}],"wp:attachment":[{"href":"https:\/\/mbloretanska.pl\/index.php?rest_route=%2Fwp%2Fv2%2Fmedia&parent=5362"}],"wp:term":[{"taxonomy":"category","embeddable":true,"href":"https:\/\/mbloretanska.pl\/index.php?rest_route=%2Fwp%2Fv2%2Fcategories&post=5362"},{"taxonomy":"post_tag","embeddable":true,"href":"https:\/\/mbloretanska.pl\/index.php?rest_route=%2Fwp%2Fv2%2Ftags&post=5362"}],"curies":[{"name":"wp","href":"https:\/\/api.w.org\/{rel}","templated":true}]}}