{"id":5353,"date":"2024-04-19T16:15:37","date_gmt":"2024-04-19T14:15:37","guid":{"rendered":"https:\/\/mbloretanska.pl\/?p=5353"},"modified":"2024-04-19T16:15:38","modified_gmt":"2024-04-19T14:15:38","slug":"iv-niedziela-wielkanocna-21-04-2024","status":"publish","type":"post","link":"https:\/\/mbloretanska.pl\/?p=5353","title":{"rendered":"IV niedziela wielkanocna 21.04.2024"},"content":{"rendered":"<section  class='av_textblock_section av-lv6r5ee1-a979d668ce7c7e43cc482271250c96c2 '   itemscope=\"itemscope\" itemtype=\"https:\/\/schema.org\/BlogPosting\" itemprop=\"blogPost\" ><div class='avia_textblock'  itemprop=\"text\" ><p class=\"gmail-MsoListParagraphCxSpMiddle\"><span data-ogsc=\"rgb(51, 51, 51)\">1.&nbsp;&nbsp;&nbsp;&nbsp; <\/span>Niedziela Dobrego Pasterza rozpoczyna tydzie\u0144 modlitw o powo\u0142ania kap\u0142a\u0144skie, zakonne, misyjne oraz do \u017cycia konsekrowanego. Do\u0142\u0105czmy te intencje do swojej osobistej modlitwy.<\/p>\n<p class=\"gmail-MsoListParagraphCxSpMiddle\"><span data-ogsc=\"rgb(51, 51, 51)\">2.&nbsp;&nbsp;&nbsp;&nbsp; <\/span>Dzi\u015b o godz. 12.30 Msza \u015bw. z racji 105 rocznicy nadania genera\u0142owi J\u00f3zefowi Hallerowi tytu\u0142u Honorowego Obywatela Warszawy. Po Mszy \u015bw. przemarsz i cz\u0119\u015b\u0107 oficjalna na Placu Hallera, a po niej na terenie parafialnym piknik historyczno-edukacyjny. Wi\u0119cej informacji o tym wydarzeniu na tablicy og\u0142osze\u0144.<\/p>\n<p class=\"gmail-MsoListParagraphCxSpMiddle\"><span data-ogsc=\"rgb(51, 51, 51)\">3.&nbsp;&nbsp;&nbsp;&nbsp; <\/span>We wtorek 23.04 uroczysto\u015b\u0107 \u015bw. Wojciecha, biskupa i m\u0119czennika, g\u0142\u00f3wnego patrona Polski. W &nbsp;czwartek 25.04 \u015bwi\u0119to \u015bw. Marka Ewangelisty. Msze \u015bw. jak w dzie\u0144 zwyk\u0142y.<\/p>\n<p class=\"gmail-MsoListParagraphCxSpMiddle\"><span data-ogsc=\"rgb(51, 51, 51)\">4.&nbsp;&nbsp;&nbsp;&nbsp; <\/span>Wszystkim solenizantom, solenizantkom i jubilatom tego tygodnia \u017cyczymy Bo\u017cego b\u0142ogos\u0142awie\u0144stwa, mi\u0142o\u015bci od bliskich i opieki \u015bwi\u0119tych patron\u00f3w.<\/p>\n<p class=\"gmail-MsoListParagraphCxSpMiddle\"><span data-ogsc=\"rgb(51, 51, 51)\">5.&nbsp;&nbsp;&nbsp;&nbsp; <\/span>W dniach od 11 do 18 maja br. w diecezji warszawsko-praskiej b\u0119dzie mia\u0142a miejsce peregrynacja relikwii b\u0142. rodziny Ulm\u00f3w. W katedrze \u015bw. Floriana b\u0119dzie mo\u017cna modli\u0107 si\u0119 przy relikwiach 11 i 12 maja. Wi\u0119cej informacji na stronie diecezjalnej <a title=\"http:\/\/www.diecezja.waw.pl\" href=\"http:\/\/www.diecezja.waw.pl\/\" data-ogsc=\"\" data-outlook-id=\"d2328ceb-646f-4b85-a799-bb1a8fa0d15a\">www.diecezja.waw.pl<\/a>.<\/p>\n<p class=\"gmail-MsoListParagraphCxSpMiddle\"><span data-ogsc=\"rgb(51, 51, 51)\">6.&nbsp;&nbsp;&nbsp;&nbsp; <\/span>Na stoliku prasowym znajdziemy nowy numer tygodnika <i>Idziemy <\/i>oraz<i> <\/i>gazetk\u0119 parafialn\u0105<i> We\u017a Ewangeli\u0119 do domu.<\/i><\/p>\n<p class=\"gmail-MsoListParagraphCxSpMiddle\"><span data-ogsc=\"rgb(51, 51, 51)\">7.&nbsp;&nbsp;&nbsp;&nbsp; <\/span>W tym tygodniu po\u017cegnali\u015bmy w naszej parafii \u015bp. pani\u0105 Ann\u0119 Filareck\u0105. Pole\u0107my j\u0105 Bo\u017cemu mi\u0142osierdziu we wsp\u00f3lnej modlitwie.<\/p>\n<\/div><\/section>\n","protected":false},"excerpt":{"rendered":"","protected":false},"author":1,"featured_media":3832,"comment_status":"closed","ping_status":"closed","sticky":false,"template":"","format":"standard","meta":{"ngg_post_thumbnail":0,"footnotes":""},"categories":[3],"tags":[],"class_list":["post-5353","post","type-post","status-publish","format-standard","has-post-thumbnail","hentry","category-ogloszenia-duszpasterskie"],"_links":{"self":[{"href":"https:\/\/mbloretanska.pl\/index.php?rest_route=\/wp\/v2\/posts\/5353","targetHints":{"allow":["GET"]}}],"collection":[{"href":"https:\/\/mbloretanska.pl\/index.php?rest_route=\/wp\/v2\/posts"}],"about":[{"href":"https:\/\/mbloretanska.pl\/index.php?rest_route=\/wp\/v2\/types\/post"}],"author":[{"embeddable":true,"href":"https:\/\/mbloretanska.pl\/index.php?rest_route=\/wp\/v2\/users\/1"}],"replies":[{"embeddable":true,"href":"https:\/\/mbloretanska.pl\/index.php?rest_route=%2Fwp%2Fv2%2Fcomments&post=5353"}],"version-history":[{"count":1,"href":"https:\/\/mbloretanska.pl\/index.php?rest_route=\/wp\/v2\/posts\/5353\/revisions"}],"predecessor-version":[{"id":5354,"href":"https:\/\/mbloretanska.pl\/index.php?rest_route=\/wp\/v2\/posts\/5353\/revisions\/5354"}],"wp:featuredmedia":[{"embeddable":true,"href":"https:\/\/mbloretanska.pl\/index.php?rest_route=\/wp\/v2\/media\/3832"}],"wp:attachment":[{"href":"https:\/\/mbloretanska.pl\/index.php?rest_route=%2Fwp%2Fv2%2Fmedia&parent=5353"}],"wp:term":[{"taxonomy":"category","embeddable":true,"href":"https:\/\/mbloretanska.pl\/index.php?rest_route=%2Fwp%2Fv2%2Fcategories&post=5353"},{"taxonomy":"post_tag","embeddable":true,"href":"https:\/\/mbloretanska.pl\/index.php?rest_route=%2Fwp%2Fv2%2Ftags&post=5353"}],"curies":[{"name":"wp","href":"https:\/\/api.w.org\/{rel}","templated":true}]}}