{"id":5350,"date":"2024-04-13T22:19:30","date_gmt":"2024-04-13T20:19:30","guid":{"rendered":"https:\/\/mbloretanska.pl\/?p=5350"},"modified":"2024-04-13T22:20:30","modified_gmt":"2024-04-13T20:20:30","slug":"21-04-2024-r-grupa-historyczno-edukacyjna-szare-szeregi-zaprasza","status":"publish","type":"post","link":"https:\/\/mbloretanska.pl\/?p=5350","title":{"rendered":"21.04.2024 r. Grupa Historyczno-Edukacyjna \u201eSzare Szeregi\u201d zaprasza!"},"content":{"rendered":"<section  class='av_textblock_section av-luyjgyur-89e68fe2cfff50f47a77fe259995bfaf '   itemscope=\"itemscope\" itemtype=\"https:\/\/schema.org\/BlogPosting\" itemprop=\"blogPost\" ><div class='avia_textblock'  itemprop=\"text\" ><h4 class=\"gmail-normal\" align=\"center\"><b><span lang=\"pl\"><span dir=\"ltr\">21 kwietnia 2024<\/span> r.<\/span><\/b><\/h4>\n<h4 class=\"gmail-normal\" align=\"center\"><b><span lang=\"pl\">Grupa Historyczno-Edukacyjna Szare Szeregi<\/span><\/b><\/h4>\n<h4 class=\"gmail-normal\" align=\"center\"><b><span lang=\"pl\">Serdecznie Zaprasza na:<\/span><\/b><\/h4>\n<h4 class=\"gmail-normal\" align=\"center\"><span lang=\"pl\">&nbsp;<\/span><\/h4>\n<p class=\"gmail-normal\" align=\"center\"><b><span lang=\"pl\">Obchody 105 rocznicy nadania Honorowego Obywatela Warszawy Genera\u0142owi J\u00f3zefowi Hallerowi i przybycia B\u0142\u0119kitnej Armii do Polski.<\/span><\/b><b><span lang=\"pl\">&nbsp;<\/span><\/b><\/p>\n<p class=\"gmail-normal\" align=\"center\"><b><span lang=\"pl\">PROGRAM UROCZYSTO\u015aCI: <span dir=\"ltr\">12:30-14:30<\/span><\/span><\/b><\/p>\n<ul>\n<li class=\"gmail-normal\"><b><span lang=\"pl\">12:30-Msza w intencji \u017co\u0142nierzy \u201eB\u0142\u0119kitnej Armii\u201d oraz ich dow\u00f3dcy \u2013 genera\u0142a J\u00f3zefa Hallera w Ko\u015bciele Matki Bo\u017cej Loreta\u0144skiej. (Przy ulicy Ratuszowej 5A Warszawa)<\/span><\/b><\/li>\n<li class=\"gmail-normal\"><b><span lang=\"pl\">13:30-Przemarsz i Defilada Historyczna na <span dir=\"ltr\">Plac Hallera<\/span>.<\/span><\/b><\/li>\n<li><b><span lang=\"pl\">14:00-Rozpocz\u0119cie oficjalnej cz\u0119\u015bci uroczysto\u015bci pod tablic\u0105 upami\u0119tniaj\u0105c\u0105 Gen. Hallera<\/span><\/b><\/li>\n<li class=\"gmail-normal\"><b><span lang=\"pl\"><span dir=\"ltr\">14:00-17:00<\/span> PIKNIK HISTORYCZNO-EDUKACYJNY &nbsp;&nbsp;PT. ,,ZOSTA\u0143 HALLERCZYKIEM,, &nbsp;Teren Parafii Matki Bo\u017cej Loreta\u0144skiej<\/span><\/b><\/li>\n<\/ul>\n<p class=\"gmail-normal\"><b><span lang=\"pl\">Punkt werbunkowy<\/span><\/b><\/p>\n<p class=\"gmail-normal\"><span lang=\"pl\">\u25cf&nbsp;&nbsp;&nbsp;&nbsp;&nbsp; <\/span><b><span lang=\"pl\">Warsztaty \u015blusarskie-Odbicie Orze\u0142ka B\u0142\u0119kitnej Armii<\/span><\/b><\/p>\n<p class=\"gmail-normal\"><span lang=\"pl\">\u25cf&nbsp;&nbsp;&nbsp;&nbsp;&nbsp; <\/span><b><span lang=\"pl\">Szpital Polowy<\/span><\/b><\/p>\n<p class=\"gmail-normal\"><span lang=\"pl\">\u25cf&nbsp;&nbsp;&nbsp;&nbsp;&nbsp; <\/span><b><span lang=\"pl\">Musztra wojskowa<\/span><\/b><\/p>\n<p class=\"gmail-normal\"><span lang=\"pl\">\u25cf&nbsp;&nbsp;&nbsp;&nbsp;&nbsp; <\/span><b><span lang=\"pl\">Wojskowy tor sprawno\u015bciowy<\/span><\/b><\/p>\n<p class=\"gmail-normal\"><span lang=\"pl\">\u25cf&nbsp;&nbsp;&nbsp;&nbsp;&nbsp; <\/span><b><span lang=\"pl\">Punkt \u0142\u0105czno\u015bci<\/span><\/b><\/p>\n<p class=\"gmail-normal\"><span lang=\"pl\">\u25cf&nbsp;&nbsp;&nbsp;&nbsp;&nbsp; <\/span><b><span lang=\"pl\">Wystawa sprz\u0119tu i wyposa\u017cenia Wojska Polskiego<\/span><\/b><\/p>\n<p class=\"gmail-normal\"><span lang=\"pl\">\u25cf&nbsp;&nbsp;&nbsp;&nbsp; <\/span><b><span lang=\"pl\">Wystawa Pojazd\u00f3w Historycznych<\/span><\/b><\/p>\n<\/div><\/section>\n","protected":false},"excerpt":{"rendered":"","protected":false},"author":1,"featured_media":2692,"comment_status":"closed","ping_status":"closed","sticky":false,"template":"","format":"standard","meta":{"ngg_post_thumbnail":0,"footnotes":""},"categories":[1],"tags":[],"class_list":["post-5350","post","type-post","status-publish","format-standard","has-post-thumbnail","hentry","category-aktualnosci"],"_links":{"self":[{"href":"https:\/\/mbloretanska.pl\/index.php?rest_route=\/wp\/v2\/posts\/5350","targetHints":{"allow":["GET"]}}],"collection":[{"href":"https:\/\/mbloretanska.pl\/index.php?rest_route=\/wp\/v2\/posts"}],"about":[{"href":"https:\/\/mbloretanska.pl\/index.php?rest_route=\/wp\/v2\/types\/post"}],"author":[{"embeddable":true,"href":"https:\/\/mbloretanska.pl\/index.php?rest_route=\/wp\/v2\/users\/1"}],"replies":[{"embeddable":true,"href":"https:\/\/mbloretanska.pl\/index.php?rest_route=%2Fwp%2Fv2%2Fcomments&post=5350"}],"version-history":[{"count":2,"href":"https:\/\/mbloretanska.pl\/index.php?rest_route=\/wp\/v2\/posts\/5350\/revisions"}],"predecessor-version":[{"id":5352,"href":"https:\/\/mbloretanska.pl\/index.php?rest_route=\/wp\/v2\/posts\/5350\/revisions\/5352"}],"wp:featuredmedia":[{"embeddable":true,"href":"https:\/\/mbloretanska.pl\/index.php?rest_route=\/wp\/v2\/media\/2692"}],"wp:attachment":[{"href":"https:\/\/mbloretanska.pl\/index.php?rest_route=%2Fwp%2Fv2%2Fmedia&parent=5350"}],"wp:term":[{"taxonomy":"category","embeddable":true,"href":"https:\/\/mbloretanska.pl\/index.php?rest_route=%2Fwp%2Fv2%2Fcategories&post=5350"},{"taxonomy":"post_tag","embeddable":true,"href":"https:\/\/mbloretanska.pl\/index.php?rest_route=%2Fwp%2Fv2%2Ftags&post=5350"}],"curies":[{"name":"wp","href":"https:\/\/api.w.org\/{rel}","templated":true}]}}