{"id":5328,"date":"2024-03-30T08:46:05","date_gmt":"2024-03-30T07:46:05","guid":{"rendered":"https:\/\/mbloretanska.pl\/?p=5328"},"modified":"2024-03-30T08:46:07","modified_gmt":"2024-03-30T07:46:07","slug":"intencje-mszalne-31-03-06-04-2024","status":"publish","type":"post","link":"https:\/\/mbloretanska.pl\/?p=5328","title":{"rendered":"intencje mszalne 31.03-06.04.2024"},"content":{"rendered":"<section  class='av_textblock_section av-ludsfcz8-7c50aa0ff0aad9b3e87709e6131dda4b '   itemscope=\"itemscope\" itemtype=\"https:\/\/schema.org\/BlogPosting\" itemprop=\"blogPost\" ><div class='avia_textblock'  itemprop=\"text\" ><table style=\"font-weight: 400;\" width=\"699\">\n<tbody>\n<tr>\n<td colspan=\"2\" width=\"699\"><strong>&nbsp;<\/strong><\/td>\n<\/tr>\n<tr>\n<td colspan=\"2\" width=\"699\">\n<p style=\"text-align: center;\"><strong>NIEDZIELA&nbsp; ZMARTWYCHWSTANIA PA\u0143SKIEGO <\/strong><\/p>\n<p style=\"text-align: center;\"><strong>(31 marca 2024 r.)<\/strong><\/p>\n<\/td>\n<\/tr>\n<tr>\n<td width=\"56\"><strong>6:00<\/strong><\/td>\n<td width=\"643\">Za PARAFIAN.<\/td>\n<\/tr>\n<tr>\n<td width=\"56\"><strong>8:30<\/strong><\/td>\n<td width=\"643\">+ Mari\u0119 i Micha\u0142a PI\u0104TK\u00d3W.<\/td>\n<\/tr>\n<tr>\n<td width=\"56\"><strong>10:00<\/strong><\/td>\n<td width=\"643\">\u00b7&nbsp;&nbsp;&nbsp;&nbsp;&nbsp; Int. dzi\u0119kczynna w 67 r. \u015blubu p. Barbary i Jana BIE\u0143KO, z pro\u015bb\u0105 o b\u0142og. Bo\u017ce<br \/>\ni opiek\u0119 Matki Bo\u017cej Loreta\u0144skiej na dalsze lata.<\/td>\n<\/tr>\n<tr>\n<td width=\"56\"><strong>11:00<\/strong><\/td>\n<td width=\"643\">+ Eugeni\u0119 SZKAR\u0141AT (3 r. \u015bm.)<\/td>\n<\/tr>\n<tr>\n<td width=\"56\"><strong>12:30<\/strong><\/td>\n<td width=\"643\">+ Janin\u0119 i Mariana MAJEWSKICH oraz Czes\u0142aw\u0119 ROTULSK\u0104.<\/td>\n<\/tr>\n<tr>\n<td width=\"56\"><strong>18:00<\/strong><\/td>\n<td width=\"643\">+ Karola STANASZKA<\/td>\n<\/tr>\n<tr>\n<td colspan=\"2\" width=\"699\"><strong>&nbsp;<\/strong><\/td>\n<\/tr>\n<tr>\n<td colspan=\"2\" width=\"699\">\n<p style=\"text-align: center;\"><strong>PONIEDZIA\u0141EK WIELKANOCNY&nbsp; (1 kwietnia)<\/strong><\/p>\n<\/td>\n<\/tr>\n<tr>\n<td width=\"56\"><strong>7:00<\/strong><\/td>\n<td width=\"643\">+ Marka DUTKIEWICZA (greg. 1.)<\/td>\n<\/tr>\n<tr>\n<td width=\"56\"><strong>8:00<\/strong><\/td>\n<td width=\"643\">+ Za zmar\u0142ych z rodziny KORCZ\u00d3W, PIETRZAK\u00d3W, PETLAK\u00d3W i ich bliskich.<\/td>\n<\/tr>\n<tr>\n<td width=\"56\"><strong>10:00<\/strong><\/td>\n<td width=\"643\">+ Adolfa PIOTROWSKIEGO (6 r. \u015bm.)<\/td>\n<\/tr>\n<tr>\n<td width=\"56\"><strong>11:00<\/strong><\/td>\n<td width=\"643\">+ Barbar\u0119 RYBA (1 r. \u015bm.)<\/td>\n<\/tr>\n<tr>\n<td width=\"56\"><strong>12:30<\/strong><\/td>\n<td width=\"643\">\u00b7&nbsp;&nbsp;&nbsp;&nbsp;&nbsp; O Bo\u017c\u0105 opiek\u0119 i potrzebne \u0142aski dla rodziny KOWALCZYK\u00d3W, BAGGE<br \/>\noraz NIEWIADOMYCH.<\/td>\n<\/tr>\n<tr>\n<td width=\"56\"><strong>18:00<\/strong><\/td>\n<td width=\"643\">+ Magdalen\u0119 NOWACK\u0104 (15 r. \u015bm.)<\/td>\n<\/tr>\n<tr>\n<td colspan=\"2\" width=\"699\">&nbsp;<\/td>\n<\/tr>\n<tr>\n<td colspan=\"2\" width=\"699\">\n<p style=\"text-align: center;\"><strong>WTOREK <em>(w oktawie Wielkanocy)<\/em>&nbsp;2 kwietnia<\/strong><\/p>\n<\/td>\n<\/tr>\n<tr>\n<td width=\"56\"><strong>7:00<\/strong><\/td>\n<td width=\"643\">+ Zofi\u0119, Maksymiliana, Grzegorza, Jana PAWLIK\u00d3W i zm. z c.r. PAWLIK\u00d3W.&nbsp;<\/td>\n<\/tr>\n<tr>\n<td width=\"56\"><strong>8:00<\/strong><\/td>\n<td width=\"643\">+ Mariana JASKULAKA i zm. z jego rodziny.&nbsp;<\/td>\n<\/tr>\n<tr>\n<td width=\"56\"><strong>18:00<\/strong><\/td>\n<td width=\"643\">+ Marka DUTKIEWICZA (greg. 2.)<\/td>\n<\/tr>\n<tr>\n<td colspan=\"2\" width=\"699\">&nbsp;<\/td>\n<\/tr>\n<tr>\n<td colspan=\"2\" width=\"699\">\n<p style=\"text-align: center;\"><strong>\u015aRODA <em>(w oktawie Wielkanocy)<\/em> 3 kwietnia<\/strong><\/p>\n<\/td>\n<\/tr>\n<tr>\n<td width=\"56\"><strong>7:00<\/strong><\/td>\n<td width=\"643\">+ Marka DUTKIEWICZA (greg. 3.)<\/td>\n<\/tr>\n<tr>\n<td width=\"56\"><strong>8:00<\/strong><\/td>\n<td width=\"643\">+ Ryszarda CZARNECKIEGO ( int. imieninowa), jego \u017con\u0119 Wies\u0142aw\u0119,<br \/>\n&nbsp;&nbsp; wnuka Sebastiana, syna Wojciecha oraz rodzic\u00f3w Stanis\u0142awa i Gabriel\u0119.<\/td>\n<\/tr>\n<tr>\n<td width=\"56\"><strong>17:45<\/strong><\/td>\n<td width=\"643\">\u00b7&nbsp;&nbsp;&nbsp;&nbsp;&nbsp; W intencji Barbary, o \u0142ask\u0119 uzdrowienia z choroby nowotworowej.&nbsp;<\/p>\n<p>+ Ryszarda, J\u00f3zef\u0119, Stanis\u0142awa GUTRY, Stanis\u0142aw\u0119 i Jana TYSZK\u00d3W.<\/p>\n<p>+ Piotra DOBKOWSKIEGO (1 r. \u015bm.), Janin\u0119 i Jana KO\u015aKO.<\/td>\n<\/tr>\n<tr>\n<td colspan=\"2\" width=\"699\"><strong>&nbsp;<\/strong><\/td>\n<\/tr>\n<tr>\n<td colspan=\"2\" width=\"699\">\n<p style=\"text-align: center;\"><strong>CZWARTEK&nbsp; <em>(w oktawie Wielkanocy)<\/em> 4 kwietnia <\/strong><\/p>\n<\/td>\n<\/tr>\n<tr>\n<td width=\"56\"><strong>7:00<\/strong><\/td>\n<td width=\"643\">+ J\u00f3zefa SZATKOWSKIEGO<\/td>\n<\/tr>\n<tr>\n<td width=\"56\"><strong>8:00<\/strong><\/td>\n<td width=\"643\">+ Agnieszk\u0119 LASKOWSK\u0104 (4 r. \u015bm.), zm. z r. LASKOWSKICH i KRAWCZYK\u00d3W,<br \/>\n&nbsp;&nbsp; STYBRZY\u0143SKICH i MILEWSKICH.<\/td>\n<\/tr>\n<tr>\n<td width=\"56\"><strong>18:00<\/strong><\/td>\n<td width=\"643\">+ Marka DUTKIEWICZA (greg. 4.)<\/td>\n<\/tr>\n<tr>\n<td colspan=\"2\" width=\"699\"><strong>&nbsp;<\/strong><\/td>\n<\/tr>\n<tr>\n<td colspan=\"2\" width=\"699\">\n<p style=\"text-align: center;\"><strong>PI\u0104TEK&nbsp; <em>(w oktawie Wielkanocy)<\/em> 5 kwietnia<\/strong><\/p>\n<\/td>\n<\/tr>\n<tr>\n<td width=\"56\"><strong>7:00<\/strong><\/td>\n<td width=\"643\">+ Andrzeja MOTYK\u0118.<\/td>\n<\/tr>\n<tr>\n<td width=\"56\"><strong>8:00<\/strong><\/td>\n<td width=\"643\">\u00b7&nbsp;&nbsp;&nbsp;&nbsp;&nbsp; W intencjach cz\u0142onk\u00f3w \u017bywego R\u00f3\u017ca\u0144ca i Legionu Maryi.<\/td>\n<\/tr>\n<tr>\n<td width=\"56\"><strong>18:00<\/strong><\/td>\n<td width=\"643\">+ Marka DUTKIEWICZA (greg. 5.)<\/td>\n<\/tr>\n<tr>\n<td colspan=\"2\" width=\"699\"><strong>&nbsp;<\/strong><\/td>\n<\/tr>\n<tr>\n<td colspan=\"2\" width=\"699\">\n<p style=\"text-align: center;\"><strong>SOBOTA&nbsp; <em>(w oktawie Wielkanocy)<\/em> 6 kwietnia<\/strong><\/p>\n<\/td>\n<\/tr>\n<tr>\n<td width=\"56\"><strong>7:00<\/strong><\/td>\n<td width=\"643\">+ Marka DUTKIEWICZA (greg. 6.)<\/td>\n<\/tr>\n<tr>\n<td width=\"56\"><strong>8:00<\/strong><\/td>\n<td width=\"643\">+ El\u017cbiet\u0119 MO\u015aCICK\u0104 (3 r. \u015bm.)<\/td>\n<\/tr>\n<tr>\n<td width=\"56\"><strong>18:00<\/strong><\/td>\n<td width=\"643\">\u00b7&nbsp;&nbsp;&nbsp;&nbsp;&nbsp; W 90 rocznic\u0119 urodzin Hanny SIECZKOWSKIEJ, o zdrowie, potrzebne \u0142aski<br \/>\ni opiek\u0119 Matki Bo\u017cej Loreta\u0144skiej (intencja rodziny).<\/td>\n<\/tr>\n<\/tbody>\n<\/table>\n<\/div><\/section>\n","protected":false},"excerpt":{"rendered":"","protected":false},"author":1,"featured_media":3833,"comment_status":"closed","ping_status":"closed","sticky":false,"template":"","format":"standard","meta":{"ngg_post_thumbnail":0,"footnotes":""},"categories":[6],"tags":[],"class_list":["post-5328","post","type-post","status-publish","format-standard","has-post-thumbnail","hentry","category-intencje-mszalne"],"_links":{"self":[{"href":"https:\/\/mbloretanska.pl\/index.php?rest_route=\/wp\/v2\/posts\/5328","targetHints":{"allow":["GET"]}}],"collection":[{"href":"https:\/\/mbloretanska.pl\/index.php?rest_route=\/wp\/v2\/posts"}],"about":[{"href":"https:\/\/mbloretanska.pl\/index.php?rest_route=\/wp\/v2\/types\/post"}],"author":[{"embeddable":true,"href":"https:\/\/mbloretanska.pl\/index.php?rest_route=\/wp\/v2\/users\/1"}],"replies":[{"embeddable":true,"href":"https:\/\/mbloretanska.pl\/index.php?rest_route=%2Fwp%2Fv2%2Fcomments&post=5328"}],"version-history":[{"count":1,"href":"https:\/\/mbloretanska.pl\/index.php?rest_route=\/wp\/v2\/posts\/5328\/revisions"}],"predecessor-version":[{"id":5329,"href":"https:\/\/mbloretanska.pl\/index.php?rest_route=\/wp\/v2\/posts\/5328\/revisions\/5329"}],"wp:featuredmedia":[{"embeddable":true,"href":"https:\/\/mbloretanska.pl\/index.php?rest_route=\/wp\/v2\/media\/3833"}],"wp:attachment":[{"href":"https:\/\/mbloretanska.pl\/index.php?rest_route=%2Fwp%2Fv2%2Fmedia&parent=5328"}],"wp:term":[{"taxonomy":"category","embeddable":true,"href":"https:\/\/mbloretanska.pl\/index.php?rest_route=%2Fwp%2Fv2%2Fcategories&post=5328"},{"taxonomy":"post_tag","embeddable":true,"href":"https:\/\/mbloretanska.pl\/index.php?rest_route=%2Fwp%2Fv2%2Ftags&post=5328"}],"curies":[{"name":"wp","href":"https:\/\/api.w.org\/{rel}","templated":true}]}}