{"id":5323,"date":"2024-03-22T14:14:28","date_gmt":"2024-03-22T13:14:28","guid":{"rendered":"https:\/\/mbloretanska.pl\/?p=5323"},"modified":"2024-03-22T14:14:30","modified_gmt":"2024-03-22T13:14:30","slug":"niedziela-palmowa-meki-panskiej-24-03-2024","status":"publish","type":"post","link":"https:\/\/mbloretanska.pl\/?p=5323","title":{"rendered":"niedziela palmowa m\u0119ki pa\u0144skiej 24.03.2024"},"content":{"rendered":"<section  class='av_textblock_section av-lu2omrfh-019ebd1f18b3d12c8d46b3700f3dc0ef '   itemscope=\"itemscope\" itemtype=\"https:\/\/schema.org\/BlogPosting\" itemprop=\"blogPost\" ><div class='avia_textblock'  itemprop=\"text\" ><p>1.&nbsp;&nbsp;&nbsp;&nbsp; Niedziela Palmowa rozpoczyna Wielki Tydzie\u0144, w kt\u00f3rym b\u0119dziemy prze\u017cywa\u0107 najwi\u0119ksze tajemnice naszej wiary. O 17.15 ostatnie w tym roku Gorzkie \u017bale.<\/p>\n<p>2.&nbsp;&nbsp;&nbsp;&nbsp; Ze wzgl\u0119du na przepisy liturgiczne Uroczysto\u015b\u0107 Zwiastowania Pa\u0144skiego i Dzie\u0144 \u015awi\u0119to\u015bci \u017bycia b\u0119dziemy obchodzi\u0107 nie jak zwykle 25 marca, ale po zako\u0144czeniu oktawy Wielkanocy w poniedzia\u0142ek 8 kwietnia.<\/p>\n<p class=\"gmail-MsoListParagraph\">3.&nbsp;&nbsp;&nbsp;&nbsp; Zach\u0119camy do spowiedzi wielkanocnej jeszcze przed \u015bwi\u0119tami; w poniedzia\u0142ek, wtorek i w \u015brod\u0119 podczas ka\u017cdej Mszy \u015bw. W czasie Triduum od Wielkiego Czwartku do \u015awi\u0105t Wielkanocnych mo\u017cliwo\u015bci przyst\u0105pienia do sakramentu pokuty nie b\u0119dzie.<\/p>\n<p>4.&nbsp;&nbsp;&nbsp;&nbsp; Kancelaria parafialna w Wielkim Tygodniu b\u0119dzie czynna do \u015brody w\u0142\u0105cznie. W czwartek i w pi\u0105tek kancelaria b\u0119dzie nieczynna.<\/p>\n<p>5. &nbsp; &nbsp; W czwartek rozpoczyna si\u0119 \u015awi\u0119te Triduum Paschalne &#8211; najwa\u017cniejszy okres liturgiczny w ca\u0142ym roku. Nie b\u0119dzie przez te trzy dni Mszy porannych, tylko uroczyste nabo\u017ce\u0144stwa wieczorne:<\/p>\n<p>Wielki Czwartek godz. 18.00&nbsp; Msza Wieczerzy Pa\u0144skiej<br \/>\nWielki Pi\u0105tek godz. 18.00 Liturgia M\u0119ki Pa\u0144skiej<br \/>\nWielka Sobota godz. 19.00 Wigilia Paschalna.<\/p>\n<p class=\"gmail-MsoListParagraphCxSpFirst\">6.&nbsp;&nbsp;&nbsp;&nbsp; W Wielki Pi\u0105tek i w Wielk\u0105 Sobot\u0119 o godz. 8.00 ciemna jutrznia.<b><\/b><\/p>\n<p>7.&nbsp;&nbsp;&nbsp;&nbsp; W Wielki Pi\u0105tek osoby w wieku od 18 do 60 lat obowi\u0105zuje post \u015bcis\u0142y.<\/p>\n<p>8.&nbsp;&nbsp;&nbsp;&nbsp; Pokarmy na st\u00f3\u0142 wielkanocny b\u0119dziemy \u015bwi\u0119ci\u0107 w Wielk\u0105 Sobot\u0119 tak, jak w poprzednich latach tzn. godzinach od 9.00 do 16.00. W tym czasie ministranci b\u0119d\u0105 rozprowadza\u0107 wod\u0119 \u015bwi\u0119con\u0105.<\/p>\n<p>9.&nbsp;&nbsp;&nbsp;&nbsp; <span data-ogsc=\"black\">W Niedziel\u0119 <\/span>Wielkanocn\u0105 Rezurekcja o godz. 6.00. Serdecznie zapraszamy na procesj\u0119 rezurekcyjn\u0105. Zach\u0119camy do wzi\u0119cia udzia\u0142u &nbsp;w orszaku procesyjnym nie tylko jego sta\u0142ych uczestnik\u00f3w, ale tak\u017ce nowe osoby. Aktywny udzia\u0142 w orszaku w blisko\u015bci Chrystusa Zmartwychwsta\u0142ego to zaszczyt i wyr\u00f3\u017cnienie dla &nbsp;ka\u017cdego i ka\u017cdej z nas. Po Rezurekcji kolejne Msze \u015bw. pocz\u0105wszy od godz. 8.30 wed\u0142ug porz\u0105dku niedzielnego.<\/p>\n<p>10. &nbsp; Do skarbonki przed Domkiem Loreta\u0144skim mo\u017cemy sk\u0142ada\u0107 ofiary na kwiaty do grobu Pana Jezusa. Wszystkim ofiarodawcom serdecznie dzi\u0119kujemy.<\/p>\n<p>11. &nbsp; &nbsp;Na stoliku prasowym znajdziemy nowy numer tygodnika <i>Idziemy<\/i> oraz gazetk\u0119 parafialn\u0105 <i>We\u017a Ewangeli\u0119 do domu.<\/i><\/p>\n<\/div><\/section>\n","protected":false},"excerpt":{"rendered":"","protected":false},"author":1,"featured_media":3832,"comment_status":"closed","ping_status":"closed","sticky":false,"template":"","format":"standard","meta":{"ngg_post_thumbnail":0,"footnotes":""},"categories":[3],"tags":[],"class_list":["post-5323","post","type-post","status-publish","format-standard","has-post-thumbnail","hentry","category-ogloszenia-duszpasterskie"],"_links":{"self":[{"href":"https:\/\/mbloretanska.pl\/index.php?rest_route=\/wp\/v2\/posts\/5323","targetHints":{"allow":["GET"]}}],"collection":[{"href":"https:\/\/mbloretanska.pl\/index.php?rest_route=\/wp\/v2\/posts"}],"about":[{"href":"https:\/\/mbloretanska.pl\/index.php?rest_route=\/wp\/v2\/types\/post"}],"author":[{"embeddable":true,"href":"https:\/\/mbloretanska.pl\/index.php?rest_route=\/wp\/v2\/users\/1"}],"replies":[{"embeddable":true,"href":"https:\/\/mbloretanska.pl\/index.php?rest_route=%2Fwp%2Fv2%2Fcomments&post=5323"}],"version-history":[{"count":1,"href":"https:\/\/mbloretanska.pl\/index.php?rest_route=\/wp\/v2\/posts\/5323\/revisions"}],"predecessor-version":[{"id":5324,"href":"https:\/\/mbloretanska.pl\/index.php?rest_route=\/wp\/v2\/posts\/5323\/revisions\/5324"}],"wp:featuredmedia":[{"embeddable":true,"href":"https:\/\/mbloretanska.pl\/index.php?rest_route=\/wp\/v2\/media\/3832"}],"wp:attachment":[{"href":"https:\/\/mbloretanska.pl\/index.php?rest_route=%2Fwp%2Fv2%2Fmedia&parent=5323"}],"wp:term":[{"taxonomy":"category","embeddable":true,"href":"https:\/\/mbloretanska.pl\/index.php?rest_route=%2Fwp%2Fv2%2Fcategories&post=5323"},{"taxonomy":"post_tag","embeddable":true,"href":"https:\/\/mbloretanska.pl\/index.php?rest_route=%2Fwp%2Fv2%2Ftags&post=5323"}],"curies":[{"name":"wp","href":"https:\/\/api.w.org\/{rel}","templated":true}]}}