{"id":5282,"date":"2024-02-16T13:44:10","date_gmt":"2024-02-16T12:44:10","guid":{"rendered":"https:\/\/mbloretanska.pl\/?p=5282"},"modified":"2024-02-16T13:44:12","modified_gmt":"2024-02-16T12:44:12","slug":"i-niedziela-wielkiego-postu-18-02-2024","status":"publish","type":"post","link":"https:\/\/mbloretanska.pl\/?p=5282","title":{"rendered":"I niedziela wielkiego postu 18.02.2024"},"content":{"rendered":"<section  class='av_textblock_section av-lson4z43-cd37c98604506414aaa941ec7e52654c '   itemscope=\"itemscope\" itemtype=\"https:\/\/schema.org\/BlogPosting\" itemprop=\"blogPost\" ><div class='avia_textblock'  itemprop=\"text\" ><p>1.&nbsp;&nbsp;&nbsp;&nbsp;&nbsp; Dzi\u015b I niedziela Wielkiego Postu. O godz. 17.15 Gorzkie \u017bale.<\/p>\n<p>2.&nbsp;&nbsp;&nbsp;&nbsp; &nbsp;Zapraszamy na nabo\u017ce\u0144stwa Drogi Krzy\u017cowej we wszystkie pi\u0105tki Wielkiego Postu: o 17.15 z udzia\u0142em dzieci, dla starszych o 18.30.<b><\/b><\/p>\n<p>3.&nbsp;&nbsp;&nbsp;&nbsp; W poniedzia\u0142ek 19.02 oraz w \u015brod\u0119 21.02 kancelaria parafialna przed po\u0142udniem b\u0119dzie nieczynna. Pozosta\u0142e godziny bez zmian.<\/p>\n<p>4.&nbsp;&nbsp;&nbsp;&nbsp; W przysz\u0142\u0105 niedziel\u0119 zbi\u00f3rka do puszek na dzie\u0142o misyjne <i>Ad gentes.<\/i><b><\/b><\/p>\n<p>5.&nbsp;&nbsp;&nbsp;&nbsp; Rekolekcje wielkopostne w naszej parafii odb\u0119d\u0105 si\u0119 w dniach od 17 do 20 marca, pocz\u0105wszy od 5 niedzieli Wielkiego Postu. B\u0119dzie je prowadzi\u0142 ks. Mariusz Ryba\u0142towski. Pro\u015bmy w swoich modlitwach o dobre i owocne wykorzystanie danego nam czasu \u0142aski.<b><\/b><\/p>\n<p>6.&nbsp;&nbsp;&nbsp;&nbsp; Rozpoczynamy w naszej parafii przygotowanie do bierzmowania. Zapraszamy m\u0142odzie\u017c z klas VIII-ych szko\u0142y podstawowej oraz m\u0142odzie\u017c ze szk\u00f3\u0142 \u015brednich. Pierwsze spotkanie organizacyjne odb\u0119dzie si\u0119&nbsp; w niedziel\u0119, 10 marca po Mszy \u015bw. o godz. 18.00. Osoby niepe\u0142noletnie na to pierwsze spotkanie zapraszamy razem z rodzicami.<\/p>\n<p>7.&nbsp;&nbsp;&nbsp;&nbsp; Na stoliku prasowym znajdziemy nowy numer tygodnika <i>Idziemy<\/i> oraz gazetk\u0119 parafialn\u0105 We\u017a <i>Ewangeli\u0119 do domu<\/i>.<\/p>\n<\/div><\/section>\n","protected":false},"excerpt":{"rendered":"","protected":false},"author":1,"featured_media":3832,"comment_status":"closed","ping_status":"closed","sticky":false,"template":"","format":"standard","meta":{"ngg_post_thumbnail":0,"footnotes":""},"categories":[3],"tags":[],"class_list":["post-5282","post","type-post","status-publish","format-standard","has-post-thumbnail","hentry","category-ogloszenia-duszpasterskie"],"_links":{"self":[{"href":"https:\/\/mbloretanska.pl\/index.php?rest_route=\/wp\/v2\/posts\/5282","targetHints":{"allow":["GET"]}}],"collection":[{"href":"https:\/\/mbloretanska.pl\/index.php?rest_route=\/wp\/v2\/posts"}],"about":[{"href":"https:\/\/mbloretanska.pl\/index.php?rest_route=\/wp\/v2\/types\/post"}],"author":[{"embeddable":true,"href":"https:\/\/mbloretanska.pl\/index.php?rest_route=\/wp\/v2\/users\/1"}],"replies":[{"embeddable":true,"href":"https:\/\/mbloretanska.pl\/index.php?rest_route=%2Fwp%2Fv2%2Fcomments&post=5282"}],"version-history":[{"count":1,"href":"https:\/\/mbloretanska.pl\/index.php?rest_route=\/wp\/v2\/posts\/5282\/revisions"}],"predecessor-version":[{"id":5283,"href":"https:\/\/mbloretanska.pl\/index.php?rest_route=\/wp\/v2\/posts\/5282\/revisions\/5283"}],"wp:featuredmedia":[{"embeddable":true,"href":"https:\/\/mbloretanska.pl\/index.php?rest_route=\/wp\/v2\/media\/3832"}],"wp:attachment":[{"href":"https:\/\/mbloretanska.pl\/index.php?rest_route=%2Fwp%2Fv2%2Fmedia&parent=5282"}],"wp:term":[{"taxonomy":"category","embeddable":true,"href":"https:\/\/mbloretanska.pl\/index.php?rest_route=%2Fwp%2Fv2%2Fcategories&post=5282"},{"taxonomy":"post_tag","embeddable":true,"href":"https:\/\/mbloretanska.pl\/index.php?rest_route=%2Fwp%2Fv2%2Ftags&post=5282"}],"curies":[{"name":"wp","href":"https:\/\/api.w.org\/{rel}","templated":true}]}}