{"id":5241,"date":"2024-02-08T22:57:10","date_gmt":"2024-02-08T21:57:10","guid":{"rendered":"https:\/\/mbloretanska.pl\/?p=5241"},"modified":"2024-02-08T22:57:12","modified_gmt":"2024-02-08T21:57:12","slug":"vi-niedziela-zwykla-11-02-2024","status":"publish","type":"post","link":"https:\/\/mbloretanska.pl\/?p=5241","title":{"rendered":"VI niedziela zwyk\u0142a 11.02.2024"},"content":{"rendered":"<section  class='av_textblock_section av-lsdrd6c9-20d0bc80190e2df6c364ce100273c0b4 '   itemscope=\"itemscope\" itemtype=\"https:\/\/schema.org\/BlogPosting\" itemprop=\"blogPost\" ><div class='avia_textblock'  itemprop=\"text\" ><p class=\"gmail-MsoListParagraphCxSpMiddle\">1.&nbsp;&nbsp;&nbsp;&nbsp;&nbsp;&nbsp; Dzisiaj obchodzimy \u015awiatowy Dzie\u0144 Chorych. Wspierajmy przez \u017cyczliw\u0105 pami\u0119\u0107 i modlitw\u0119 tak\u017ce chorych z naszej parafii i z naszych rodzin.&nbsp;&nbsp; &nbsp;&nbsp;&nbsp;&nbsp;&nbsp;&nbsp;&nbsp;&nbsp;&nbsp;&nbsp;&nbsp;&nbsp;&nbsp;&nbsp;&nbsp;&nbsp;&nbsp;&nbsp;<\/p>\n<p class=\"gmail-MsoListParagraphCxSpMiddle\">2.&nbsp;&nbsp;&nbsp;&nbsp;&nbsp;&nbsp; Z racji II niedzieli miesi\u0105ca taca przeznaczona jest na inwestycje parafialne. Po Mszach \u015bw. zbi\u00f3rka do puszek dla chorych obj\u0119tych opiek\u0105 <i>Caritas <\/i>naszej diecezji.&nbsp;<\/p>\n<p>3.&nbsp;&nbsp;&nbsp;&nbsp; W \u015brod\u0119 popielcow\u0105 14 lutego rozpoczynamy okres Wielkiego Postu. Msze \u015bw. o godz. 7.00, 8.00, 10.00, 16.00 i 18.00. Wszystkich katolik\u00f3w miedzy 18, a 60 rokiem \u017cycia (z wyj\u0105tkiem chorych ) obowi\u0105zuje post \u015bcis\u0142y. Kancelaria w \u015brod\u0119 popielcow\u0105 b\u0119dzie nieczynna. &nbsp; &nbsp; &nbsp; &nbsp; &nbsp; &nbsp; &nbsp; &nbsp;<\/p>\n<p><span data-ogsc=\"rgb(41, 43, 44)\">4.&nbsp;&nbsp;&nbsp;&nbsp; <\/span>&nbsp;Zapraszamy na wielkopostne nabo\u017ce\u0144stwa pasyjne. Droga krzy\u017cowa we wszystkie pi\u0105tki wielkiego postu. O godz. 17.15 z udzia\u0142em dzieci, &nbsp;dla starszych o 18.30. Gorzkie \u017cale w niedziele o godz. 17.15.<b><\/b><\/p>\n<p><span data-ogsc=\"rgb(41, 43, 44)\">5.&nbsp;&nbsp;&nbsp;&nbsp; <\/span>W ramach wielkopostnej pielgrzymki w diecezjach warszawskich w najbli\u017cszy pi\u0105tek 16 lutego nasza \u015bwi\u0105tynia b\u0119dzie ko\u015bcio\u0142em stacyjnym. Serdecznie zapraszamy na osobist\u0105 i wsp\u00f3ln\u0105 modlitw\u0119 z mo\u017cliwo\u015bci\u0105 sakramentalnej spowiedzi. Ko\u015bci\u00f3\u0142 b\u0119dzie otwarty przez ca\u0142y dzie\u0144, a\u017c do Apelu Jasnog\u00f3rskiego. Kancelaria parafialna b\u0119dzie nieczynna.&nbsp; O godz. 20.00&nbsp; dodatkowa Msza \u015bw. Plan dnia stacyjnego znajdziemy na tablicy og\u0142osze\u0144.<b><\/b><\/p>\n<p>6.&nbsp;&nbsp;&nbsp;&nbsp; W tym tygodniu we wtorek o godz. 18.00 oraz w pi\u0105tek o godz. 8.00 i 20.00 s\u0105 wolne intencje Mszy \u015bw.<\/p>\n<p>7.&nbsp;&nbsp;&nbsp;&nbsp; Rekolekcje wielkopostne w naszej parafii odb\u0119d\u0105 si\u0119 w dniach od 17 do 20 marca, pocz\u0105wszy od 5 niedzieli Wielkiego Postu. B\u0119dzie je prowadzi\u0142 ks. Mariusz Ryba\u0142towski. Pro\u015bmy w swoich modlitwach o dobre i owocne wykorzystanie danego nam czasu \u0142aski.<b><\/b><\/p>\n<p>8.&nbsp;&nbsp;&nbsp;&nbsp; Rozpoczynamy w naszej parafii przygotowanie do bierzmowania. Zapraszamy m\u0142odzie\u017c z klas VIII-ych szko\u0142y podstawowej oraz m\u0142odzie\u017c ze szk\u00f3\u0142 \u015brednich. Pierwsze spotkanie organizacyjne odb\u0119dzie si\u0119&nbsp; w niedziel\u0119, 10 marca, po Mszy \u015bw. o godz. 18.00. Osoby niepe\u0142noletnie na to pierwsze spotkanie zapraszamy razem z rodzicami. &nbsp; &nbsp; &nbsp; &nbsp;<b><\/b><\/p>\n<p>9.&nbsp;&nbsp;&nbsp;&nbsp; Na stoliku prasowym znajdziemy nowy numer tygodnika <i>Idziemy<\/i> oraz gazetk\u0119 parafialn\u0105 We\u017a <i>Ewangeli\u0119 do domu<\/i>. &nbsp; &nbsp; &nbsp; &nbsp; &nbsp; &nbsp;<\/p>\n<p>10.&nbsp;&nbsp;&nbsp; <span data-ogsc=\"rgb(33, 37, 41)\">W tym tygodniu po\u017cegnali\u015bmy w naszej parafii \u015bw. Helen\u0119 Rychter. Pole\u0107my j\u0105 Bo\u017cemu mi\u0142osierdziu we wsp\u00f3lnej modlitwie.<\/span><\/p>\n<\/div><\/section>\n","protected":false},"excerpt":{"rendered":"","protected":false},"author":1,"featured_media":3832,"comment_status":"closed","ping_status":"closed","sticky":false,"template":"","format":"standard","meta":{"ngg_post_thumbnail":0,"footnotes":""},"categories":[3],"tags":[],"class_list":["post-5241","post","type-post","status-publish","format-standard","has-post-thumbnail","hentry","category-ogloszenia-duszpasterskie"],"_links":{"self":[{"href":"https:\/\/mbloretanska.pl\/index.php?rest_route=\/wp\/v2\/posts\/5241","targetHints":{"allow":["GET"]}}],"collection":[{"href":"https:\/\/mbloretanska.pl\/index.php?rest_route=\/wp\/v2\/posts"}],"about":[{"href":"https:\/\/mbloretanska.pl\/index.php?rest_route=\/wp\/v2\/types\/post"}],"author":[{"embeddable":true,"href":"https:\/\/mbloretanska.pl\/index.php?rest_route=\/wp\/v2\/users\/1"}],"replies":[{"embeddable":true,"href":"https:\/\/mbloretanska.pl\/index.php?rest_route=%2Fwp%2Fv2%2Fcomments&post=5241"}],"version-history":[{"count":1,"href":"https:\/\/mbloretanska.pl\/index.php?rest_route=\/wp\/v2\/posts\/5241\/revisions"}],"predecessor-version":[{"id":5242,"href":"https:\/\/mbloretanska.pl\/index.php?rest_route=\/wp\/v2\/posts\/5241\/revisions\/5242"}],"wp:featuredmedia":[{"embeddable":true,"href":"https:\/\/mbloretanska.pl\/index.php?rest_route=\/wp\/v2\/media\/3832"}],"wp:attachment":[{"href":"https:\/\/mbloretanska.pl\/index.php?rest_route=%2Fwp%2Fv2%2Fmedia&parent=5241"}],"wp:term":[{"taxonomy":"category","embeddable":true,"href":"https:\/\/mbloretanska.pl\/index.php?rest_route=%2Fwp%2Fv2%2Fcategories&post=5241"},{"taxonomy":"post_tag","embeddable":true,"href":"https:\/\/mbloretanska.pl\/index.php?rest_route=%2Fwp%2Fv2%2Ftags&post=5241"}],"curies":[{"name":"wp","href":"https:\/\/api.w.org\/{rel}","templated":true}]}}