{"id":5238,"date":"2024-02-03T08:29:53","date_gmt":"2024-02-03T07:29:53","guid":{"rendered":"https:\/\/mbloretanska.pl\/?p=5238"},"modified":"2024-02-03T08:29:56","modified_gmt":"2024-02-03T07:29:56","slug":"intencje-mszalne-4-10-02-2024","status":"publish","type":"post","link":"https:\/\/mbloretanska.pl\/?p=5238","title":{"rendered":"intencje mszalne 4-10.02.2024"},"content":{"rendered":"<section  class='av_textblock_section av-ls5r505w-0ff4f798f118e21ef92ecacf49ca1019 '   itemscope=\"itemscope\" itemtype=\"https:\/\/schema.org\/BlogPosting\" itemprop=\"blogPost\" ><div class='avia_textblock'  itemprop=\"text\" ><p class=\"s2\">&nbsp;<\/p>\n<table>\n<tbody>\n<tr>\n<td class=\"s3\" colspan=\"2\">\n<div>\n<p class=\"s2\">&nbsp;<\/p>\n<\/div>\n<\/td>\n<\/tr>\n<tr>\n<td colspan=\"2\">\n<div>\n<p class=\"s5\" style=\"text-align: center;\"><span class=\"s4\">V<\/span> <span class=\"s4\">NIEDZIELA<\/span><span class=\"s4\"> ZWYK\u0141A<\/span><\/p>\n<p class=\"s5\" style=\"text-align: center;\"><span class=\"s6\">(<\/span><span class=\"s6\">4 lutego<\/span><span class=\"s6\"> 202<\/span><span class=\"s6\">4<\/span><span class=\"s6\"> r.)<\/span><\/p>\n<\/div>\n<\/td>\n<\/tr>\n<tr>\n<td>\n<div>\n<p class=\"s5\"><span class=\"s6\">7<\/span><span class=\"s6\">:<\/span><span class=\"s6\">00<\/span><\/p>\n<\/div>\n<\/td>\n<td>\n<div>\n<p class=\"s2\"><span class=\"s7\">+<\/span> <span class=\"s7\">Adama STRZELCZYKA (<\/span><span class=\"s7\">greg<\/span><span class=\"s7\">. 4)<\/span><\/p>\n<\/div>\n<\/td>\n<\/tr>\n<tr>\n<td>\n<div>\n<p class=\"s5\"><span class=\"s6\">8<\/span><span class=\"s6\">:<\/span><span class=\"s6\">30<\/span><\/p>\n<\/div>\n<\/td>\n<td>\n<div>\n<p class=\"s2\"><span class=\"s8\">+ <\/span><span class=\"s8\">Stefani\u0119 i Zenona KSI\u0118\u017bAK, Henryka, Ann\u0119 i <\/span><span class=\"s8\">Grzegorz<\/span><span class=\"s8\">a KO\u0143CZYK. <\/span><\/p>\n<\/div>\n<\/td>\n<\/tr>\n<tr>\n<td>\n<div>\n<p class=\"s2\"><span class=\"s6\">10<\/span><span class=\"s6\">:<\/span><span class=\"s6\">00<\/span><\/p>\n<\/div>\n<\/td>\n<td>\n<div>\n<p class=\"s2\"><span class=\"s7\">+ <\/span><span class=\"s7\">Lucyn\u0119 RY\u017bY<\/span><span class=\"s7\"> (4 r. <\/span><span class=\"s7\">\u015bm<\/span><span class=\"s7\">.), Stanis\u0142aw\u0119 i Stanis\u0142awa STRZELECKICH. <\/span><\/p>\n<\/div>\n<\/td>\n<\/tr>\n<tr>\n<td>\n<div>\n<p class=\"s2\"><span class=\"s6\">11<\/span><span class=\"s6\">:<\/span><span class=\"s6\">00<\/span><\/p>\n<\/div>\n<\/td>\n<td>\n<div>\n<p class=\"s2\"><span class=\"s7\">+ <\/span><span class=\"s7\">Wand\u0119 BUJANOWICZ &nbsp;(9 r. <\/span><span class=\"s7\">\u015bm<\/span><span class=\"s7\">.) i zm. z <\/span><span class=\"s7\">c.r<\/span><span class=\"s7\">. BUJANOWICZ\u00d3W I TKACZYK\u00d3W. <\/span><\/p>\n<\/div>\n<\/td>\n<\/tr>\n<tr>\n<td>\n<div>\n<p class=\"s2\"><span class=\"s6\">12:30<\/span><\/p>\n<\/div>\n<\/td>\n<td>\n<div>\n<div class=\"s10\"><span class=\"s9\">\u2022 <\/span><span class=\"s7\">O Bo\u017ce b\u0142ogos\u0142awie\u0144stwo, zdrowie, opiek\u0119 Matki Bo\u017cej dla Iwony CZUPERSKIEJ<\/span><span class=\"s7\"><br \/>\n<\/span><span class=\"s7\">w dniu 55 urodzin. <\/span><\/div>\n<div class=\"s10\"><span class=\"s9\">\u2022 <\/span><span class=\"s7\">Int<\/span><span class=\"s7\">. dzi\u0119kczynna w 75 r. urodzin Sabiny SOBIESZCZYK, z pro\u015bb\u0105 o zdrowie, <\/span><span class=\"s7\">b\u0142ogos\u0142<\/span><span class=\"s7\">. Bo\u017ce, opiek\u0119 Matki Bo\u017cej Loreta\u0144skiej i potrzebne \u0142aski w dalszym \u017cyciu. <\/span><\/div>\n<p class=\"s2\"><span class=\"s7\">+ Lidi\u0119 SO\u015aNIERZ<\/span> <span class=\"s7\">oraz Tadeusza SO\u015aNIERZA (miesi\u0105c po \u015bmierci).<\/span><\/p>\n<p class=\"s2\"><span class=\"s7\">+<\/span><span class=\"s7\"> Bogdana KLIMIUK (2 r. <\/span><span class=\"s7\">\u015bm<\/span><span class=\"s7\">.)<\/span><\/p>\n<p class=\"s2\"><span class=\"s7\">+ Sabin\u0119 KAMI\u0143SK\u0104 (34 r. <\/span><span class=\"s7\">\u015bm<\/span><span class=\"s7\">.), Katarzyn\u0119 O\u0141OWSK\u0104-RYFKA.<\/span><a name=\"_GoBack\"><\/a><\/p>\n<\/div>\n<\/td>\n<\/tr>\n<tr>\n<td>\n<div>\n<p class=\"s2\"><span class=\"s6\">18<\/span><span class=\"s6\">:00<\/span><\/p>\n<\/div>\n<\/td>\n<td>\n<div>\n<p class=\"s2\"><span class=\"s7\">+<\/span><span class=\"s7\"> Rozali\u0119 SZCZUR (25 r. \u015bm.) <\/span><\/p>\n<\/div>\n<\/td>\n<\/tr>\n<tr>\n<td class=\"s3\" colspan=\"2\">\n<div>\n<p class=\"s5\">&nbsp;<\/p>\n<\/div>\n<\/td>\n<\/tr>\n<tr>\n<td colspan=\"2\">\n<div>\n<p class=\"s5\" style=\"text-align: center;\"><span class=\"s6\">PONIEDZIA\u0141EK<\/span><span class=\"s6\">&nbsp;(<\/span><span class=\"s6\">5 lutego<\/span><span class=\"s6\">)<\/span><\/p>\n<p class=\"s5\" style=\"text-align: center;\"><span class=\"s6\">\u015aw. Agaty, dziewicy i m\u0119czennicy \u2013 wspomnienie <\/span><\/p>\n<\/div>\n<\/td>\n<\/tr>\n<tr>\n<td>\n<div>\n<p class=\"s5\"><span class=\"s6\">7<\/span><span class=\"s6\">:<\/span><span class=\"s6\">0<\/span><span class=\"s6\">0<\/span><\/p>\n<\/div>\n<\/td>\n<td>\n<div>\n<p class=\"s2\"><span class=\"s7\">+<\/span> <span class=\"s7\">Adama STRZELCZYKA (<\/span><span class=\"s7\">greg<\/span><span class=\"s7\">. 5)<\/span><\/p>\n<\/div>\n<\/td>\n<\/tr>\n<tr>\n<td>\n<div>\n<p class=\"s5\"><span class=\"s6\">8<\/span><span class=\"s6\">:00<\/span><\/p>\n<\/div>\n<\/td>\n<td>\n<div>\n<p class=\"s2\"><span class=\"s7\">+ <\/span><span class=\"s7\">Eugeniusza i Romana NOWAKOWSKICH, Mariann\u0119, Zdzis\u0142awa i Teres\u0119 ORZESZAK<\/span><span class=\"s7\"><br \/>\n<\/span><span class=\"s7\">&nbsp;oraz zmar\u0142ych z tych rodzin. <\/span><\/p>\n<\/div>\n<\/td>\n<\/tr>\n<tr>\n<td>\n<div>\n<p class=\"s5\"><span class=\"s6\">18:00<\/span><\/p>\n<\/div>\n<\/td>\n<td>\n<div>\n<p class=\"s2\"><span class=\"s7\">+ <\/span><span class=\"s7\">Ryszarda w 30 r. \u015bm<\/span><span class=\"s7\">ierci<\/span><span class=\"s7\">, J\u00f3zef\u0119 i Stanis\u0142awa GUTRY, Stanis\u0142aw\u0119 i Jana TYSZK\u00d3W. <\/span><\/p>\n<\/div>\n<\/td>\n<\/tr>\n<tr>\n<td class=\"s3\" colspan=\"2\">\n<div>\n<p class=\"s2\">&nbsp;<\/p>\n<\/div>\n<\/td>\n<\/tr>\n<tr>\n<td colspan=\"2\">\n<div>\n<p class=\"s5\" style=\"text-align: center;\"><span class=\"s6\">WTOREK <\/span><span class=\"s6\">(<\/span><span class=\"s6\">6 lutego<\/span><span class=\"s6\">)<\/span><\/p>\n<\/div>\n<\/td>\n<\/tr>\n<tr>\n<td>\n<div>\n<p class=\"s5\"><span class=\"s6\">7<\/span><span class=\"s6\">:<\/span><span class=\"s6\">00<\/span><\/p>\n<\/div>\n<\/td>\n<td>\n<div>\n<p class=\"s2\"><span class=\"s7\">+ Adama STRZELCZYKA (<\/span><span class=\"s7\">greg<\/span><span class=\"s7\">. 6) <\/span><\/p>\n<\/div>\n<\/td>\n<\/tr>\n<tr>\n<td>\n<div>\n<p class=\"s5\"><span class=\"s6\">8<\/span><span class=\"s6\">:<\/span><span class=\"s6\">0<\/span><span class=\"s6\">0<\/span><\/p>\n<\/div>\n<\/td>\n<td>\n<div>\n<p class=\"s11\"><span class=\"s7\">+ <\/span><span class=\"s7\">Helen\u0119 \u0141\u0104CK\u0104 w 100 r. \u015bmierci i zmar\u0142ych rodzic\u00f3w i rodze\u0144stwo. <\/span><\/p>\n<\/div>\n<\/td>\n<\/tr>\n<tr>\n<td>\n<div>\n<p class=\"s5\"><span class=\"s6\">18:00<\/span><\/p>\n<\/div>\n<\/td>\n<td>\n<div>\n<p class=\"s2\"><span class=\"s7\">+<\/span> <span class=\"s7\">Krzysztofa MIKO\u0141AJCZUKA (1 r. <\/span><span class=\"s7\">\u015bm<\/span><span class=\"s7\">.), Franciszka MIKO\u0141AJCZUKA. <\/span><\/p>\n<\/div>\n<\/td>\n<\/tr>\n<tr>\n<td class=\"s12\" colspan=\"2\">\n<div>\n<p class=\"s2\">&nbsp;<\/p>\n<\/div>\n<\/td>\n<\/tr>\n<tr>\n<td colspan=\"2\">\n<div>\n<p class=\"s5\" style=\"text-align: center;\"><span class=\"s6\">\u015aRODA &nbsp;<\/span><span class=\"s6\">(<\/span><span class=\"s6\">7 lutego<\/span><span class=\"s6\">)<\/span><\/p>\n<\/div>\n<\/td>\n<\/tr>\n<tr>\n<td>\n<div>\n<p class=\"s5\"><span class=\"s6\">7:<\/span><span class=\"s6\">00<\/span><\/p>\n<\/div>\n<\/td>\n<td>\n<div>\n<p class=\"s2\"><span class=\"s7\">+ Adama STRZELCZYKA (greg.7)<\/span><\/p>\n<\/div>\n<\/td>\n<\/tr>\n<tr>\n<td>\n<div>\n<p class=\"s5\"><span class=\"s6\">8:00<\/span><\/p>\n<\/div>\n<\/td>\n<td>\n<div>\n<p class=\"s2\"><span class=\"s7\">Rez.<\/span><\/p>\n<\/div>\n<\/td>\n<\/tr>\n<tr>\n<td>\n<div>\n<p class=\"s5\"><span class=\"s6\">17:45<\/span><\/p>\n<\/div>\n<\/td>\n<td>\n<div>\n<p class=\"s2\"><span class=\"s6\">NOWENNA DO MATKI BO\u017bEJ NIEUSTAJ\u0104CEJ POMOCY<\/span><\/p>\n<\/div>\n<\/td>\n<\/tr>\n<tr>\n<td class=\"s3\" colspan=\"2\">\n<div>\n<p class=\"s5\">&nbsp;<\/p>\n<\/div>\n<\/td>\n<\/tr>\n<tr>\n<td colspan=\"2\">\n<div>\n<p class=\"s5\" style=\"text-align: center;\"><span class=\"s6\">CZWARTE<\/span><span class=\"s6\">K (<\/span><span class=\"s6\">8<\/span><span class=\"s6\"> lutego<\/span><span class=\"s6\">)<\/span><\/p>\n<\/div>\n<\/td>\n<\/tr>\n<tr>\n<td>\n<div>\n<p class=\"s5\"><span class=\"s6\">7:00<\/span><\/p>\n<\/div>\n<\/td>\n<td>\n<div>\n<p class=\"s2\"><span class=\"s7\">+ A<\/span><span class=\"s7\">dama STRZELCZYKA (<\/span><span class=\"s7\">greg<\/span><span class=\"s7\">.<\/span><span class=\"s7\"> 8<\/span><span class=\"s7\">)<\/span><\/p>\n<\/div>\n<\/td>\n<\/tr>\n<tr>\n<td>\n<div>\n<p class=\"s5\"><span class=\"s6\">8:00<\/span><\/p>\n<\/div>\n<\/td>\n<td>\n<div>\n<p class=\"s2\"><span class=\"s7\">+<\/span> <span class=\"s7\">Tadeusza DUNOWSKIEGO i jego rodzic\u00f3w Stanis\u0142awa i Wiktori\u0119, <\/span><span class=\"s7\"><br \/>\n<\/span><span class=\"s7\">&nbsp; oraz zm. z rodzin DUNOWSKICH i HOT\u00d3WKO.<\/span><\/p>\n<\/div>\n<\/td>\n<\/tr>\n<tr>\n<td>\n<div>\n<p class=\"s5\"><span class=\"s6\">18:00<\/span><\/p>\n<\/div>\n<\/td>\n<td>\n<div>\n<p class=\"s2\"><span class=\"s7\">+ <\/span><span class=\"s7\">Danut\u0119 DUKIELSK\u0104. <\/span><\/p>\n<\/div>\n<\/td>\n<\/tr>\n<tr>\n<td class=\"s3\" colspan=\"2\">\n<div>\n<p class=\"s5\">&nbsp;<\/p>\n<\/div>\n<\/td>\n<\/tr>\n<tr>\n<td colspan=\"2\">\n<div>\n<p class=\"s5\" style=\"text-align: center;\"><span class=\"s6\">PI\u0104TEK <\/span><span class=\"s6\">(<\/span><span class=\"s6\">9<\/span><span class=\"s6\"> lutego<\/span><span class=\"s6\">)<\/span><\/p>\n<\/div>\n<\/td>\n<\/tr>\n<tr>\n<td>\n<div>\n<p class=\"s5\"><span class=\"s6\">7:00<\/span><\/p>\n<\/div>\n<\/td>\n<td>\n<div>\n<p class=\"s2\"><span class=\"s7\">+ <\/span><span class=\"s7\">Adama STRZELCZYKA (<\/span><span class=\"s7\">greg<\/span><span class=\"s7\">.<\/span><span class=\"s7\"> 9<\/span><span class=\"s7\">)<\/span><\/p>\n<\/div>\n<\/td>\n<\/tr>\n<tr>\n<td>\n<div>\n<p class=\"s5\"><span class=\"s6\">8:00<\/span><\/p>\n<\/div>\n<\/td>\n<td>\n<div>\n<div class=\"s10\"><span class=\"s9\">\u2022 <\/span><span class=\"s7\">O b\u0142ogos\u0142awie\u0144stwo Bo\u017ce w rodzinie, zdrowie i szcz\u0119\u015bliwe narodzenie prawnuczki.<\/span><\/div>\n<\/div>\n<\/td>\n<\/tr>\n<tr>\n<td>\n<div>\n<p class=\"s5\"><span class=\"s6\">18:00<\/span><\/p>\n<\/div>\n<\/td>\n<td>\n<div>\n<p class=\"s2\"><span class=\"s7\">+<\/span> <span class=\"s7\">Danut\u0119, Jana, Juliann\u0119 i J\u00f3zefa KACZORK\u00d3W.<\/span><\/p>\n<\/div>\n<\/td>\n<\/tr>\n<tr>\n<td class=\"s3\" colspan=\"2\">\n<div>\n<p class=\"s5\">&nbsp;<\/p>\n<\/div>\n<\/td>\n<\/tr>\n<tr>\n<td colspan=\"2\">\n<div>\n<p class=\"s5\" style=\"text-align: center;\"><span class=\"s6\">SOBOTA <\/span><span class=\"s6\">&nbsp;(<\/span><span class=\"s6\">10 lutego<\/span><span class=\"s6\">)<\/span><\/p>\n<\/div>\n<\/td>\n<\/tr>\n<tr>\n<td>\n<div>\n<p class=\"s2\"><span class=\"s6\">7:00<\/span><\/p>\n<\/div>\n<\/td>\n<td>\n<div>\n<p class=\"s2\"><span class=\"s7\">+ Adama STRZELCZYKA (<\/span><span class=\"s7\">greg<\/span><span class=\"s7\">.<\/span><span class=\"s7\"> 10<\/span><span class=\"s7\">)<\/span><\/p>\n<\/div>\n<\/td>\n<\/tr>\n<tr>\n<td>\n<div>\n<p class=\"s2\"><span class=\"s6\">8:<\/span><span class=\"s6\">0<\/span><span class=\"s6\">0<\/span><\/p>\n<\/div>\n<\/td>\n<td>\n<div>\n<div class=\"s10\"><span class=\"s9\">\u2022 <\/span><span class=\"s7\">W intencjach czcicieli \u015aw. Micha\u0142a Archanio\u0142a. <\/span><\/div>\n<\/div>\n<\/td>\n<\/tr>\n<tr>\n<td>\n<div>\n<p class=\"s2\"><span class=\"s6\">18:00<\/span><\/p>\n<\/div>\n<\/td>\n<td>\n<div>\n<div class=\"s10\"><span class=\"s9\">\u2022 <\/span><span class=\"s7\">376 rocznica nadania Pradze praw miejskich.<\/span><\/div>\n<\/div>\n<\/td>\n<\/tr>\n<\/tbody>\n<\/table>\n<\/div><\/section>\n","protected":false},"excerpt":{"rendered":"","protected":false},"author":1,"featured_media":3833,"comment_status":"closed","ping_status":"closed","sticky":false,"template":"","format":"standard","meta":{"ngg_post_thumbnail":0,"footnotes":""},"categories":[6],"tags":[],"class_list":["post-5238","post","type-post","status-publish","format-standard","has-post-thumbnail","hentry","category-intencje-mszalne"],"_links":{"self":[{"href":"https:\/\/mbloretanska.pl\/index.php?rest_route=\/wp\/v2\/posts\/5238","targetHints":{"allow":["GET"]}}],"collection":[{"href":"https:\/\/mbloretanska.pl\/index.php?rest_route=\/wp\/v2\/posts"}],"about":[{"href":"https:\/\/mbloretanska.pl\/index.php?rest_route=\/wp\/v2\/types\/post"}],"author":[{"embeddable":true,"href":"https:\/\/mbloretanska.pl\/index.php?rest_route=\/wp\/v2\/users\/1"}],"replies":[{"embeddable":true,"href":"https:\/\/mbloretanska.pl\/index.php?rest_route=%2Fwp%2Fv2%2Fcomments&post=5238"}],"version-history":[{"count":1,"href":"https:\/\/mbloretanska.pl\/index.php?rest_route=\/wp\/v2\/posts\/5238\/revisions"}],"predecessor-version":[{"id":5239,"href":"https:\/\/mbloretanska.pl\/index.php?rest_route=\/wp\/v2\/posts\/5238\/revisions\/5239"}],"wp:featuredmedia":[{"embeddable":true,"href":"https:\/\/mbloretanska.pl\/index.php?rest_route=\/wp\/v2\/media\/3833"}],"wp:attachment":[{"href":"https:\/\/mbloretanska.pl\/index.php?rest_route=%2Fwp%2Fv2%2Fmedia&parent=5238"}],"wp:term":[{"taxonomy":"category","embeddable":true,"href":"https:\/\/mbloretanska.pl\/index.php?rest_route=%2Fwp%2Fv2%2Fcategories&post=5238"},{"taxonomy":"post_tag","embeddable":true,"href":"https:\/\/mbloretanska.pl\/index.php?rest_route=%2Fwp%2Fv2%2Ftags&post=5238"}],"curies":[{"name":"wp","href":"https:\/\/api.w.org\/{rel}","templated":true}]}}