{"id":5227,"date":"2024-01-27T08:01:50","date_gmt":"2024-01-27T07:01:50","guid":{"rendered":"https:\/\/mbloretanska.pl\/?p=5227"},"modified":"2024-01-27T08:01:52","modified_gmt":"2024-01-27T07:01:52","slug":"intencje-mszalne-28-01-03-02-2024","status":"publish","type":"post","link":"https:\/\/mbloretanska.pl\/?p=5227","title":{"rendered":"intencje mszalne 28.01-03.02.2024"},"content":{"rendered":"<section  class='av_textblock_section av-lrvq38nl-602fe2299fa1a43a38862f6d93011f13 '   itemscope=\"itemscope\" itemtype=\"https:\/\/schema.org\/BlogPosting\" itemprop=\"blogPost\" ><div class='avia_textblock'  itemprop=\"text\" ><p class=\"s2\">&nbsp;<\/p>\n<table>\n<tbody>\n<tr>\n<td class=\"s3\" colspan=\"2\">\n<div>\n<p class=\"s2\">&nbsp;<\/p>\n<\/div>\n<\/td>\n<\/tr>\n<tr>\n<td colspan=\"2\">\n<div>\n<p class=\"s5\" style=\"text-align: center;\"><span class=\"s4\">I<\/span><span class=\"s4\">V<\/span> <span class=\"s4\">NIEDZIELA<\/span><span class=\"s4\"> ZWYK\u0141A<\/span><\/p>\n<p class=\"s5\" style=\"text-align: center;\"><span class=\"s6\">(<\/span><span class=\"s6\">2<\/span><span class=\"s6\">8<\/span><span class=\"s6\"> stycznia<\/span><span class=\"s6\"> 202<\/span><span class=\"s6\">4<\/span><span class=\"s6\"> r.)<\/span><\/p>\n<\/div>\n<\/td>\n<\/tr>\n<tr>\n<td>\n<div>\n<p class=\"s5\"><span class=\"s6\">7<\/span><span class=\"s6\">:<\/span><span class=\"s6\">00<\/span><\/p>\n<\/div>\n<\/td>\n<td>\n<div>\n<p class=\"s2\"><span class=\"s7\">+<\/span> <span class=\"s7\">Zofi\u0119 TWAROWSK\u0104 (6 r. <\/span><span class=\"s7\">\u015bm<\/span><span class=\"s7\">.)<\/span><\/p>\n<\/div>\n<\/td>\n<\/tr>\n<tr>\n<td>\n<div>\n<p class=\"s5\"><span class=\"s6\">8<\/span><span class=\"s6\">:<\/span><span class=\"s6\">30<\/span><\/p>\n<\/div>\n<\/td>\n<td>\n<div>\n<p class=\"s2\"><span class=\"s8\">+ <\/span><span class=\"s8\">Franciszka CICHOWLASA (2 r. <\/span><span class=\"s8\">\u015bm<\/span><span class=\"s8\">.) Aniel\u0119, Rozali\u0119, Stanis\u0142awa i Jana CICHOWLAS<\/span><span class=\"s8\"><br \/>\n<\/span><span class=\"s8\">&nbsp; Leokadi\u0119, Ma\u0142gorzat\u0119, Helen\u0119, Stefana, Floriana i Wies\u0142awa ZIEMBI\u0143SKICH. <\/span><\/p>\n<\/div>\n<\/td>\n<\/tr>\n<tr>\n<td>\n<div>\n<p class=\"s2\"><span class=\"s6\">10<\/span><span class=\"s6\">:<\/span><span class=\"s6\">00<\/span><\/p>\n<\/div>\n<\/td>\n<td>\n<div>\n<p class=\"s2\"><span class=\"s7\">+ Zofi\u0119 JARZ\u0118BI\u0143SK\u0104 (<\/span><span class=\"s7\">greg<\/span><span class=\"s7\">. <\/span><span class=\"s7\">2<\/span><span class=\"s7\">8<\/span><span class=\"s7\">.)<\/span><\/p>\n<\/div>\n<\/td>\n<\/tr>\n<tr>\n<td>\n<div>\n<p class=\"s2\"><span class=\"s6\">11<\/span><span class=\"s6\">:<\/span><span class=\"s6\">00<\/span><\/p>\n<\/div>\n<\/td>\n<td>\n<div>\n<p class=\"s2\"><span class=\"s7\">+ J\u00f3zefa <\/span><span class=\"s7\">STARZYKA (69 r. <\/span><span class=\"s7\">\u015bm<\/span><span class=\"s7\">.), Jana \u0141\u0104CKIEGO (53 r. <\/span><span class=\"s7\">\u015bm<\/span><span class=\"s7\">.) i zm. z ich rodzin.<\/span><\/p>\n<\/div>\n<\/td>\n<\/tr>\n<tr>\n<td>\n<div>\n<p class=\"s2\"><span class=\"s6\">12:30<\/span><\/p>\n<\/div>\n<\/td>\n<td>\n<div>\n<div class=\"s10\"><span class=\"s9\">\u2022 <\/span><span class=\"s7\">Intencja dzi\u0119kczynna z racji 19 r. urodzin R\u00f3\u017cy i Bartka<\/span><span class=\"s7\">.<\/span><\/div>\n<div class=\"s10\"><span class=\"s9\">\u2022 <\/span><span class=\"s7\">Intencja dzi\u0119kczynna za 90 lat \u017cycia Haliny, za zdrowie i otrzymane \u0142aski z pro\u015bb\u0105 <\/span><span class=\"s7\"><br \/>\n<\/span><span class=\"s7\">o zdrowie i opiek\u0119 Matki Bo\u017cej. <\/span><\/div>\n<p class=\"s2\"><span class=\"s7\">+ Andrzeja DOMAGA\u0141A (od rodziny Kwarciak\u00f3w z Tomic).<\/span><\/p>\n<p class=\"s2\"><span class=\"s7\">+ Wies\u0142aw\u0119 ZADRO\u017bN\u0104 (30 dni po <\/span><span class=\"s7\">\u015bm<\/span><span class=\"s7\">.)<\/span><\/p>\n<p class=\"s2\"><span class=\"s7\">+ Iren\u0119 i Mariana SZCZE\u015aNIK\u00d3W, ich rodzic\u00f3w, Lucyn\u0119 i Henryka <\/span><span class=\"s11\">S\u0141OMCZY\u0143SKICH<\/span><\/p>\n<p class=\"s2\"><span class=\"s7\">+ Genowef\u0119 BOGACZ (6 r. <\/span><span class=\"s7\">\u015bm<\/span><span class=\"s7\">.) i zmar\u0142ych z rodziny BOGACZ\u00d3W.<\/span><\/p>\n<\/div>\n<\/td>\n<\/tr>\n<tr>\n<td>\n<div>\n<p class=\"s2\"><span class=\"s6\">18<\/span><span class=\"s6\">:00<\/span><\/p>\n<\/div>\n<\/td>\n<td>\n<div>\n<p class=\"s2\"><span class=\"s7\">+ <\/span><span class=\"s7\">Zofi\u0119 TRYFON<\/span><span class=\"s7\"> (<\/span><span class=\"s7\">6<\/span><span class=\"s7\"> r. <\/span><span class=\"s7\">\u015bm<\/span><span class=\"s7\">.)<\/span><span class=\"s7\">, wszystkich zm. z r. TRYFON\u00d3W i URBA\u0143SKICH. <\/span><\/p>\n<\/div>\n<\/td>\n<\/tr>\n<tr>\n<td class=\"s3\" colspan=\"2\">\n<div>\n<p class=\"s5\">&nbsp;<\/p>\n<\/div>\n<\/td>\n<\/tr>\n<tr>\n<td colspan=\"2\">\n<div>\n<p class=\"s5\" style=\"text-align: center;\"><span class=\"s6\">PONIEDZIA\u0141EK<\/span><\/p>\n<p class=\"s5\" style=\"text-align: center;\"><span class=\"s6\">(<\/span><span class=\"s6\">2<\/span><span class=\"s6\">9<\/span><span class=\"s6\"> stycznia<\/span><span class=\"s6\">)<\/span><\/p>\n<\/div>\n<\/td>\n<\/tr>\n<tr>\n<td>\n<div>\n<p class=\"s5\"><span class=\"s6\">7<\/span><span class=\"s6\">:<\/span><span class=\"s6\">0<\/span><span class=\"s6\">0<\/span><\/p>\n<\/div>\n<\/td>\n<td>\n<div>\n<div class=\"s10\"><span class=\"s9\">\u2022 <\/span><span class=\"s7\">O nawr\u00f3cenie i \u0142ask\u0119 \u015bwi\u0119to\u015bci dla Paw\u0142a. <\/span><\/div>\n<\/div>\n<\/td>\n<\/tr>\n<tr>\n<td>\n<div>\n<p class=\"s5\"><span class=\"s6\">8<\/span><span class=\"s6\">:00<\/span><\/p>\n<\/div>\n<\/td>\n<td>\n<div>\n<p class=\"s2\"><span class=\"s7\">+ Zofi\u0119 JARZ\u0118BI\u0143SK\u0104 (<\/span><span class=\"s7\">greg<\/span><span class=\"s7\">. <\/span><span class=\"s7\">2<\/span><span class=\"s7\">9<\/span><span class=\"s7\">.<\/span><span class=\"s7\">)<\/span><\/p>\n<\/div>\n<\/td>\n<\/tr>\n<tr>\n<td>\n<div>\n<p class=\"s5\"><span class=\"s6\">18:00<\/span><\/p>\n<\/div>\n<\/td>\n<td>\n<div>\n<p class=\"s2\"><span class=\"s7\">+ <\/span><span class=\"s7\">W <\/span><span class=\"s7\">38 r. \u015bmierci Romualdy. <\/span><\/p>\n<\/div>\n<\/td>\n<\/tr>\n<tr>\n<td class=\"s3\" colspan=\"2\">\n<div>\n<p class=\"s2\">&nbsp;<\/p>\n<\/div>\n<\/td>\n<\/tr>\n<tr>\n<td colspan=\"2\">\n<div>\n<p class=\"s5\" style=\"text-align: center;\"><span class=\"s6\">WTOREK<\/span><\/p>\n<p class=\"s5\" style=\"text-align: center;\"><span class=\"s6\">(<\/span><span class=\"s6\">3<\/span><span class=\"s6\">0<\/span><span class=\"s6\"> stycznia<\/span><span class=\"s6\">)<\/span><\/p>\n<\/div>\n<\/td>\n<\/tr>\n<tr>\n<td>\n<div>\n<p class=\"s5\"><span class=\"s6\">7<\/span><span class=\"s6\">:<\/span><span class=\"s6\">00<\/span><\/p>\n<\/div>\n<\/td>\n<td>\n<div>\n<p class=\"s2\"><span class=\"s7\">REZ. <\/span><\/p>\n<\/div>\n<\/td>\n<\/tr>\n<tr>\n<td>\n<div>\n<p class=\"s5\"><span class=\"s6\">8<\/span><span class=\"s6\">:<\/span><span class=\"s6\">0<\/span><span class=\"s6\">0<\/span><\/p>\n<\/div>\n<\/td>\n<td>\n<div>\n<p class=\"s12\"><span class=\"s7\">+ <\/span><span class=\"s7\">Zofi\u0119 JARZ\u0118BI\u0143SK\u0104 (<\/span><span class=\"s7\">greg<\/span><span class=\"s7\">. <\/span><span class=\"s7\">30<\/span><span class=\"s7\">.)<\/span><\/p>\n<\/div>\n<\/td>\n<\/tr>\n<tr>\n<td>\n<div>\n<p class=\"s5\"><span class=\"s6\">18:00<\/span><\/p>\n<\/div>\n<\/td>\n<td>\n<div>\n<p class=\"s2\"><span class=\"s7\">+<\/span> <span class=\"s7\">Roberta KALJOTA, Jerzego KALJOTA, Ann\u0119 TURSK\u0104, <\/span><span class=\"s7\"><br \/>\n<\/span><span class=\"s7\">&nbsp; Halin\u0119 i Stefana TYCZY\u0143SKICH i Zygmunta FALKOWSKIEGO. <\/span><\/p>\n<\/div>\n<\/td>\n<\/tr>\n<tr>\n<td class=\"s13\" colspan=\"2\">\n<div>\n<p class=\"s2\">&nbsp;<\/p>\n<\/div>\n<\/td>\n<\/tr>\n<tr>\n<td colspan=\"2\">\n<div>\n<p class=\"s5\" style=\"text-align: center;\"><span class=\"s6\">\u015aRODA &nbsp; <\/span><span class=\"s6\">(<\/span><span class=\"s6\">31<\/span><span class=\"s6\"> stycznia)<\/span><\/p>\n<p class=\"s5\" style=\"text-align: center;\"><span class=\"s6\">\u015aw. <\/span><span class=\"s6\">Jana Bosko, prezbitera<\/span><span class=\"s6\"> \u2013 wspomnienie <\/span><\/p>\n<\/div>\n<\/td>\n<\/tr>\n<tr>\n<td>\n<div>\n<p class=\"s5\"><span class=\"s6\">7:<\/span><span class=\"s6\">00<\/span><\/p>\n<\/div>\n<\/td>\n<td>\n<div>\n<div class=\"s10\"><span class=\"s9\">\u2022 <\/span><span class=\"s7\">W intencji Panu Bogu wiadomej.<\/span><\/div>\n<\/div>\n<\/td>\n<\/tr>\n<tr>\n<td>\n<div>\n<p class=\"s5\"><span class=\"s6\">8:00<\/span><\/p>\n<\/div>\n<\/td>\n<td>\n<div>\n<p class=\"s2\">&nbsp;<\/p>\n<\/div>\n<\/td>\n<\/tr>\n<tr>\n<td>\n<div>\n<p class=\"s5\"><span class=\"s6\">17:45<\/span><\/p>\n<\/div>\n<\/td>\n<td>\n<div>\n<p class=\"s2\"><span class=\"s6\">NOWENNA DO MATKI BO\u017bEJ NIEUSTAJ\u0104CEJ POMOCY<\/span><\/p>\n<p class=\"s2\"><span class=\"s7\">+ <\/span><span class=\"s7\">Romualda LEWANDOWSKIEGO (30 dzie\u0144 po <\/span><span class=\"s7\">\u015bm<\/span><span class=\"s7\">.)<\/span><\/p>\n<\/div>\n<\/td>\n<\/tr>\n<tr>\n<td class=\"s3\" colspan=\"2\">\n<div>\n<p class=\"s5\">&nbsp;<\/p>\n<\/div>\n<\/td>\n<\/tr>\n<tr>\n<td colspan=\"2\">\n<div>\n<p class=\"s5\" style=\"text-align: center;\"><span class=\"s6\">CZWARTE<\/span><span class=\"s6\">K &nbsp;(<\/span><span class=\"s6\">1 lutego<\/span><span class=\"s6\">)<\/span><\/p>\n<\/div>\n<\/td>\n<\/tr>\n<tr>\n<td>\n<div>\n<p class=\"s5\"><span class=\"s6\">7:00<\/span><\/p>\n<\/div>\n<\/td>\n<td>\n<div>\n<p class=\"s2\"><span class=\"s7\">+ A<\/span><span class=\"s7\">dama STRZELCZYKA (greg.1)<\/span><\/p>\n<\/div>\n<\/td>\n<\/tr>\n<tr>\n<td>\n<div>\n<p class=\"s5\"><span class=\"s6\">8:00<\/span><\/p>\n<\/div>\n<\/td>\n<td>\n<div>\n<p class=\"s2\"><span class=\"s7\">+<\/span> <span class=\"s7\">Jana KOWALKOWSKIEGO, Mariann\u0119 i Franciszka MIELNICKICH.<\/span><\/p>\n<\/div>\n<\/td>\n<\/tr>\n<tr>\n<td>\n<div>\n<p class=\"s5\"><span class=\"s6\">18:00<\/span><\/p>\n<\/div>\n<\/td>\n<td>\n<div>\n<p class=\"s2\"><span class=\"s7\">+ Helen\u0119 NOLBERCZAK, Tadeusza NOLBERCZAK, Dariusza KURCWEIL <\/span><span class=\"s7\"><br \/>\n<\/span><span class=\"s7\">&nbsp; i Mari\u0119 BALWIN (10 r. <\/span><span class=\"s7\">\u015bm<\/span><span class=\"s7\">.)<\/span><a name=\"_GoBack\"><\/a><\/p>\n<\/div>\n<\/td>\n<\/tr>\n<tr>\n<td class=\"s3\" colspan=\"2\">\n<div>\n<p class=\"s5\">&nbsp;<\/p>\n<\/div>\n<\/td>\n<\/tr>\n<tr>\n<td colspan=\"2\">\n<div>\n<p class=\"s5\" style=\"text-align: center;\"><span class=\"s6\">PI\u0104TEK <\/span><span class=\"s6\">(<\/span><span class=\"s6\">2<\/span><span class=\"s6\"> lutego<\/span><span class=\"s6\">)<\/span><\/p>\n<p class=\"s5\" style=\"text-align: center;\"><span class=\"s6\">Ofiarowanie Pa\u0144skie<\/span><span class=\"s6\"> \u2013 <\/span><span class=\"s6\">\u015awi\u0119to<\/span><\/p>\n<\/div>\n<\/td>\n<\/tr>\n<tr>\n<td>\n<div>\n<p class=\"s5\"><span class=\"s6\">7:00<\/span><\/p>\n<\/div>\n<\/td>\n<td>\n<div>\n<p class=\"s2\"><span class=\"s7\">+ <\/span><span class=\"s7\">Adama STRZELCZYKA (greg.2)<\/span><\/p>\n<\/div>\n<\/td>\n<\/tr>\n<tr>\n<td>\n<div>\n<p class=\"s5\"><span class=\"s6\">8:00<\/span><\/p>\n<\/div>\n<\/td>\n<td>\n<div>\n<p class=\"s2\"><span class=\"s7\">+ <\/span><span class=\"s7\">w intencjach cz\u0142onk\u00f3w \u017bywego R\u00f3\u017ca\u0144ca i Legionu Maryi.<\/span><\/p>\n<\/div>\n<\/td>\n<\/tr>\n<tr>\n<td>\n<div>\n<p class=\"s5\"><span class=\"s6\">10:00<\/span><\/p>\n<\/div>\n<\/td>\n<td>\n<div>\n<p class=\"s2\"><span class=\"s7\">+ Mariann\u0119 KOCHANEK (25 r. <\/span><span class=\"s7\">\u015bm<\/span><span class=\"s7\">.)<\/span><\/p>\n<\/div>\n<\/td>\n<\/tr>\n<tr>\n<td>\n<div>\n<p class=\"s5\"><span class=\"s6\">18:00<\/span><\/p>\n<\/div>\n<\/td>\n<td>\n<div>\n<p class=\"s2\"><span class=\"s7\">+<\/span> <span class=\"s7\">Mari<\/span><span class=\"s7\">\u0119 i Mariana KRUK.<\/span><\/p>\n<\/div>\n<\/td>\n<\/tr>\n<tr>\n<td class=\"s3\" colspan=\"2\">\n<div>\n<p class=\"s5\">&nbsp;<\/p>\n<\/div>\n<\/td>\n<\/tr>\n<tr>\n<td colspan=\"2\">\n<div>\n<p class=\"s5\" style=\"text-align: center;\"><span class=\"s6\">SOBOTA (3 luty<\/span><span class=\"s6\">)<\/span><\/p>\n<\/div>\n<\/td>\n<\/tr>\n<tr>\n<td>\n<div>\n<p class=\"s2\"><span class=\"s6\">7:00<\/span><\/p>\n<\/div>\n<\/td>\n<td>\n<div>\n<p class=\"s2\"><span class=\"s7\">+ Adama STRZELCZYKA (greg.3)<\/span><\/p>\n<\/div>\n<\/td>\n<\/tr>\n<tr>\n<td>\n<div>\n<p class=\"s2\"><span class=\"s6\">8:<\/span><span class=\"s6\">0<\/span><span class=\"s6\">0<\/span><\/p>\n<\/div>\n<\/td>\n<td>\n<div>\n<p class=\"s2\"><span class=\"s7\">REZ.<\/span><\/p>\n<\/div>\n<\/td>\n<\/tr>\n<tr>\n<td>\n<div>\n<p class=\"s2\"><span class=\"s6\">18:00<\/span><\/p>\n<\/div>\n<\/td>\n<td>\n<div>\n<p class=\"s2\"><span class=\"s7\">+ Stefani\u0119 PIENI\u0104\u017bEK (47 r. <\/span><span class=\"s7\">\u015bm<\/span><span class=\"s7\">.)<\/span><\/p>\n<\/div>\n<\/td>\n<\/tr>\n<\/tbody>\n<\/table>\n<p class=\"s2\">&nbsp;<\/p>\n<\/div><\/section>\n","protected":false},"excerpt":{"rendered":"","protected":false},"author":1,"featured_media":3833,"comment_status":"closed","ping_status":"closed","sticky":false,"template":"","format":"standard","meta":{"ngg_post_thumbnail":0,"footnotes":""},"categories":[3],"tags":[],"class_list":["post-5227","post","type-post","status-publish","format-standard","has-post-thumbnail","hentry","category-ogloszenia-duszpasterskie"],"_links":{"self":[{"href":"https:\/\/mbloretanska.pl\/index.php?rest_route=\/wp\/v2\/posts\/5227","targetHints":{"allow":["GET"]}}],"collection":[{"href":"https:\/\/mbloretanska.pl\/index.php?rest_route=\/wp\/v2\/posts"}],"about":[{"href":"https:\/\/mbloretanska.pl\/index.php?rest_route=\/wp\/v2\/types\/post"}],"author":[{"embeddable":true,"href":"https:\/\/mbloretanska.pl\/index.php?rest_route=\/wp\/v2\/users\/1"}],"replies":[{"embeddable":true,"href":"https:\/\/mbloretanska.pl\/index.php?rest_route=%2Fwp%2Fv2%2Fcomments&post=5227"}],"version-history":[{"count":1,"href":"https:\/\/mbloretanska.pl\/index.php?rest_route=\/wp\/v2\/posts\/5227\/revisions"}],"predecessor-version":[{"id":5228,"href":"https:\/\/mbloretanska.pl\/index.php?rest_route=\/wp\/v2\/posts\/5227\/revisions\/5228"}],"wp:featuredmedia":[{"embeddable":true,"href":"https:\/\/mbloretanska.pl\/index.php?rest_route=\/wp\/v2\/media\/3833"}],"wp:attachment":[{"href":"https:\/\/mbloretanska.pl\/index.php?rest_route=%2Fwp%2Fv2%2Fmedia&parent=5227"}],"wp:term":[{"taxonomy":"category","embeddable":true,"href":"https:\/\/mbloretanska.pl\/index.php?rest_route=%2Fwp%2Fv2%2Fcategories&post=5227"},{"taxonomy":"post_tag","embeddable":true,"href":"https:\/\/mbloretanska.pl\/index.php?rest_route=%2Fwp%2Fv2%2Ftags&post=5227"}],"curies":[{"name":"wp","href":"https:\/\/api.w.org\/{rel}","templated":true}]}}