{"id":5033,"date":"2023-09-17T08:29:46","date_gmt":"2023-09-17T06:29:46","guid":{"rendered":"https:\/\/mbloretanska.pl\/?p=5033"},"modified":"2023-09-17T08:29:47","modified_gmt":"2023-09-17T06:29:47","slug":"xxiv-niedziela-zwykla-17-09-2023","status":"publish","type":"post","link":"https:\/\/mbloretanska.pl\/?p=5033","title":{"rendered":"XXIV niedziela zwyk\u0142a 17.09.2023"},"content":{"rendered":"<section  class='av_textblock_section av-lmn2te7b-5e5b006877ff0a1eefb6b2ee2d6f3384 '   itemscope=\"itemscope\" itemtype=\"https:\/\/schema.org\/BlogPosting\" itemprop=\"blogPost\" ><div class='avia_textblock'  itemprop=\"text\" ><p class=\"gmail-MsoListParagraphCxSpFirst\">1.&nbsp;&nbsp;&nbsp;&nbsp; Dzi\u015b po Mszy \u015bw. o godz. 11.00 spotkanie dla rodzic\u00f3w dzieci z klas III, kt\u00f3re w 2024 r. przyst\u0105pi\u0105 w naszej parafii do I komunii \u015bw.<\/p>\n<p class=\"gmail-MsoListParagraphCxSpMiddle\">2.&nbsp;&nbsp;&nbsp;&nbsp; Ofiary sk\u0142adane dzisiaj na tac\u0119 przeznaczone b\u0119d\u0105 na seminarium duchowne.<\/p>\n<p class=\"gmail-MsoListParagraphCxSpMiddle\">3.&nbsp;&nbsp;&nbsp;&nbsp; Jutro 18.09 liturgiczne \u015bwi\u0119to \u015bw. Stanis\u0142awa Kostki patrona Polski i patrona m\u0142odzie\u017cy. W czwartek \u015bwi\u0119to \u015bw. Mateusza Aposto\u0142a i Ewangelisty. <span dir=\"ltr\">W sobot\u0119 23.09<\/span> wspomnienie \u015bw. o. Pio.&nbsp;<\/p>\n<p class=\"gmail-MsoListParagraphCxSpMiddle\">4.&nbsp;&nbsp;&nbsp;&nbsp; Rozpocz\u0105\u0142 si\u0119 I etap remontu ko\u015bcio\u0142a, kt\u00f3ry potrwa ok. dw\u00f3ch miesi\u0119cy. Prace prowadzi firma Lubren z Lublina. Dzi\u0119kujemy za wszystkie ofiary sk\u0142adane na remont naszej zabytkowej \u015bwi\u0105tyni. Ze wzgl\u0119du na roboty budowlane cz\u0119\u015b\u0107 terenu wok\u00f3\u0142 ko\u015bcio\u0142a b\u0119dzie na czas remontu wy\u0142\u0105czona z u\u017cytkowania. Przepraszamy za wynikaj\u0105ce st\u0105d utrudnienia.<\/p>\n<p class=\"gmail-MsoListParagraphCxSpMiddle\">5.&nbsp;&nbsp;&nbsp;&nbsp; Na stoliku prasowym znajdziemy nowy numer tygodnika <i>Idziemy<\/i> oraz gazetk\u0119 parafialn\u0105 <i>We\u017a Ewangeli\u0119 do domu<\/i>.<\/p>\n<\/div><\/section>\n","protected":false},"excerpt":{"rendered":"","protected":false},"author":1,"featured_media":3832,"comment_status":"closed","ping_status":"closed","sticky":false,"template":"","format":"standard","meta":{"ngg_post_thumbnail":0,"footnotes":""},"categories":[3],"tags":[],"class_list":["post-5033","post","type-post","status-publish","format-standard","has-post-thumbnail","hentry","category-ogloszenia-duszpasterskie"],"_links":{"self":[{"href":"https:\/\/mbloretanska.pl\/index.php?rest_route=\/wp\/v2\/posts\/5033","targetHints":{"allow":["GET"]}}],"collection":[{"href":"https:\/\/mbloretanska.pl\/index.php?rest_route=\/wp\/v2\/posts"}],"about":[{"href":"https:\/\/mbloretanska.pl\/index.php?rest_route=\/wp\/v2\/types\/post"}],"author":[{"embeddable":true,"href":"https:\/\/mbloretanska.pl\/index.php?rest_route=\/wp\/v2\/users\/1"}],"replies":[{"embeddable":true,"href":"https:\/\/mbloretanska.pl\/index.php?rest_route=%2Fwp%2Fv2%2Fcomments&post=5033"}],"version-history":[{"count":1,"href":"https:\/\/mbloretanska.pl\/index.php?rest_route=\/wp\/v2\/posts\/5033\/revisions"}],"predecessor-version":[{"id":5034,"href":"https:\/\/mbloretanska.pl\/index.php?rest_route=\/wp\/v2\/posts\/5033\/revisions\/5034"}],"wp:featuredmedia":[{"embeddable":true,"href":"https:\/\/mbloretanska.pl\/index.php?rest_route=\/wp\/v2\/media\/3832"}],"wp:attachment":[{"href":"https:\/\/mbloretanska.pl\/index.php?rest_route=%2Fwp%2Fv2%2Fmedia&parent=5033"}],"wp:term":[{"taxonomy":"category","embeddable":true,"href":"https:\/\/mbloretanska.pl\/index.php?rest_route=%2Fwp%2Fv2%2Fcategories&post=5033"},{"taxonomy":"post_tag","embeddable":true,"href":"https:\/\/mbloretanska.pl\/index.php?rest_route=%2Fwp%2Fv2%2Ftags&post=5033"}],"curies":[{"name":"wp","href":"https:\/\/api.w.org\/{rel}","templated":true}]}}