{"id":5031,"date":"2023-09-17T08:25:36","date_gmt":"2023-09-17T06:25:36","guid":{"rendered":"https:\/\/mbloretanska.pl\/?p=5031"},"modified":"2023-09-17T08:25:38","modified_gmt":"2023-09-17T06:25:38","slug":"intencje-mszalne-17-23-09-2023","status":"publish","type":"post","link":"https:\/\/mbloretanska.pl\/?p=5031","title":{"rendered":"intencje mszalne 17-23.09.2023"},"content":{"rendered":"<section  class='av_textblock_section av-lmn2orgo-855642201b4f62195858c0534df3aad0 '   itemscope=\"itemscope\" itemtype=\"https:\/\/schema.org\/BlogPosting\" itemprop=\"blogPost\" ><div class='avia_textblock'  itemprop=\"text\" ><table>\n<tbody>\n<tr>\n<td class=\"s3\" colspan=\"2\">\n<div>\n<p class=\"s2\">&nbsp;<\/p>\n<\/div>\n<\/td>\n<\/tr>\n<tr>\n<td colspan=\"2\">\n<div>\n<p class=\"s5\" style=\"text-align: center;\"><span class=\"s4\">X<\/span><span class=\"s4\">XI<\/span><span class=\"s4\">V<\/span> <span class=\"s4\">NIEDZIELA <\/span><span class=\"s4\">ZWYK\u0141A<\/span><\/p>\n<p class=\"s5\" style=\"text-align: center;\"><span class=\"s6\">(<\/span><span class=\"s6\">1<\/span><span class=\"s6\">7<\/span> <span class=\"s6\">wrze\u015bn<\/span><span class=\"s6\">i<\/span><span class=\"s6\">a<\/span><span class=\"s6\"> 2023 r.<\/span><span class=\"s6\">)<\/span><\/p>\n<\/div>\n<\/td>\n<\/tr>\n<tr>\n<td>\n<div>\n<p class=\"s5\"><span class=\"s6\">7<\/span><span class=\"s6\">:<\/span><span class=\"s6\">00<\/span><\/p>\n<\/div>\n<\/td>\n<td>\n<div>\n<p class=\"s2\"><span class=\"s7\">+<\/span> <span class=\"s7\">Iren\u0119 (14 r. <\/span><span class=\"s7\">\u015bm<\/span><span class=\"s7\">.) i Franciszka (53 r. <\/span><span class=\"s7\">\u015bm<\/span><span class=\"s7\">.) ZI\u0118TARA <\/span><span class=\"s7\"><br \/>\n<\/span><span class=\"s7\">&nbsp; i \u0142ask\u0119 \u017cycia wiecznego dla zm. z rodzin SAWICKICH i ZI\u0118TAR\u00d3W. <\/span><\/p>\n<\/div>\n<\/td>\n<\/tr>\n<tr>\n<td>\n<div>\n<p class=\"s5\"><span class=\"s6\">8<\/span><span class=\"s6\">:<\/span><span class=\"s6\">30<\/span><\/p>\n<\/div>\n<\/td>\n<td>\n<div>\n<p class=\"s2\"><span class=\"s8\">+<\/span><span class=\"s8\"> Wojciecha WILEMBERG<\/span><span class=\"s8\"> (4 r. <\/span><span class=\"s8\">\u015bm<\/span><span class=\"s8\">.), Stanis\u0142awa i Stanis\u0142aw\u0119 WILEMBERG. <\/span><\/p>\n<\/div>\n<\/td>\n<\/tr>\n<tr>\n<td>\n<div>\n<p class=\"s2\"><span class=\"s6\">10<\/span><span class=\"s6\">:<\/span><span class=\"s6\">00<\/span><\/p>\n<\/div>\n<\/td>\n<td>\n<div>\n<div class=\"s9\">1) <span class=\"s7\">+ Leszka BREJNAKA (15 r. <\/span><span class=\"s7\">\u015bm<\/span><span class=\"s7\">.), jego rodzic\u00f3w i te\u015bci\u00f3w, <\/span><span class=\"s7\"><br \/>\n<\/span><span class=\"s7\">&nbsp; <\/span><span class=\"s7\">Mari\u0119 i Lucjana <\/span><span class=\"s7\">DMOWSKICH oraz Jacka SZOZD\u0118. <\/span><\/div>\n<div class=\"s9\">2) <span class=\"s7\">+ <\/span><span class=\"s7\">Mariann\u0119 MATYSIAK (<\/span><span class=\"s7\">greg<\/span><span class=\"s7\">. <\/span><span class=\"s7\">17<\/span><span class=\"s7\">)<\/span><\/div>\n<\/div>\n<\/td>\n<\/tr>\n<tr>\n<td>\n<div>\n<p class=\"s2\"><span class=\"s6\">11<\/span><span class=\"s6\">:<\/span><span class=\"s6\">00<\/span><\/p>\n<\/div>\n<\/td>\n<td>\n<div>\n<div class=\"s9\">1) <span class=\"s7\">+<\/span><span class=\"s7\"> r. ROMANOWSKICH, KO\u0141AKOWSKICH, KARCZEWSKICH, <\/span><span class=\"s7\"><br \/>\n<\/span><span class=\"s7\">&nbsp; oraz o zdrowie i Bo\u017ce <\/span><span class=\"s7\">b\u0142og<\/span><span class=\"s7\">. dla \u017cyj\u0105cych w tych rodzinach. <\/span><\/div>\n<div class=\"s9\">2) <span class=\"s7\">Dz. b\u0142ag<\/span><span class=\"s7\">alna<\/span><a name=\"_GoBack\"><\/a><span class=\"s7\"> w 40 r. \u015blubu Krystyny i Andrzeja MULAS.<\/span><\/div>\n<\/div>\n<\/td>\n<\/tr>\n<tr>\n<td>\n<div>\n<p class=\"s2\"><span class=\"s6\">12<\/span><span class=\"s6\">:<\/span><span class=\"s6\">30<\/span><\/p>\n<\/div>\n<\/td>\n<td>\n<div>\n<p class=\"s2\"><span class=\"s7\">+ <\/span><span class=\"s7\">Arkadiusza R\u00d3\u017bALSKIEGO, Regin\u0119 i Kazimierza WI\u0118CH\u00d3W. <\/span><\/p>\n<p class=\"s2\"><span class=\"s7\">+ Krzysztofy \u017bBIKOWSKIEJ (30 dz. po <\/span><span class=\"s7\">\u015bm<\/span><span class=\"s7\">.)<\/span><\/p>\n<p class=\"s2\"><span class=\"s7\">+ Teres\u0119 PYSIEWICZ (30 dz. po <\/span><span class=\"s7\">\u015bm<\/span><span class=\"s7\">.)<\/span><\/p>\n<p class=\"s2\"><span class=\"s7\">+ Hann\u0119 KWIATKOWSK\u0104 (3 r. <\/span><span class=\"s7\">\u015bm<\/span><span class=\"s7\">.)<\/span><\/p>\n<p class=\"s2\"><span class=\"s7\">+ Czes\u0142awa BRUNKA (7 r. <\/span><span class=\"s7\">\u015bm<\/span><span class=\"s7\">.)<\/span><\/p>\n<p class=\"s2\"><span class=\"s7\">+ Leokadi\u0119 OCHMAN oraz Ma\u0142gorzat\u0119 TARNOWSK\u0104. <\/span><\/p>\n<\/div>\n<\/td>\n<\/tr>\n<tr>\n<td>\n<div>\n<p class=\"s2\"><span class=\"s6\">18<\/span><span class=\"s6\">:<\/span><span class=\"s6\">00<\/span><\/p>\n<\/div>\n<\/td>\n<td>\n<div>\n<p class=\"s2\"><span class=\"s7\">+<\/span><span class=\"s7\"> Szczepana w 9 r. <\/span><span class=\"s7\">\u015bm<\/span><span class=\"s7\">. i Mieczys\u0142awa (17 r. <\/span><span class=\"s7\">\u015bm<\/span><span class=\"s7\">.) PAZU\u0141A. <\/span><\/p>\n<\/div>\n<\/td>\n<\/tr>\n<tr>\n<td class=\"s3\" colspan=\"2\">\n<div>\n<p class=\"s5\">&nbsp;<\/p>\n<\/div>\n<\/td>\n<\/tr>\n<tr>\n<td colspan=\"2\">\n<div>\n<p class=\"s5\" style=\"text-align: center;\"><span class=\"s6\">PONIEDZIA\u0141EK<\/span><\/p>\n<p class=\"s5\" style=\"text-align: center;\"><span class=\"s6\">(<\/span><span class=\"s6\">1<\/span><span class=\"s6\">8<\/span><span class=\"s6\"> wrze\u015bnia<\/span><span class=\"s6\">)<\/span><\/p>\n<\/div>\n<\/td>\n<\/tr>\n<tr>\n<td>\n<div>\n<p class=\"s5\"><span class=\"s6\">7<\/span><span class=\"s6\">:<\/span><span class=\"s6\">00<\/span><\/p>\n<\/div>\n<\/td>\n<td>\n<div>\n<p class=\"s2\"><span class=\"s7\">+<\/span> <span class=\"s7\">Leszka DOROSIA. <\/span><\/p>\n<\/div>\n<\/td>\n<\/tr>\n<tr>\n<td>\n<div>\n<p class=\"s5\"><span class=\"s6\">8<\/span><span class=\"s6\">:<\/span><span class=\"s6\">00<\/span><\/p>\n<\/div>\n<\/td>\n<td>\n<div>\n<p class=\"s2\"><span class=\"s7\">+ <\/span><span class=\"s7\">Romana WIERZBICKIEGO. <\/span><\/p>\n<\/div>\n<\/td>\n<\/tr>\n<tr>\n<td>\n<div>\n<p class=\"s5\"><span class=\"s6\">1<\/span><span class=\"s6\">8<\/span><span class=\"s6\">:<\/span><span class=\"s6\">0<\/span><span class=\"s6\">0<\/span><\/p>\n<\/div>\n<\/td>\n<td>\n<div>\n<p class=\"s2\"><span class=\"s7\">+<\/span> <span class=\"s7\">Mariann\u0119 MATYSIAK (<\/span><span class=\"s7\">greg<\/span><span class=\"s7\">. 18)<\/span><\/p>\n<\/div>\n<\/td>\n<\/tr>\n<tr>\n<td class=\"s3\" colspan=\"2\">\n<div>\n<p class=\"s2\">&nbsp;<\/p>\n<\/div>\n<\/td>\n<\/tr>\n<tr>\n<td colspan=\"2\">\n<div>\n<p class=\"s5\" style=\"text-align: center;\"><span class=\"s6\">WTOREK<\/span><\/p>\n<p class=\"s5\" style=\"text-align: center;\"><span class=\"s6\">(<\/span><span class=\"s6\">1<\/span><span class=\"s6\">9<\/span><span class=\"s6\"> wrze\u015bnia<\/span><span class=\"s6\">)<\/span><\/p>\n<\/div>\n<\/td>\n<\/tr>\n<tr>\n<td>\n<div>\n<p class=\"s5\"><span class=\"s6\">7<\/span><span class=\"s6\">:<\/span><span class=\"s6\">00<\/span><\/p>\n<\/div>\n<\/td>\n<td>\n<div>\n<div class=\"s9\"><span class=\"s10\">\u2022 <\/span><span class=\"s7\">O Bo\u017ce <\/span><span class=\"s7\">b\u0142og<\/span><span class=\"s7\">. zdrowie i nawr\u00f3cenie dla c\u00f3rek. <\/span><\/div>\n<\/div>\n<\/td>\n<\/tr>\n<tr>\n<td>\n<div>\n<p class=\"s5\"><span class=\"s6\">8<\/span><span class=\"s6\">:<\/span><span class=\"s6\">0<\/span><span class=\"s6\">0<\/span><\/p>\n<\/div>\n<\/td>\n<td>\n<div>\n<p class=\"s11\"><span class=\"s7\">+<\/span> <span class=\"s7\">Mariann\u0119 MATYSIAK (<\/span><span class=\"s7\">greg<\/span><span class=\"s7\">. 19)<\/span><\/p>\n<\/div>\n<\/td>\n<\/tr>\n<tr>\n<td>\n<div>\n<p class=\"s5\"><span class=\"s6\">18<\/span><span class=\"s6\">:<\/span><span class=\"s6\">00<\/span><\/p>\n<\/div>\n<\/td>\n<td>\n<div>\n<p class=\"s2\"><span class=\"s7\">+<\/span><span class=\"s7\"> &nbsp;<\/span><span class=\"s7\">Krzysztofa PODLE\u015aNEGO (4 r. <\/span><span class=\"s7\">\u015bm<\/span><span class=\"s7\">.)<\/span><\/p>\n<\/div>\n<\/td>\n<\/tr>\n<tr>\n<td class=\"s12\" colspan=\"2\">\n<div>\n<p class=\"s2\">&nbsp;<\/p>\n<\/div>\n<\/td>\n<\/tr>\n<tr>\n<td colspan=\"2\">\n<div>\n<p class=\"s5\" style=\"text-align: center;\"><span class=\"s6\">\u015aRODA <\/span><span class=\"s6\">(<\/span><span class=\"s6\">20<\/span><span class=\"s6\"> wrze\u015bnia<\/span><span class=\"s6\">)<\/span><\/p>\n<p class=\"s5\" style=\"text-align: center;\"><span class=\"s6\">Andrzeja Kim <\/span><span class=\"s6\">Taegon<\/span><span class=\"s6\">, prezbitera i Towarzyszy, m\u0119czennik\u00f3w \u2013 wspomnienie <\/span><\/p>\n<\/div>\n<\/td>\n<\/tr>\n<tr>\n<td>\n<div>\n<p class=\"s5\"><span class=\"s6\">7<\/span><span class=\"s6\">:<\/span><span class=\"s6\">00<\/span><\/p>\n<\/div>\n<\/td>\n<td>\n<div>\n<p class=\"s2\"><span class=\"s7\">+ <\/span><span class=\"s7\">Grzegorza i dusze w czy\u015b\u0107cu ciepi\u0105ce. <\/span><\/p>\n<\/div>\n<\/td>\n<\/tr>\n<tr>\n<td>\n<div>\n<p class=\"s5\"><span class=\"s6\">8<\/span><span class=\"s6\">:<\/span><span class=\"s6\">0<\/span><span class=\"s6\">0<\/span><\/p>\n<\/div>\n<\/td>\n<td>\n<div>\n<div class=\"s9\">1) <span class=\"s7\">+ <\/span><span class=\"s7\">Za dusze w czy\u015b\u0107cu cierpi\u0105ce.<\/span><\/div>\n<div class=\"s9\">2) <span class=\"s7\">+ <\/span><span class=\"s7\">Mariann\u0119 MATYSIAK (<\/span><span class=\"s7\">greg<\/span><span class=\"s7\">.<\/span> <span class=\"s7\">20)<\/span><\/div>\n<\/div>\n<\/td>\n<\/tr>\n<tr>\n<td>\n<div>\n<p class=\"s5\"><span class=\"s6\">17<\/span><span class=\"s6\">:<\/span><span class=\"s6\">45<\/span><\/p>\n<\/div>\n<\/td>\n<td>\n<div>\n<p class=\"s2\"><span class=\"s6\">NOWENNA<\/span> <span class=\"s6\">DO MATKI BO\u017bEJ NIEUSTAJ\u0104CEJ POMOCY<\/span><\/p>\n<\/div>\n<\/td>\n<\/tr>\n<tr>\n<td class=\"s3\" colspan=\"2\">\n<div>\n<p class=\"s5\">&nbsp;<\/p>\n<\/div>\n<\/td>\n<\/tr>\n<tr>\n<td colspan=\"2\">\n<div>\n<p class=\"s5\" style=\"text-align: center;\"><span class=\"s6\">CZWARTE<\/span><span class=\"s6\">K<\/span> <span class=\"s6\">&nbsp;<\/span><span class=\"s6\">(<\/span><span class=\"s6\">21<\/span><span class=\"s6\"> wrze\u015bnia<\/span><span class=\"s6\">)<\/span><\/p>\n<p class=\"s5\" style=\"text-align: center;\"><span class=\"s6\">\u015aw. Mateusza Aposto\u0142a i Ewangelisty \u2013 \u015bwi\u0119to <\/span><\/p>\n<\/div>\n<\/td>\n<\/tr>\n<tr>\n<td>\n<div>\n<p class=\"s5\"><span class=\"s6\">7:00<\/span><\/p>\n<\/div>\n<\/td>\n<td>\n<div>\n<div class=\"s9\"><span class=\"s10\">\u2022 <\/span><span class=\"s7\">O Bo\u017ce b\u0142ogos\u0142awie\u0144stwo, zdrowie i wytrwanie do ko\u0144ca oraz opiek\u0119 N.M.P.<\/span><\/div>\n<\/div>\n<\/td>\n<\/tr>\n<tr>\n<td>\n<div>\n<p class=\"s5\"><span class=\"s6\">8:<\/span><span class=\"s6\">0<\/span><span class=\"s6\">0<\/span><\/p>\n<\/div>\n<\/td>\n<td>\n<div>\n<p class=\"s2\"><span class=\"s7\">+ Mariann\u0119 MATYSIAK (<\/span><span class=\"s7\">greg<\/span><span class=\"s7\">. <\/span><span class=\"s7\">21<\/span><span class=\"s7\">)<\/span><span class=\"s7\">.<\/span><\/p>\n<\/div>\n<\/td>\n<\/tr>\n<tr>\n<td>\n<div>\n<p class=\"s5\"><span class=\"s6\">18:00<\/span><\/p>\n<\/div>\n<\/td>\n<td>\n<div>\n<p class=\"s2\"><span class=\"s7\">+ <\/span><span class=\"s7\">Czes\u0142awa RACZKOWSKIEGO (44 r. <\/span><span class=\"s7\">sm<\/span><span class=\"s7\">.) rodzic\u00f3w RACZKOWSKICH,<\/span><span class=\"s7\"><br \/>\n<\/span><span class=\"s7\">&nbsp; NAWROCKICH, rodze\u0144stwo oraz <\/span><span class=\"s7\">ks<\/span><span class=\"s7\">. Zygmunta NAWROCKIEGO. <\/span><\/p>\n<\/div>\n<\/td>\n<\/tr>\n<tr>\n<td class=\"s3\" colspan=\"2\">\n<div>\n<p class=\"s5\">&nbsp;<\/p>\n<\/div>\n<\/td>\n<\/tr>\n<tr>\n<td colspan=\"2\">\n<div>\n<p class=\"s5\" style=\"text-align: center;\"><span class=\"s6\">PI\u0104TEK<\/span><span class=\"s6\"> (<\/span><span class=\"s6\">22<\/span><span class=\"s6\"> wrze\u015bnia<\/span><span class=\"s6\">)<\/span><\/p>\n<\/div>\n<\/td>\n<\/tr>\n<tr>\n<td>\n<div>\n<p class=\"s5\"><span class=\"s6\">7<\/span><span class=\"s6\">:<\/span><span class=\"s6\">0<\/span><span class=\"s6\">0<\/span><\/p>\n<\/div>\n<\/td>\n<td>\n<div>\n<p class=\"s2\"><span class=\"s7\">+<\/span> <span class=\"s7\">El\u017cbiet\u0119 JAB\u0141O\u0143SK\u0104 (13 r. <\/span><span class=\"s7\">\u015bm<\/span><span class=\"s7\">.) zm. z r. JAB\u0141O\u0143SKICH, SZKODZI\u0143SKICH,<\/span><span class=\"s7\"><br \/>\n<\/span><span class=\"s7\">&nbsp; &nbsp;SARNACKICH i SCHODOWSKICH. <\/span><\/p>\n<\/div>\n<\/td>\n<\/tr>\n<tr>\n<td>\n<div>\n<p class=\"s5\"><span class=\"s6\">8:00<\/span><\/p>\n<\/div>\n<\/td>\n<td>\n<div>\n<p class=\"s2\"><span class=\"s7\">+ <\/span><span class=\"s7\">Mariann\u0119 MATYSIAK (<\/span><span class=\"s7\">greg<\/span><span class=\"s7\">. 22)<\/span><\/p>\n<\/div>\n<\/td>\n<\/tr>\n<tr>\n<td>\n<div>\n<p class=\"s5\"><span class=\"s6\">18<\/span><span class=\"s6\">:<\/span><span class=\"s6\">00<\/span><\/p>\n<\/div>\n<\/td>\n<td>\n<div>\n<p class=\"s2\"><span class=\"s7\">+ <\/span><span class=\"s7\">Mari\u0119 KOKOT (39 r. <\/span><span class=\"s7\">\u015bm<\/span><span class=\"s7\">.), Paw\u0142a, Ann\u0119, Wojciecha i zm. z rodziny KOKOT\u00d3W.<\/span><\/p>\n<\/div>\n<\/td>\n<\/tr>\n<tr>\n<td class=\"s3\" colspan=\"2\">\n<div>\n<p class=\"s5\">&nbsp;<\/p>\n<\/div>\n<\/td>\n<\/tr>\n<tr>\n<td colspan=\"2\">\n<div>\n<p class=\"s5\" style=\"text-align: center;\"><span class=\"s6\">SOBOTA<\/span> <span class=\"s6\">(<\/span><span class=\"s6\">23<\/span><span class=\"s6\"> wrze\u015bnia<\/span><span class=\"s6\">)<\/span><\/p>\n<p class=\"s5\" style=\"text-align: center;\"><span class=\"s6\">\u015aw. Ojca Pio z <\/span><span class=\"s6\">Pietrelciny<\/span><span class=\"s6\">, prezbitera \u2013 wspomnienie<\/span><\/p>\n<\/div>\n<\/td>\n<\/tr>\n<tr>\n<td>\n<div>\n<p class=\"s2\"><span class=\"s6\">7<\/span><span class=\"s6\">:<\/span><span class=\"s6\">00<\/span><\/p>\n<\/div>\n<\/td>\n<td>\n<div>\n<p class=\"s2\"><span class=\"s7\">+ <\/span><span class=\"s7\">Jana PAWLIKA oraz zmar\u0142ych z ca\u0142ej rodziny PAWLIK\u00d3W.<\/span><\/p>\n<\/div>\n<\/td>\n<\/tr>\n<tr>\n<td>\n<div>\n<p class=\"s2\"><span class=\"s6\">8:00<\/span><\/p>\n<\/div>\n<\/td>\n<td>\n<div>\n<div class=\"s9\"><span class=\"s10\">\u2022 <\/span><span class=\"s7\">W intencjach Anny.<\/span><\/div>\n<\/div>\n<\/td>\n<\/tr>\n<tr>\n<td>\n<div>\n<p class=\"s2\"><span class=\"s6\">18<\/span><span class=\"s6\">:00<\/span><\/p>\n<\/div>\n<\/td>\n<td>\n<div>\n<p class=\"s2\"><span class=\"s7\">+ Mariann\u0119 MATYSIAK (<\/span><span class=\"s7\">greg<\/span><span class=\"s7\">. <\/span><span class=\"s7\">23<\/span><span class=\"s7\">)<\/span><\/p>\n<\/div>\n<\/td>\n<\/tr>\n<\/tbody>\n<\/table>\n<\/div><\/section>\n","protected":false},"excerpt":{"rendered":"","protected":false},"author":1,"featured_media":3833,"comment_status":"closed","ping_status":"closed","sticky":false,"template":"","format":"standard","meta":{"ngg_post_thumbnail":0,"footnotes":""},"categories":[6],"tags":[],"class_list":["post-5031","post","type-post","status-publish","format-standard","has-post-thumbnail","hentry","category-intencje-mszalne"],"_links":{"self":[{"href":"https:\/\/mbloretanska.pl\/index.php?rest_route=\/wp\/v2\/posts\/5031","targetHints":{"allow":["GET"]}}],"collection":[{"href":"https:\/\/mbloretanska.pl\/index.php?rest_route=\/wp\/v2\/posts"}],"about":[{"href":"https:\/\/mbloretanska.pl\/index.php?rest_route=\/wp\/v2\/types\/post"}],"author":[{"embeddable":true,"href":"https:\/\/mbloretanska.pl\/index.php?rest_route=\/wp\/v2\/users\/1"}],"replies":[{"embeddable":true,"href":"https:\/\/mbloretanska.pl\/index.php?rest_route=%2Fwp%2Fv2%2Fcomments&post=5031"}],"version-history":[{"count":1,"href":"https:\/\/mbloretanska.pl\/index.php?rest_route=\/wp\/v2\/posts\/5031\/revisions"}],"predecessor-version":[{"id":5032,"href":"https:\/\/mbloretanska.pl\/index.php?rest_route=\/wp\/v2\/posts\/5031\/revisions\/5032"}],"wp:featuredmedia":[{"embeddable":true,"href":"https:\/\/mbloretanska.pl\/index.php?rest_route=\/wp\/v2\/media\/3833"}],"wp:attachment":[{"href":"https:\/\/mbloretanska.pl\/index.php?rest_route=%2Fwp%2Fv2%2Fmedia&parent=5031"}],"wp:term":[{"taxonomy":"category","embeddable":true,"href":"https:\/\/mbloretanska.pl\/index.php?rest_route=%2Fwp%2Fv2%2Fcategories&post=5031"},{"taxonomy":"post_tag","embeddable":true,"href":"https:\/\/mbloretanska.pl\/index.php?rest_route=%2Fwp%2Fv2%2Ftags&post=5031"}],"curies":[{"name":"wp","href":"https:\/\/api.w.org\/{rel}","templated":true}]}}