{"id":5028,"date":"2023-09-14T10:17:36","date_gmt":"2023-09-14T08:17:36","guid":{"rendered":"https:\/\/mbloretanska.pl\/?p=5028"},"modified":"2023-09-14T10:17:38","modified_gmt":"2023-09-14T08:17:38","slug":"bierzmowanie-odbedzie-sie-21-10-2023-r-o-godz-1100","status":"publish","type":"post","link":"https:\/\/mbloretanska.pl\/?p=5028","title":{"rendered":"Bierzmowanie odb\u0119dzie si\u0119 21.10.2023 r. o godz. 11:00"},"content":{"rendered":"<section  class='av_textblock_section av-lmiwdcwu-13fb745fb4d4dad4ccfae0d7139649ed '   itemscope=\"itemscope\" itemtype=\"https:\/\/schema.org\/BlogPosting\" itemprop=\"blogPost\" ><div class='avia_textblock'  itemprop=\"text\" ><h3 style=\"text-align: center;\"><strong>W naszej parafii bierzmowanie odb\u0119dzie si\u0119 21 pa\u017adziernika 2023 r. o godz. 11:00.<\/strong><\/h3>\n<p>Przygotowanie kolejnej grupy do bierzmowania rozpoczniemy po bierzmowaniu obecnej grupy, o czym b\u0119dziemy informowa\u0107 w og\u0142oszeniach parafialnych. Kurs przygotowuj\u0105cy do bierzmowania w naszej parafii, zgodnie z wytycznymi diecezjalnymi, trwa ponad rok. Zapraszamy m\u0142odzie\u017c klas VIII oraz ze szk\u00f3\u0142 ponadpodstawowych, kt\u00f3ra nie przyst\u0105pi\u0142a jeszcze do tego sakramentu. Doros\u0142ych, kt\u00f3rzy chcieliby przyj\u0105\u0107 ten sakrament, prosimy o kontakt indywidualny. Wi\u0119cej informacji + harmonogram w zak\u0142adce <a href=\"https:\/\/mbloretanska.pl\/?page_id=1966\">Parafia -&gt; Bierzmowanie<\/a>.<\/p>\n<\/div><\/section>\n","protected":false},"excerpt":{"rendered":"","protected":false},"author":1,"featured_media":2694,"comment_status":"closed","ping_status":"closed","sticky":false,"template":"","format":"standard","meta":{"ngg_post_thumbnail":0,"footnotes":""},"categories":[1],"tags":[],"class_list":["post-5028","post","type-post","status-publish","format-standard","has-post-thumbnail","hentry","category-aktualnosci"],"_links":{"self":[{"href":"https:\/\/mbloretanska.pl\/index.php?rest_route=\/wp\/v2\/posts\/5028","targetHints":{"allow":["GET"]}}],"collection":[{"href":"https:\/\/mbloretanska.pl\/index.php?rest_route=\/wp\/v2\/posts"}],"about":[{"href":"https:\/\/mbloretanska.pl\/index.php?rest_route=\/wp\/v2\/types\/post"}],"author":[{"embeddable":true,"href":"https:\/\/mbloretanska.pl\/index.php?rest_route=\/wp\/v2\/users\/1"}],"replies":[{"embeddable":true,"href":"https:\/\/mbloretanska.pl\/index.php?rest_route=%2Fwp%2Fv2%2Fcomments&post=5028"}],"version-history":[{"count":1,"href":"https:\/\/mbloretanska.pl\/index.php?rest_route=\/wp\/v2\/posts\/5028\/revisions"}],"predecessor-version":[{"id":5029,"href":"https:\/\/mbloretanska.pl\/index.php?rest_route=\/wp\/v2\/posts\/5028\/revisions\/5029"}],"wp:featuredmedia":[{"embeddable":true,"href":"https:\/\/mbloretanska.pl\/index.php?rest_route=\/wp\/v2\/media\/2694"}],"wp:attachment":[{"href":"https:\/\/mbloretanska.pl\/index.php?rest_route=%2Fwp%2Fv2%2Fmedia&parent=5028"}],"wp:term":[{"taxonomy":"category","embeddable":true,"href":"https:\/\/mbloretanska.pl\/index.php?rest_route=%2Fwp%2Fv2%2Fcategories&post=5028"},{"taxonomy":"post_tag","embeddable":true,"href":"https:\/\/mbloretanska.pl\/index.php?rest_route=%2Fwp%2Fv2%2Ftags&post=5028"}],"curies":[{"name":"wp","href":"https:\/\/api.w.org\/{rel}","templated":true}]}}