{"id":4844,"date":"2023-08-01T10:55:40","date_gmt":"2023-08-01T08:55:40","guid":{"rendered":"https:\/\/mbloretanska.pl\/?p=4844"},"modified":"2023-08-01T10:55:42","modified_gmt":"2023-08-01T08:55:42","slug":"lintencje-mszalne-30-07-05-08-2023","status":"publish","type":"post","link":"https:\/\/mbloretanska.pl\/?p=4844","title":{"rendered":"intencje mszalne 30.07-05.08.2023"},"content":{"rendered":"<section  class='av_textblock_section av-lks2byz9-8d5a38941e0c93403775eee0a603f30b '   itemscope=\"itemscope\" itemtype=\"https:\/\/schema.org\/BlogPosting\" itemprop=\"blogPost\" ><div class='avia_textblock'  itemprop=\"text\" ><table>\n<tbody>\n<tr>\n<td class=\"s3\" colspan=\"2\">\n<div>\n<p class=\"s2\">&nbsp;<\/p>\n<\/div>\n<\/td>\n<\/tr>\n<tr>\n<td colspan=\"2\">\n<div>\n<p class=\"s5\" style=\"text-align: center;\"><span class=\"s4\">X<\/span><span class=\"s4\">V<\/span><span class=\"s4\">I<\/span><span class=\"s4\">I<\/span> <span class=\"s4\">NIEDZIELA <\/span><span class=\"s4\">ZWYK\u0141A<\/span><\/p>\n<p class=\"s5\" style=\"text-align: center;\"><span class=\"s6\">(<\/span><span class=\"s6\">3<\/span><span class=\"s6\">0<\/span><span class=\"s6\"> lipca<\/span><span class=\"s6\"> 2023 r.<\/span><span class=\"s6\">)<\/span><\/p>\n<\/div>\n<\/td>\n<\/tr>\n<tr>\n<td>\n<div>\n<p class=\"s5\"><span class=\"s6\">7<\/span><span class=\"s6\">:<\/span><span class=\"s6\">00<\/span><\/p>\n<\/div>\n<\/td>\n<td>\n<div>\n<p class=\"s2\"><span class=\"s7\">+<\/span> <span class=\"s7\">Andrzeja ZAJ\u0104CA<\/span><span class=\"s7\"> (<\/span><span class=\"s7\">greg<\/span><span class=\"s7\">. <\/span><span class=\"s7\">3<\/span><span class=\"s7\">0<\/span><span class=\"s7\">.<\/span><span class=\"s7\">)<\/span><\/p>\n<\/div>\n<\/td>\n<\/tr>\n<tr>\n<td>\n<div>\n<p class=\"s5\"><span class=\"s6\">8<\/span><span class=\"s6\">:<\/span><span class=\"s6\">30<\/span><\/p>\n<\/div>\n<\/td>\n<td>\n<div>\n<p class=\"s2\"><span class=\"s8\">+ <\/span><span class=\"s8\">Zbigniewa TALAREK (z racji urodzin) oraz Stanis\u0142awa KOCZARA (9 r. <\/span><span class=\"s8\">\u015bm<\/span><span class=\"s8\">.)<\/span><\/p>\n<\/div>\n<\/td>\n<\/tr>\n<tr>\n<td>\n<div>\n<p class=\"s2\"><span class=\"s6\">10<\/span><span class=\"s6\">:<\/span><span class=\"s6\">00<\/span><\/p>\n<\/div>\n<\/td>\n<td>\n<div>\n<p class=\"s2\"><span class=\"s7\">+ <\/span><span class=\"s7\">Adama RY\u017bY (7 r. <\/span><span class=\"s7\">\u015bm<\/span><span class=\"s7\">.), Barbar\u0119 i Henryka BRZUCHACZ (3 r. <\/span><span class=\"s7\">\u015bm<\/span><span class=\"s7\">.)<\/span><\/p>\n<\/div>\n<\/td>\n<\/tr>\n<tr>\n<td>\n<div>\n<p class=\"s2\"><span class=\"s6\">11<\/span><span class=\"s6\">:<\/span><span class=\"s6\">00<\/span><\/p>\n<\/div>\n<\/td>\n<td>\n<div>\n<p class=\"s2\"><span class=\"s7\">+<\/span> <span class=\"s7\">Ignacego PUTKOWSKIEGO (10 r. <\/span><span class=\"s7\">\u015bm<\/span><span class=\"s7\">.)<\/span><\/p>\n<\/div>\n<\/td>\n<\/tr>\n<tr>\n<td>\n<div>\n<p class=\"s2\"><span class=\"s6\">12<\/span><span class=\"s6\">:<\/span><span class=\"s6\">30<\/span><\/p>\n<\/div>\n<\/td>\n<td>\n<div>\n<p class=\"s2\"><span class=\"s7\">+ <\/span><span class=\"s7\">Ew\u0119 MAKOWIECK\u0104 \u2013 FERENC i Zygmunta KOBRY\u0143. <\/span><a name=\"_GoBack\"><\/a><\/p>\n<\/div>\n<\/td>\n<\/tr>\n<tr>\n<td>\n<div>\n<p class=\"s2\"><span class=\"s6\">18<\/span><span class=\"s6\">:<\/span><span class=\"s6\">00<\/span><\/p>\n<\/div>\n<\/td>\n<td>\n<div>\n<p class=\"s2\"><span class=\"s7\">+ <\/span><span class=\"s7\">Marcelego KOWALSKIEGO (51 r. <\/span><span class=\"s7\">\u015bm<\/span><span class=\"s7\">.)<\/span><\/p>\n<\/div>\n<\/td>\n<\/tr>\n<tr>\n<td class=\"s3\" colspan=\"2\">\n<div>\n<p class=\"s5\">&nbsp;<\/p>\n<\/div>\n<\/td>\n<\/tr>\n<tr>\n<td colspan=\"2\">\n<div>\n<p class=\"s5\" style=\"text-align: center;\"><span class=\"s6\">PONIEDZIA\u0141EK<\/span> <span class=\"s6\">(<\/span><span class=\"s6\">31<\/span><span class=\"s6\"> lipca<\/span><span class=\"s6\">)<\/span><\/p>\n<p class=\"s5\" style=\"text-align: center;\"><span class=\"s6\">\u015aw. Ignacego z Loyoli, prezbitera \u2013 wspomnienie <\/span><\/p>\n<\/div>\n<\/td>\n<\/tr>\n<tr>\n<td>\n<div>\n<p class=\"s5\"><span class=\"s6\">7<\/span><span class=\"s6\">:<\/span><span class=\"s6\">00<\/span><\/p>\n<\/div>\n<\/td>\n<td>\n<div>\n<p class=\"s2\"><span class=\"s7\">+<\/span> <span class=\"s7\">Andrzeja MOTYK\u0118<\/span><span class=\"s7\">.<\/span><\/p>\n<\/div>\n<\/td>\n<\/tr>\n<tr>\n<td>\n<div>\n<p class=\"s5\"><span class=\"s6\">8<\/span><span class=\"s6\">:<\/span><span class=\"s6\">00<\/span><\/p>\n<\/div>\n<\/td>\n<td>\n<div>\n<p class=\"s2\"><span class=\"s7\">+ <\/span><span class=\"s7\">Augustyna \u0141\u0104CKIEGO (27 r. <\/span><span class=\"s7\">\u015bm<\/span><span class=\"s7\">.), zm. rodzic\u00f3w: Zofi\u0119 i Jana <\/span><span class=\"s7\"><br \/>\n<\/span><span class=\"s7\">&nbsp; oraz te\u015bci\u00f3w: J\u00f3zef\u0119 i J\u00f3zefa PIASECKICH. <\/span><\/p>\n<\/div>\n<\/td>\n<\/tr>\n<tr>\n<td>\n<div>\n<p class=\"s5\"><span class=\"s6\">1<\/span><span class=\"s6\">8<\/span><span class=\"s6\">:<\/span><span class=\"s6\">0<\/span><span class=\"s6\">0<\/span><\/p>\n<\/div>\n<\/td>\n<td>\n<div>\n<p class=\"s2\"><span class=\"s7\">+<\/span> <span class=\"s7\">Danut\u0119 WOWK (9 r. <\/span><span class=\"s7\">\u015bm<\/span><span class=\"s7\">.)<\/span><\/p>\n<\/div>\n<\/td>\n<\/tr>\n<tr>\n<td class=\"s3\" colspan=\"2\">\n<div>\n<p class=\"s2\">&nbsp;<\/p>\n<\/div>\n<\/td>\n<\/tr>\n<tr>\n<td colspan=\"2\">\n<div>\n<p class=\"s5\" style=\"text-align: center;\"><span class=\"s6\">WTOREK<\/span><span class=\"s6\">&nbsp;<\/span><span class=\"s6\">(<\/span><span class=\"s6\">1 sierpnia<\/span><span class=\"s6\">)<\/span><\/p>\n<p class=\"s5\" style=\"text-align: center;\"><span class=\"s6\">\u015aw. Alfonsa Marii <\/span><span class=\"s6\">Liguoriego<\/span><span class=\"s6\">, biskupa i doktora Ko\u015bcio\u0142a \u2013 wspomnienie <\/span><\/p>\n<\/div>\n<\/td>\n<\/tr>\n<tr>\n<td>\n<div>\n<p class=\"s5\"><span class=\"s6\">7<\/span><span class=\"s6\">:<\/span><span class=\"s6\">00<\/span><\/p>\n<\/div>\n<\/td>\n<td>\n<div>\n<p class=\"s2\"><span class=\"s7\">+<\/span> <span class=\"s7\">Wiktori\u0119 CUDN\u0104 <\/span><span class=\"s7\">(<\/span><span class=\"s7\">greg<\/span><span class=\"s7\">. <\/span><span class=\"s7\">1<\/span><span class=\"s7\">.<\/span><span class=\"s7\">)<\/span><\/p>\n<\/div>\n<\/td>\n<\/tr>\n<tr>\n<td>\n<div>\n<p class=\"s5\"><span class=\"s6\">8<\/span><span class=\"s6\">:<\/span><span class=\"s6\">0<\/span><span class=\"s6\">0<\/span><\/p>\n<\/div>\n<\/td>\n<td>\n<div>\n<p class=\"s9\"><span class=\"s7\">+<\/span> <span class=\"s7\">Zbigniewa TOMCZAKA (2 r. <\/span><span class=\"s7\">\u015bm<\/span><span class=\"s7\">.)<\/span><\/p>\n<\/div>\n<\/td>\n<\/tr>\n<tr>\n<td>\n<div>\n<p class=\"s5\"><span class=\"s6\">18<\/span><span class=\"s6\">:<\/span><span class=\"s6\">00<\/span><\/p>\n<\/div>\n<\/td>\n<td>\n<div>\n<div class=\"s11\"><span class=\"s10\">\u2022 <\/span><span class=\"s7\">O Bo\u017ce <\/span><span class=\"s7\">b\u0142og<\/span><span class=\"s7\">. i potrzebne \u0142aski dla dzieci: Joanny i Paw\u0142a, Grzegorza i Katarzyny. <\/span><\/div>\n<\/div>\n<\/td>\n<\/tr>\n<tr>\n<td class=\"s12\" colspan=\"2\">\n<div>\n<p class=\"s2\">&nbsp;<\/p>\n<\/div>\n<\/td>\n<\/tr>\n<tr>\n<td colspan=\"2\">\n<div>\n<p class=\"s5\" style=\"text-align: center;\"><span class=\"s6\">\u015aRODA <\/span><\/p>\n<p class=\"s5\" style=\"text-align: center;\"><span class=\"s6\">(<\/span><span class=\"s6\">2 sierpnia<\/span><span class=\"s6\">)<\/span><\/p>\n<\/div>\n<\/td>\n<\/tr>\n<tr>\n<td>\n<div>\n<p class=\"s5\"><span class=\"s6\">7<\/span><span class=\"s6\">:<\/span><span class=\"s6\">00<\/span><\/p>\n<\/div>\n<\/td>\n<td>\n<div>\n<div class=\"s11\"><span class=\"s10\">\u2022 <\/span><span class=\"s7\">O <\/span><span class=\"s7\">b\u0142og<\/span><span class=\"s7\">. Bo\u017ce i dary Ducha \u015awi\u0119tego dla Ma\u0142gosi. <\/span><\/div>\n<\/div>\n<\/td>\n<\/tr>\n<tr>\n<td>\n<div>\n<p class=\"s5\"><span class=\"s6\">8<\/span><span class=\"s6\">:<\/span><span class=\"s6\">0<\/span><span class=\"s6\">0<\/span><\/p>\n<\/div>\n<\/td>\n<td>\n<div>\n<p class=\"s2\"><span class=\"s7\">+ <\/span><span class=\"s7\">Wiktori\u0119 CUDN\u0104 <\/span><span class=\"s7\">(<\/span><span class=\"s7\">greg<\/span><span class=\"s7\">. <\/span><span class=\"s7\">2.<\/span><span class=\"s7\">)<\/span><\/p>\n<\/div>\n<\/td>\n<\/tr>\n<tr>\n<td>\n<div>\n<p class=\"s5\"><span class=\"s6\">17<\/span><span class=\"s6\">:<\/span><span class=\"s6\">45<\/span><\/p>\n<\/div>\n<\/td>\n<td>\n<div>\n<p class=\"s2\"><span class=\"s6\">NOWENNA<\/span><span class=\"s6\"> DO MATKI BO\u017bEJ NIEUSTAJ\u0104CEJ POMOCY<\/span><\/p>\n<p class=\"s2\"><span class=\"s7\">+ Stanis\u0142awa (m) KUKLA (30 dni po <\/span><span class=\"s7\">\u015bm<\/span><span class=\"s7\">.)<\/span><\/p>\n<p class=\"s2\"><span class=\"s7\">+ Za poleg\u0142ych i pomordowanych w Powstaniu Warszawskim \u2013 \u017co\u0142nierzy i mieszka\u0144c\u00f3w<\/span><span class=\"s7\"><br \/>\n<\/span><span class=\"s7\">&nbsp; walcz\u0105cej Warszawy.<\/span><\/p>\n<p class=\"s2\">&nbsp;<\/p>\n<\/div>\n<\/td>\n<\/tr>\n<tr>\n<td class=\"s3\" colspan=\"2\">\n<div>\n<p class=\"s5\">&nbsp;<\/p>\n<\/div>\n<\/td>\n<\/tr>\n<tr>\n<td colspan=\"2\">\n<div>\n<p class=\"s5\" style=\"text-align: center;\"><span class=\"s6\">CZWARTE<\/span><span class=\"s6\">K<\/span><\/p>\n<p class=\"s5\" style=\"text-align: center;\"><span class=\"s6\">(<\/span><span class=\"s6\">3 sierpnia<\/span><span class=\"s6\">)<\/span><\/p>\n<\/div>\n<\/td>\n<\/tr>\n<tr>\n<td>\n<div>\n<p class=\"s5\"><span class=\"s6\">7:00<\/span><\/p>\n<\/div>\n<\/td>\n<td>\n<div>\n<div class=\"s11\">1) <span class=\"s7\">+<\/span> <span class=\"s7\">Maksymiliana, Zofi\u0119 i Grzegorza PAWLIK i zm. z r. PAWLIK\u00d3W. <\/span><\/div>\n<div class=\"s11\">2) <span class=\"s7\">+ <\/span><span class=\"s7\">Wiktori\u0119 CUDN\u0104 <\/span><span class=\"s7\">(<\/span><span class=\"s7\">greg<\/span><span class=\"s7\">. <\/span><span class=\"s7\">3<\/span><span class=\"s7\">.)<\/span><\/div>\n<\/div>\n<\/td>\n<\/tr>\n<tr>\n<td>\n<div>\n<p class=\"s5\"><span class=\"s6\">8:<\/span><span class=\"s6\">0<\/span><span class=\"s6\">0<\/span><\/p>\n<\/div>\n<\/td>\n<td>\n<div>\n<p class=\"s2\"><span class=\"s7\">+<\/span> <span class=\"s7\">Gabriel\u0119 OR\u0141OWSK\u0104. <\/span><\/p>\n<\/div>\n<\/td>\n<\/tr>\n<tr>\n<td>\n<div>\n<p class=\"s5\"><span class=\"s6\">18:00<\/span><\/p>\n<\/div>\n<\/td>\n<td>\n<div>\n<p class=\"s2\"><span class=\"s7\">+<\/span><span class=\"s7\"> Jana KRAJEWSKIEGO (w rocznic\u0119 \u015bmierci)<\/span><\/p>\n<\/div>\n<\/td>\n<\/tr>\n<tr>\n<td class=\"s3\" colspan=\"2\">\n<div>\n<p class=\"s5\">&nbsp;<\/p>\n<\/div>\n<\/td>\n<\/tr>\n<tr>\n<td colspan=\"2\">\n<div>\n<p class=\"s5\" style=\"text-align: center;\"><span class=\"s6\">PI\u0104TEK<\/span><span class=\"s6\"> &nbsp; <\/span><span class=\"s6\">(<\/span><span class=\"s6\">4 sierpnia<\/span><span class=\"s6\">)<\/span><\/p>\n<p class=\"s5\" style=\"text-align: center;\"><span class=\"s6\">\u015aw. Jana Marii <\/span><span class=\"s6\">Vianneya<\/span><span class=\"s6\">, prezbitera \u2013 wspomnienie <\/span><\/p>\n<\/div>\n<\/td>\n<\/tr>\n<tr>\n<td>\n<div>\n<p class=\"s5\"><span class=\"s6\">7<\/span><span class=\"s6\">:<\/span><span class=\"s6\">0<\/span><span class=\"s6\">0<\/span><\/p>\n<\/div>\n<\/td>\n<td>\n<div>\n<p class=\"s2\"><span class=\"s7\">+<\/span> <span class=\"s7\">Wiktori\u0119 CUDN\u0104 <\/span><span class=\"s7\">(<\/span><span class=\"s7\">greg<\/span><span class=\"s7\">. <\/span><span class=\"s7\">4<\/span><span class=\"s7\">.<\/span><span class=\"s7\">)<\/span><\/p>\n<\/div>\n<\/td>\n<\/tr>\n<tr>\n<td>\n<div>\n<p class=\"s5\"><span class=\"s6\">8:00<\/span><\/p>\n<\/div>\n<\/td>\n<td>\n<div>\n<div class=\"s11\"><span class=\"s10\">\u2022 <\/span><span class=\"s7\">W intencjach \u017bywego R\u00f3\u017ca\u0144ca i Legionu Maryi. &nbsp; <\/span><\/div>\n<\/div>\n<\/td>\n<\/tr>\n<tr>\n<td>\n<div>\n<p class=\"s5\"><span class=\"s6\">18<\/span><span class=\"s6\">:<\/span><span class=\"s6\">00<\/span><\/p>\n<\/div>\n<\/td>\n<td>\n<div>\n<p class=\"s2\"><span class=\"s7\">+<\/span> <span class=\"s7\">Mari\u0119 DUCH.<\/span><\/p>\n<\/div>\n<\/td>\n<\/tr>\n<tr>\n<td class=\"s3\" colspan=\"2\">\n<div>\n<p class=\"s5\">&nbsp;<\/p>\n<\/div>\n<\/td>\n<\/tr>\n<tr>\n<td colspan=\"2\">\n<div>\n<p class=\"s5\" style=\"text-align: center;\"><span class=\"s6\">SOBOTA<\/span><\/p>\n<p class=\"s5\" style=\"text-align: center;\"><span class=\"s6\">(<\/span><span class=\"s6\">5<\/span> <span class=\"s6\">sierpni<\/span><span class=\"s6\">a<\/span><span class=\"s6\">)<\/span><\/p>\n<\/div>\n<\/td>\n<\/tr>\n<tr>\n<td>\n<div>\n<p class=\"s2\"><span class=\"s6\">7<\/span><span class=\"s6\">:<\/span><span class=\"s6\">00<\/span><\/p>\n<\/div>\n<\/td>\n<td>\n<div>\n<p class=\"s2\"><span class=\"s7\">+ <\/span><span class=\"s7\">Zygmunta, Iren\u0119, Felicj\u0119 WIECZOREK oraz zm. z <\/span><span class=\"s7\">c.r<\/span><span class=\"s7\">. GRAY.<\/span><\/p>\n<\/div>\n<\/td>\n<\/tr>\n<tr>\n<td>\n<div>\n<p class=\"s2\"><span class=\"s6\">8:00<\/span><\/p>\n<\/div>\n<\/td>\n<td>\n<div>\n<p class=\"s2\"><span class=\"s7\">+ <\/span><span class=\"s7\">Mieczys\u0142awa KWIECIE\u0143 (7 r. <\/span><span class=\"s7\">\u015bm<\/span><span class=\"s7\">.)<\/span><\/p>\n<\/div>\n<\/td>\n<\/tr>\n<tr>\n<td>\n<div>\n<p class=\"s2\"><span class=\"s6\">18<\/span><span class=\"s6\">:00<\/span><\/p>\n<\/div>\n<\/td>\n<td>\n<div>\n<p class=\"s2\"><span class=\"s7\">+<\/span> <span class=\"s7\">Wiktori\u0119 CUDN\u0104 <\/span><span class=\"s7\">(<\/span><span class=\"s7\">greg<\/span><span class=\"s7\">. <\/span><span class=\"s7\">5.<\/span><span class=\"s7\">)<\/span><\/p>\n<\/div>\n<\/td>\n<\/tr>\n<\/tbody>\n<\/table>\n<\/div><\/section>\n","protected":false},"excerpt":{"rendered":"","protected":false},"author":1,"featured_media":3833,"comment_status":"closed","ping_status":"closed","sticky":false,"template":"","format":"standard","meta":{"ngg_post_thumbnail":0,"footnotes":""},"categories":[6],"tags":[],"class_list":["post-4844","post","type-post","status-publish","format-standard","has-post-thumbnail","hentry","category-intencje-mszalne"],"_links":{"self":[{"href":"https:\/\/mbloretanska.pl\/index.php?rest_route=\/wp\/v2\/posts\/4844","targetHints":{"allow":["GET"]}}],"collection":[{"href":"https:\/\/mbloretanska.pl\/index.php?rest_route=\/wp\/v2\/posts"}],"about":[{"href":"https:\/\/mbloretanska.pl\/index.php?rest_route=\/wp\/v2\/types\/post"}],"author":[{"embeddable":true,"href":"https:\/\/mbloretanska.pl\/index.php?rest_route=\/wp\/v2\/users\/1"}],"replies":[{"embeddable":true,"href":"https:\/\/mbloretanska.pl\/index.php?rest_route=%2Fwp%2Fv2%2Fcomments&post=4844"}],"version-history":[{"count":2,"href":"https:\/\/mbloretanska.pl\/index.php?rest_route=\/wp\/v2\/posts\/4844\/revisions"}],"predecessor-version":[{"id":4846,"href":"https:\/\/mbloretanska.pl\/index.php?rest_route=\/wp\/v2\/posts\/4844\/revisions\/4846"}],"wp:featuredmedia":[{"embeddable":true,"href":"https:\/\/mbloretanska.pl\/index.php?rest_route=\/wp\/v2\/media\/3833"}],"wp:attachment":[{"href":"https:\/\/mbloretanska.pl\/index.php?rest_route=%2Fwp%2Fv2%2Fmedia&parent=4844"}],"wp:term":[{"taxonomy":"category","embeddable":true,"href":"https:\/\/mbloretanska.pl\/index.php?rest_route=%2Fwp%2Fv2%2Fcategories&post=4844"},{"taxonomy":"post_tag","embeddable":true,"href":"https:\/\/mbloretanska.pl\/index.php?rest_route=%2Fwp%2Fv2%2Ftags&post=4844"}],"curies":[{"name":"wp","href":"https:\/\/api.w.org\/{rel}","templated":true}]}}