{"id":4841,"date":"2023-07-22T12:08:07","date_gmt":"2023-07-22T10:08:07","guid":{"rendered":"https:\/\/mbloretanska.pl\/?p=4841"},"modified":"2023-07-22T12:08:07","modified_gmt":"2023-07-22T10:08:07","slug":"intencje-mszalne-23-29-07-2023","status":"publish","type":"post","link":"https:\/\/mbloretanska.pl\/?p=4841","title":{"rendered":"intencje mszalne 23-29.07.2023"},"content":{"rendered":"<section  class='av_textblock_section av-lkdujp6g-60551a40beba6a41dc1d412dc2c68f5e '   itemscope=\"itemscope\" itemtype=\"https:\/\/schema.org\/BlogPosting\" itemprop=\"blogPost\" ><div class='avia_textblock'  itemprop=\"text\" ><table style=\"font-weight: 400;\" width=\"699\">\n<tbody>\n<tr>\n<td colspan=\"2\" width=\"699\"><strong>&nbsp;<\/strong><\/td>\n<\/tr>\n<tr>\n<td colspan=\"2\" width=\"699\">\n<p style=\"text-align: center;\"><strong>XVI NIEDZIELA ZWYK\u0141A<\/strong><\/p>\n<p style=\"text-align: center;\"><strong>&nbsp;(23 lipca 2023 r.)<\/strong><\/p>\n<\/td>\n<\/tr>\n<tr>\n<td width=\"56\"><strong>7:00<\/strong><\/td>\n<td width=\"643\">+ Andrzeja ZAJ\u0104CA (greg. 23.)<\/td>\n<\/tr>\n<tr>\n<td width=\"56\"><strong>8:30<\/strong><\/td>\n<td width=\"643\">+ Stanis\u0142awa TOPCZEWSKIEGO oraz Ann\u0119 i Stefana RATY\u0143SKICH.<\/td>\n<\/tr>\n<tr>\n<td width=\"56\"><strong>10:00<\/strong><\/td>\n<td width=\"643\">+ Czes\u0142awa, Janin\u0119, Henryka, Jana, Franciszk\u0119 RYBAK\u00d3W i Dorot\u0119 DROGOWSK\u0104.<\/td>\n<\/tr>\n<tr>\n<td width=\"56\"><strong>11:00<\/strong><\/td>\n<td width=\"643\">+ Janusza (17 r. \u015bm.) Genowef\u0119, Wiktora, Paw\u0142a JASI\u0143SKICH, Aniel\u0119, Jana, Stanis\u0142aw\u0119,<br \/>\n&nbsp; &nbsp;Piotra, Tomasza ZIELI\u0143SKICH, Janusza R\u00d3\u017bYCKIEGO.&nbsp;<\/td>\n<\/tr>\n<tr>\n<td width=\"56\"><strong>12:30<\/strong><\/td>\n<td width=\"643\">+ Waldemara BEJM (6 r. \u015bm.)<\/p>\n<p>+ Stefani\u0119, Stanis\u0142aw\u0119 i Aleksandra HOROWAJ.<\/td>\n<\/tr>\n<tr>\n<td width=\"56\"><strong>18:00<\/strong><\/td>\n<td width=\"643\">+ Henryk\u0119 KLOCH (5 r. \u015bm.)<\/td>\n<\/tr>\n<tr>\n<td colspan=\"2\" width=\"699\"><strong>&nbsp;<\/strong><\/td>\n<\/tr>\n<tr>\n<td colspan=\"2\" width=\"699\">\n<p style=\"text-align: center;\"><strong>PONIEDZIA\u0141EK &nbsp;<\/strong><\/p>\n<p style=\"text-align: center;\"><strong>(24 lipca)<\/strong><\/p>\n<p style=\"text-align: center;\"><strong>\u015aw. Kingi, dziewicy \u2013 wspomnienie <\/strong><\/p>\n<\/td>\n<\/tr>\n<tr>\n<td width=\"56\"><strong>7:00<\/strong><\/td>\n<td width=\"643\">+ Andrzeja ZAJ\u0104CA (greg. 24.)<\/td>\n<\/tr>\n<tr>\n<td width=\"56\"><strong>8:00<\/strong><\/td>\n<td width=\"643\">+&nbsp; Boles\u0142awa MATUSZEWSKIEGO (40 r. \u015bm.)<\/td>\n<\/tr>\n<tr>\n<td width=\"56\"><strong>18:00<\/strong><\/td>\n<td width=\"643\">+ Agnieszk\u0119 WA\u015a, zm. z rodziny KOWALCZYK, CUKRZY\u0143SKICH,<br \/>\n&nbsp;&nbsp; Bo\u017cen\u0119 JASKULSK\u0104 i Tadeusza MALISZEWSKIEGO.<\/td>\n<\/tr>\n<tr>\n<td colspan=\"2\" width=\"699\">&nbsp;<\/td>\n<\/tr>\n<tr>\n<td colspan=\"2\" width=\"699\">\n<p style=\"text-align: center;\"><strong>WTOREK&nbsp;&nbsp; <\/strong><\/p>\n<p style=\"text-align: center;\"><strong>(25 lipca)<\/strong><\/p>\n<p style=\"text-align: center;\"><strong>\u015aw. Jakuba Aposto\u0142a \u2013 \u015bwi\u0119to <\/strong><\/p>\n<\/td>\n<\/tr>\n<tr>\n<td width=\"56\"><strong>7:00<\/strong><\/td>\n<td width=\"643\">+ Andrzeja ZAJ\u0104CA (greg. 25.)<\/td>\n<\/tr>\n<tr>\n<td width=\"56\"><strong>8:00<\/strong><\/td>\n<td width=\"643\">+ J\u00f3zefa BA\u0141DOWSKIEGO (29 r. \u015bm.) oraz jego rodzic\u00f3w: Stanis\u0142awa i Leokadi\u0119<br \/>\n&nbsp;&nbsp;&nbsp; BA\u0141DOWSKICH<\/td>\n<\/tr>\n<tr>\n<td width=\"56\"><strong>18:00<\/strong><\/td>\n<td width=\"643\">\u00b7&nbsp;&nbsp;&nbsp;&nbsp;&nbsp; Int. dzi\u0119kczynna z pro\u015bb\u0105 o b\u0142og. Bo\u017ce, opiek\u0119 M.B. Loreta\u0144skiej&nbsp; i potrzebne \u0142aski dla Ewy (z racji urodzin).<\/td>\n<\/tr>\n<tr>\n<td colspan=\"2\" width=\"699\">&nbsp;<\/td>\n<\/tr>\n<tr>\n<td colspan=\"2\" width=\"699\">\n<p style=\"text-align: center;\"><strong>\u015aRODA &nbsp;&nbsp;(26 lipca)<\/strong><\/p>\n<p style=\"text-align: center;\"><strong>\u015aw. Joachima i Anny, rodzic\u00f3w NMP \u2013 wspomnienie <\/strong><\/p>\n<\/td>\n<\/tr>\n<tr>\n<td width=\"56\"><strong>7:00<\/strong><\/td>\n<td width=\"643\">+ Andrzeja ZAJ\u0104CA (greg. 26.)<\/td>\n<\/tr>\n<tr>\n<td width=\"56\"><strong>8:00<\/strong><\/td>\n<td width=\"643\">+ Czes\u0142awa i Stefani\u0119 KOMOROWSKICH,<br \/>\n&nbsp;&nbsp; Jerzego, Stefana i Barbar\u0119 KOMOROWSKICH.<\/td>\n<\/tr>\n<tr>\n<td width=\"56\"><strong>17:45<\/strong><\/td>\n<td width=\"643\"><strong>NOWENNA DO MATKI BO\u017bEJ NIEUSTAJ\u0104CEJ POMOCY<\/strong><\/p>\n<p>\u00b7&nbsp;&nbsp;&nbsp;&nbsp;&nbsp; Int. dzi\u0119kczynno-b\u0142agalna o Bo\u017ce b\u0142og., dary Ducha \u015awi\u0119tego i opiek\u0119 M.B. na ka\u017cdy dzie\u0144 dla Miros\u0142awy SUCHOCKIEJ (intencja imieninowa).<\/p>\n<p>+ J\u00f3zefa GRZEBALSKIEGO (20 r. \u015bm.), Helen\u0119 GRZEBALSK\u0104.<\/p>\n<p>+ Ann\u0119 SUCHECK\u0104 (z racji imienin).<\/p>\n<p>+ Bogus\u0142awa NIEWOLSKIEGO (30 dni po \u015bm.)<\/p>\n<p>+ Bogdana NIEMCZEWSKIEGO (1 r. \u015bm.)<\/td>\n<\/tr>\n<tr>\n<td colspan=\"2\" width=\"699\"><strong>&nbsp;<\/strong><\/td>\n<\/tr>\n<tr>\n<td colspan=\"2\" width=\"699\">\n<p style=\"text-align: center;\"><strong>CZWARTEK &nbsp;&nbsp;(27 lipca)<\/strong><\/p>\n<\/td>\n<\/tr>\n<tr>\n<td width=\"56\"><strong>7:00<\/strong><\/td>\n<td width=\"643\">+ Andrzeja ZAJ\u0104CA (greg. 27.)<\/td>\n<\/tr>\n<tr>\n<td width=\"56\"><strong>8:00<\/strong><\/td>\n<td width=\"643\">+ Natali\u0119 PANASIUK.<\/td>\n<\/tr>\n<tr>\n<td width=\"56\"><strong>18:00<\/strong><\/td>\n<td width=\"643\">\u00b7&nbsp;&nbsp;&nbsp;&nbsp;&nbsp; O zdrowie i opiek\u0119 Bo\u017c\u0105 dla Stanis\u0142awy i Lucyny.<\/td>\n<\/tr>\n<tr>\n<td colspan=\"2\" width=\"699\"><strong>&nbsp;<\/strong><\/td>\n<\/tr>\n<tr>\n<td colspan=\"2\" width=\"699\">\n<p style=\"text-align: center;\"><strong>PI\u0104TEK&nbsp;&nbsp; (28 lipca)<\/strong><\/p>\n<\/td>\n<\/tr>\n<tr>\n<td width=\"56\"><strong>7:00<\/strong><\/td>\n<td width=\"643\">+ Andrzeja ZAJ\u0104CA (greg. 28.)<\/td>\n<\/tr>\n<tr>\n<td width=\"56\"><strong>8:00<\/strong><\/td>\n<td width=\"643\">\u00b7&nbsp;&nbsp;&nbsp;&nbsp;&nbsp; O b\u0142og. Bo\u017ce i opiek\u0119 M.B. Loreta\u0144skiej, zdrowie i potrzebne \u0142aski pojednania<br \/>\nw rodzinie.<\/td>\n<\/tr>\n<tr>\n<td width=\"56\"><strong>18:00<\/strong><\/td>\n<td width=\"643\">+ Stanis\u0142aw\u0119 \u0141\u0104CZY\u0143SK\u0104 (43 r. \u015bm.)<\/td>\n<\/tr>\n<tr>\n<td colspan=\"2\" width=\"699\"><strong>&nbsp;<\/strong><\/td>\n<\/tr>\n<tr>\n<td colspan=\"2\" width=\"699\">\n<p style=\"text-align: center;\"><strong>SOBOTA&nbsp; &nbsp;&nbsp;(29 lipca)<\/strong><\/p>\n<p style=\"text-align: center;\"><strong>\u015aw. Marty, Marii i \u0141azarza \u2013 wspomnienie<\/strong><\/p>\n<\/td>\n<\/tr>\n<tr>\n<td width=\"56\"><strong>7:00<\/strong><\/td>\n<td width=\"643\">+ Andrzeja ZAJ\u0104CA (greg. 29.)<\/td>\n<\/tr>\n<tr>\n<td width=\"56\"><strong>8:00<\/strong><\/td>\n<td width=\"643\">+ Jana KOWALKOWSKIEGO, Mariann\u0119 i Franciszka MIELNICKICH.<\/td>\n<\/tr>\n<tr>\n<td width=\"56\"><strong>18:00<\/strong><\/td>\n<td width=\"643\">+ Jana, Janin\u0119 i Marka ROSTEK, Wand\u0119 i Leona NOWAKOWSKICH.<\/td>\n<\/tr>\n<\/tbody>\n<\/table>\n<\/div><\/section>\n","protected":false},"excerpt":{"rendered":"","protected":false},"author":1,"featured_media":3833,"comment_status":"closed","ping_status":"closed","sticky":false,"template":"","format":"standard","meta":{"ngg_post_thumbnail":0,"footnotes":""},"categories":[6],"tags":[],"class_list":["post-4841","post","type-post","status-publish","format-standard","has-post-thumbnail","hentry","category-intencje-mszalne"],"_links":{"self":[{"href":"https:\/\/mbloretanska.pl\/index.php?rest_route=\/wp\/v2\/posts\/4841","targetHints":{"allow":["GET"]}}],"collection":[{"href":"https:\/\/mbloretanska.pl\/index.php?rest_route=\/wp\/v2\/posts"}],"about":[{"href":"https:\/\/mbloretanska.pl\/index.php?rest_route=\/wp\/v2\/types\/post"}],"author":[{"embeddable":true,"href":"https:\/\/mbloretanska.pl\/index.php?rest_route=\/wp\/v2\/users\/1"}],"replies":[{"embeddable":true,"href":"https:\/\/mbloretanska.pl\/index.php?rest_route=%2Fwp%2Fv2%2Fcomments&post=4841"}],"version-history":[{"count":1,"href":"https:\/\/mbloretanska.pl\/index.php?rest_route=\/wp\/v2\/posts\/4841\/revisions"}],"predecessor-version":[{"id":4842,"href":"https:\/\/mbloretanska.pl\/index.php?rest_route=\/wp\/v2\/posts\/4841\/revisions\/4842"}],"wp:featuredmedia":[{"embeddable":true,"href":"https:\/\/mbloretanska.pl\/index.php?rest_route=\/wp\/v2\/media\/3833"}],"wp:attachment":[{"href":"https:\/\/mbloretanska.pl\/index.php?rest_route=%2Fwp%2Fv2%2Fmedia&parent=4841"}],"wp:term":[{"taxonomy":"category","embeddable":true,"href":"https:\/\/mbloretanska.pl\/index.php?rest_route=%2Fwp%2Fv2%2Fcategories&post=4841"},{"taxonomy":"post_tag","embeddable":true,"href":"https:\/\/mbloretanska.pl\/index.php?rest_route=%2Fwp%2Fv2%2Ftags&post=4841"}],"curies":[{"name":"wp","href":"https:\/\/api.w.org\/{rel}","templated":true}]}}