{"id":4838,"date":"2023-07-20T15:04:35","date_gmt":"2023-07-20T13:04:35","guid":{"rendered":"https:\/\/mbloretanska.pl\/?p=4838"},"modified":"2023-07-20T15:04:36","modified_gmt":"2023-07-20T13:04:36","slug":"xvii-niedziela-zwykla-23-07-2023","status":"publish","type":"post","link":"https:\/\/mbloretanska.pl\/?p=4838","title":{"rendered":"XVII niedziela zwyk\u0142a 23.07.2023"},"content":{"rendered":"<section  class='av_textblock_section av-lkb5u9kf-1bb77dafc30ceaf83448d4ad49524dce '   itemscope=\"itemscope\" itemtype=\"https:\/\/schema.org\/BlogPosting\" itemprop=\"blogPost\" ><div class='avia_textblock'  itemprop=\"text\" ><ol>\n<li style=\"font-weight: 400;\">Dzi\u015b obchodzimy \u015awiatowy Dzie\u0144 Dziadk\u00f3w i Os\u00f3b Starszych. Zosta\u0142 on ustanowiony przez papie\u017ca Franciszka w czwart\u0105 niedziel\u0119 lipca, w blisko\u015bci wspomnienia \u015bw. Joachima i \u015bw. Anny \u2013 dziadk\u00f3w Pana Jezusa. Z tej racji nasze babcie i naszych dziadk\u00f3w otaczamy wdzi\u0119czn\u0105 modlitw\u0105.<\/li>\n<li style=\"font-weight: 400;\">W przededniu wspomnienia \u015bw. Krzysztofa patrona kierowc\u00f3w, dzisiaj na ka\u017cdej Mszy \u015bw. b\u0119dzie specjalne b\u0142ogos\u0142awie\u0144stwo dla wszystkich uczestnik\u00f3w ruchu drogowego. Gdyby kto\u015b chcia\u0142 indywidualnie po\u015bwieci\u0107 sw\u00f3j samoch\u00f3d, motocykl, skuter, rower lub hulajnog\u0119, zapraszamy w tygodniu po Mszy \u015bw. na parking przy plebanii.<\/li>\n<li style=\"font-weight: 400;\">We wtorek 25.07 \u015bwi\u0119to \u015bw. Jakuba Aposto\u0142a, a w \u015brod\u0119 26.07 wspomnienie \u015bw. Joachima i \u015bw. Anny \u2013 rodzic\u00f3w Matki Bo\u017cej.<\/li>\n<li style=\"font-weight: 400;\">W przysz\u0142\u0105 niedziel\u0119 b\u0119dziemy \u017cegna\u0107 w naszej parafii ks. Kanclerza Dariusza Szczepaniuka. Po 14 latach pracy i mieszkania u Matki Bo\u017cej Loreta\u0144skiej, ks. Kanclerz zosta\u0142 mianowany proboszczem konkatedry Bo\u017cego Cia\u0142a na Kamionku.<\/li>\n<li style=\"font-weight: 400;\">Z dniem 31 lipca ko\u0144czy prac\u0119 w naszej parafii p. Leon K\u0142ubczuk, kt\u00f3ry dba\u0142 o nasze ro\u015bliny i porz\u0105dek przy ko\u015bciele. W czerwcu p. Leon sko\u0144czy\u0142 89 lat. Dzi\u0119kujemy za wieloletni\u0105 prac\u0119 i \u017cyczymy mu du\u017co zdrowia oraz pogody ducha.<\/li>\n<li style=\"font-weight: 400;\">Zapraszamy do udzia\u0142u w tegorocznej, XV Pielgrzymce Pieszej z Warszawy do Ostr\u00f3wka. Wymarsz w sobot\u0119 29 lipca po Mszy \u015bw. o 21.00 z Sanktuarium \u015bw. Faustyny na ul. \u017bytniej w Warszawie, zako\u0144czenie nast\u0119pnego dnia, 30 lipca, Msz\u0105 o godz. 15.00 w Ostr\u00f3wku. Szczeg\u00f3\u0142y na plakacie. Zapisy telefonicznie (509 159 436) b\u0105d\u017a przez formularz na stronie internetowej Domu \u015aw. Faustyny w Ostr\u00f3wku (<a href=\"https:\/\/domfaustyny.pl\/zaproszenia\/xv-piesza-pielgrzymka-z-warszawy-do-ostrowka\">https:\/\/domfaustyny.pl\/zaproszenia\/xv-piesza-pielgrzymka-z-warszawy-do-ostrowka<\/a>).<\/li>\n<li style=\"font-weight: 400;\">Na stoliku prasowym znajdziemy nowy numer tygodnika<em> Idziemy <\/em>oraz gazetk\u0119 parafialn\u0105 <em>We\u017a Ewangeli\u0119 do domu<\/em>. W tygodniku <em>Idziemy <\/em>szczeg\u00f3lnie polecamy artyku\u0142y o znaczeniu oraz roli dziadk\u00f3w i senior\u00f3w w \u017cyciu rodziny i spo\u0142ecze\u0144stwa.<\/li>\n<li style=\"font-weight: 400;\">W tym tygodniu po\u017cegnali\u015bmy w naszej parafii \u015bw. Krystyn\u0119 Wysock\u0105. Pole\u0107my j\u0105 Bo\u017cemu mi\u0142osierdziu we wsp\u00f3lnej modlitwie.<\/li>\n<\/ol>\n<\/div><\/section>\n","protected":false},"excerpt":{"rendered":"","protected":false},"author":1,"featured_media":3832,"comment_status":"closed","ping_status":"closed","sticky":false,"template":"","format":"standard","meta":{"ngg_post_thumbnail":0,"footnotes":""},"categories":[3],"tags":[],"class_list":["post-4838","post","type-post","status-publish","format-standard","has-post-thumbnail","hentry","category-ogloszenia-duszpasterskie"],"_links":{"self":[{"href":"https:\/\/mbloretanska.pl\/index.php?rest_route=\/wp\/v2\/posts\/4838","targetHints":{"allow":["GET"]}}],"collection":[{"href":"https:\/\/mbloretanska.pl\/index.php?rest_route=\/wp\/v2\/posts"}],"about":[{"href":"https:\/\/mbloretanska.pl\/index.php?rest_route=\/wp\/v2\/types\/post"}],"author":[{"embeddable":true,"href":"https:\/\/mbloretanska.pl\/index.php?rest_route=\/wp\/v2\/users\/1"}],"replies":[{"embeddable":true,"href":"https:\/\/mbloretanska.pl\/index.php?rest_route=%2Fwp%2Fv2%2Fcomments&post=4838"}],"version-history":[{"count":1,"href":"https:\/\/mbloretanska.pl\/index.php?rest_route=\/wp\/v2\/posts\/4838\/revisions"}],"predecessor-version":[{"id":4839,"href":"https:\/\/mbloretanska.pl\/index.php?rest_route=\/wp\/v2\/posts\/4838\/revisions\/4839"}],"wp:featuredmedia":[{"embeddable":true,"href":"https:\/\/mbloretanska.pl\/index.php?rest_route=\/wp\/v2\/media\/3832"}],"wp:attachment":[{"href":"https:\/\/mbloretanska.pl\/index.php?rest_route=%2Fwp%2Fv2%2Fmedia&parent=4838"}],"wp:term":[{"taxonomy":"category","embeddable":true,"href":"https:\/\/mbloretanska.pl\/index.php?rest_route=%2Fwp%2Fv2%2Fcategories&post=4838"},{"taxonomy":"post_tag","embeddable":true,"href":"https:\/\/mbloretanska.pl\/index.php?rest_route=%2Fwp%2Fv2%2Ftags&post=4838"}],"curies":[{"name":"wp","href":"https:\/\/api.w.org\/{rel}","templated":true}]}}