{"id":4836,"date":"2023-07-15T14:09:58","date_gmt":"2023-07-15T12:09:58","guid":{"rendered":"https:\/\/mbloretanska.pl\/?p=4836"},"modified":"2023-07-15T14:10:00","modified_gmt":"2023-07-15T12:10:00","slug":"xv-niedziela-zwykla-16-07-2023","status":"publish","type":"post","link":"https:\/\/mbloretanska.pl\/?p=4836","title":{"rendered":"XV niedziela zwyk\u0142a 16.07.2023"},"content":{"rendered":"<section  class='av_textblock_section av-lk3ysko8-7be9aef2067eba35ebf114d0c4ac74c2 '   itemscope=\"itemscope\" itemtype=\"https:\/\/schema.org\/BlogPosting\" itemprop=\"blogPost\" ><div class='avia_textblock'  itemprop=\"text\" ><ol>\n<li style=\"font-weight: 400;\">Dzi\u015b o godz. 12.30 Msza \u015bw. w intencji \u015bp. o. Stanis\u0142awa Rozumkiewicza, franciszkanina, kapelana 36 pu\u0142ku piechoty zamordowanego przez bolszewik\u00f3w w 1920 r. Po Mszy b\u0119dzie mo\u017cna zobaczy\u0107 wyposa\u017cenie Wojska Polskiego z okresu II Rzeczypospolitej. Wi\u0119cej informacji na plakacie.<\/li>\n<li style=\"font-weight: 400;\">Na okres od 1.07 do 31.08 zmieni\u0142 si\u0119 tryb pracy&nbsp; kancelarii parafialnej. Nie ma dy\u017cur\u00f3w przedpo\u0142udniowych, a jedynie dy\u017cury popo\u0142udniowe i wieczorne. W nag\u0142ych i pilnych sprawach prosimy o kontakt po zako\u0144czeniu porannej Mszy \u015bw.<\/li>\n<li style=\"font-weight: 400;\">W sobot\u0119 22 lipca liturgiczne \u015bwi\u0119to \u015bw. Marii Magdaleny. &nbsp; &nbsp; &nbsp; &nbsp; &nbsp; &nbsp; &nbsp; &nbsp;<\/li>\n<li style=\"font-weight: 400;\">Zapraszamy do udzia\u0142u w tegorocznej XV Pielgrzymce Pieszej z Warszawy do Ostr\u00f3wka, gdzie \u015bw. Faustyna Kowalska przygotowywa\u0142a si\u0119 do wst\u0105pienia do klasztoru. Jest to pielgrzymka weekendowa, tzn. wymarsz w sobot\u0119 30 lipca po Mszy \u015bw. o 21.00 z Sanktuarium \u015bw. Faustyny na ul. \u017bytniej w Warszawie, zako\u0144czenie nast\u0119pnego dnia, 31 lipca, Msz\u0105 o godz. 15.00 w Ostr\u00f3wku. Szczeg\u00f3\u0142y na plakacie&nbsp;i u ks. Tadeusza. Zapisy telefonicznie (509 159 436) b\u0105d\u017a przez formularz na stronie internetowej Domu \u015aw. Faustyny w Ostr\u00f3wku (<a href=\"https:\/\/domfaustyny.pl\/zaproszenia\/xv-piesza-pielgrzymka-z-warszawy-do-ostrowka\">https:\/\/domfaustyny.pl\/zaproszenia\/xv-piesza-pielgrzymka-z-warszawy-do-ostrowka<\/a>).<\/li>\n<li style=\"font-weight: 400;\">Na stoliku prasowym znajdziemy nowy numer tygodnika<em> Idziemy <\/em>oraz gazetk\u0119 parafialn\u0105 <em>We\u017a Ewangeli\u0119 do domu<\/em>. W tygodniku <em>Idziemy<\/em> szczeg\u00f3lnie polecamy artyku\u0142y poruszaj\u0105ce kwestie wiary i braku wiary ludzi m\u0142odych. Dzieci i m\u0142odzie\u017c odchodz\u0105ce od wiary to problem wielu rodzin, tak\u017ce g\u0142\u0119boko wierz\u0105cych. W tym numerze znajdziemy refleksje i wskaz\u00f3wki dla rodzic\u00f3w i dziadk\u00f3w mierz\u0105cych si\u0119 z takimi wyzwaniami.<\/li>\n<li style=\"font-weight: 400;\">Wszystkim, kt\u00f3rzy ciesz\u0105 si\u0119 wakacjami i urlopami \u017cyczymy udanego odpoczynku. Dla pozosta\u0142ych, szczeg\u00f3lnie solenizant\u00f3w, jubilat\u00f3w i podr\u00f3\u017cuj\u0105cych b\u0119dziemy modli\u0107 si\u0119 b\u0142ogos\u0142awie\u0144stwo Bo\u017ce i potrzebne \u0142aski.<\/li>\n<\/ol>\n<\/div><\/section>\n","protected":false},"excerpt":{"rendered":"","protected":false},"author":1,"featured_media":3832,"comment_status":"closed","ping_status":"closed","sticky":false,"template":"","format":"standard","meta":{"ngg_post_thumbnail":0,"footnotes":""},"categories":[3],"tags":[],"class_list":["post-4836","post","type-post","status-publish","format-standard","has-post-thumbnail","hentry","category-ogloszenia-duszpasterskie"],"_links":{"self":[{"href":"https:\/\/mbloretanska.pl\/index.php?rest_route=\/wp\/v2\/posts\/4836","targetHints":{"allow":["GET"]}}],"collection":[{"href":"https:\/\/mbloretanska.pl\/index.php?rest_route=\/wp\/v2\/posts"}],"about":[{"href":"https:\/\/mbloretanska.pl\/index.php?rest_route=\/wp\/v2\/types\/post"}],"author":[{"embeddable":true,"href":"https:\/\/mbloretanska.pl\/index.php?rest_route=\/wp\/v2\/users\/1"}],"replies":[{"embeddable":true,"href":"https:\/\/mbloretanska.pl\/index.php?rest_route=%2Fwp%2Fv2%2Fcomments&post=4836"}],"version-history":[{"count":1,"href":"https:\/\/mbloretanska.pl\/index.php?rest_route=\/wp\/v2\/posts\/4836\/revisions"}],"predecessor-version":[{"id":4837,"href":"https:\/\/mbloretanska.pl\/index.php?rest_route=\/wp\/v2\/posts\/4836\/revisions\/4837"}],"wp:featuredmedia":[{"embeddable":true,"href":"https:\/\/mbloretanska.pl\/index.php?rest_route=\/wp\/v2\/media\/3832"}],"wp:attachment":[{"href":"https:\/\/mbloretanska.pl\/index.php?rest_route=%2Fwp%2Fv2%2Fmedia&parent=4836"}],"wp:term":[{"taxonomy":"category","embeddable":true,"href":"https:\/\/mbloretanska.pl\/index.php?rest_route=%2Fwp%2Fv2%2Fcategories&post=4836"},{"taxonomy":"post_tag","embeddable":true,"href":"https:\/\/mbloretanska.pl\/index.php?rest_route=%2Fwp%2Fv2%2Ftags&post=4836"}],"curies":[{"name":"wp","href":"https:\/\/api.w.org\/{rel}","templated":true}]}}