{"id":4834,"date":"2023-07-15T14:05:25","date_gmt":"2023-07-15T12:05:25","guid":{"rendered":"https:\/\/mbloretanska.pl\/?p=4834"},"modified":"2023-07-15T14:05:27","modified_gmt":"2023-07-15T12:05:27","slug":"intencje-mszalne-16-22-07-2023","status":"publish","type":"post","link":"https:\/\/mbloretanska.pl\/?p=4834","title":{"rendered":"intencje mszalne 16-22.07.2023"},"content":{"rendered":"<section  class='av_textblock_section av-lk3ymsc9-db0c60066da810e1970dbf4dd28cb9b4 '   itemscope=\"itemscope\" itemtype=\"https:\/\/schema.org\/BlogPosting\" itemprop=\"blogPost\" ><div class='avia_textblock'  itemprop=\"text\" ><table>\n<tbody>\n<tr>\n<td class=\"s3\" colspan=\"2\">\n<div>\n<p class=\"s2\">&nbsp;<\/p>\n<\/div>\n<\/td>\n<\/tr>\n<tr>\n<td colspan=\"2\">\n<div>\n<p class=\"s5\" style=\"text-align: center;\"><span class=\"s4\">X<\/span><span class=\"s4\">V<\/span> <span class=\"s4\">NIEDZIELA <\/span><span class=\"s4\">ZWYK\u0141A<\/span><\/p>\n<p class=\"s5\" style=\"text-align: center;\"><span class=\"s6\">(<\/span><span class=\"s6\">16<\/span><span class=\"s6\"> lipca<\/span><span class=\"s6\"> 2023 r.<\/span><span class=\"s6\">)<\/span><\/p>\n<\/div>\n<\/td>\n<\/tr>\n<tr>\n<td>\n<div>\n<p class=\"s5\"><span class=\"s6\">7<\/span><span class=\"s6\">:<\/span><span class=\"s6\">00<\/span><\/p>\n<\/div>\n<\/td>\n<td>\n<div>\n<p class=\"s2\"><span class=\"s7\">+<\/span> <span class=\"s7\">Andrzeja ZAJ\u0104CA<\/span><span class=\"s7\"> (<\/span><span class=\"s7\">greg<\/span><span class=\"s7\">. <\/span><span class=\"s7\">16<\/span><span class=\"s7\">.<\/span><span class=\"s7\">)<\/span><\/p>\n<\/div>\n<\/td>\n<\/tr>\n<tr>\n<td>\n<div>\n<p class=\"s5\"><span class=\"s6\">8<\/span><span class=\"s6\">:<\/span><span class=\"s6\">30<\/span><\/p>\n<\/div>\n<\/td>\n<td>\n<div>\n<p class=\"s2\"><span class=\"s8\">+ El\u017cbiet\u0119 (2 r. <\/span><span class=\"s8\">\u015bm<\/span><span class=\"s8\">.) i Sylwestra SABAL\u00d3W. <\/span><\/p>\n<\/div>\n<\/td>\n<\/tr>\n<tr>\n<td>\n<div>\n<p class=\"s2\"><span class=\"s6\">10<\/span><span class=\"s6\">:<\/span><span class=\"s6\">00<\/span><\/p>\n<\/div>\n<\/td>\n<td>\n<div>\n<p class=\"s2\"><span class=\"s7\">+ <\/span><span class=\"s7\">Bo\u017cen\u0119 BADURA (10 r. <\/span><span class=\"s7\">\u015bm<\/span><span class=\"s7\">.)<\/span><\/p>\n<\/div>\n<\/td>\n<\/tr>\n<tr>\n<td>\n<div>\n<p class=\"s2\"><span class=\"s6\">11<\/span><span class=\"s6\">:<\/span><span class=\"s6\">00<\/span><\/p>\n<\/div>\n<\/td>\n<td>\n<div>\n<div class=\"s10\"><span class=\"s9\">\u2022 <\/span><span class=\"s7\">Int<\/span><span class=\"s7\">. dzi\u0119kczynna w 2 r. \u015blubu Natalii i Bartka, z pro\u015bb\u0105 o <\/span><span class=\"s7\">b\u0142og<\/span><span class=\"s7\">. Bo\u017ce, potrzebne \u0142aski <\/span><span class=\"s7\"><br \/>\n<\/span><span class=\"s7\">i opiek\u0119 M.B. Loreta\u0144skiej<\/span><span class=\"s7\"> w \u017cyciu osobistym, ma\u0142\u017ce\u0144skim i rodzinnym. <\/span><\/div>\n<\/div>\n<\/td>\n<\/tr>\n<tr>\n<td>\n<div>\n<p class=\"s2\"><span class=\"s6\">12<\/span><span class=\"s6\">:<\/span><span class=\"s6\">30<\/span><\/p>\n<\/div>\n<\/td>\n<td>\n<div>\n<p class=\"s2\"><span class=\"s7\">+ o. Stanis\u0142awa Cypriana ROZUMKIEWICZA (Franciszkanina) <\/span><span class=\"s7\"><br \/>\n<\/span><span class=\"s7\">&nbsp; zamordowanego przez bolszewik\u00f3w w \u2026 kapelana 36 pu\u0142ku piechoty (+ 1920 r.)<\/span><\/p>\n<\/div>\n<\/td>\n<\/tr>\n<tr>\n<td>\n<div>\n<p class=\"s2\"><span class=\"s6\">18<\/span><span class=\"s6\">:<\/span><span class=\"s6\">00<\/span><\/p>\n<\/div>\n<\/td>\n<td>\n<div>\n<p class=\"s2\"><span class=\"s7\">+ <\/span><span class=\"s7\">Za zmar\u0142ych z rodzin OSOWIECKICH i GADOMSKICH. <\/span><\/p>\n<\/div>\n<\/td>\n<\/tr>\n<tr>\n<td class=\"s3\" colspan=\"2\">\n<div>\n<p class=\"s5\">&nbsp;<\/p>\n<\/div>\n<\/td>\n<\/tr>\n<tr>\n<td colspan=\"2\">\n<div>\n<p class=\"s5\" style=\"text-align: center;\"><span class=\"s6\">PONIEDZIA\u0141EK<\/span> <span class=\"s6\">(<\/span><span class=\"s6\">17<\/span><span class=\"s6\"> lipca<\/span><span class=\"s6\">)<\/span><\/p>\n<\/div>\n<\/td>\n<\/tr>\n<tr>\n<td>\n<div>\n<p class=\"s5\"><span class=\"s6\">7<\/span><span class=\"s6\">:<\/span><span class=\"s6\">00<\/span><\/p>\n<\/div>\n<\/td>\n<td>\n<div>\n<p class=\"s2\"><span class=\"s7\">+<\/span> <span class=\"s7\">Andrzeja ZAJ\u0104CA<\/span><span class=\"s7\"> (<\/span><span class=\"s7\">greg<\/span><span class=\"s7\">. <\/span><span class=\"s7\">17<\/span><span class=\"s7\">.<\/span><span class=\"s7\">)<\/span><\/p>\n<\/div>\n<\/td>\n<\/tr>\n<tr>\n<td>\n<div>\n<p class=\"s5\"><span class=\"s6\">8<\/span><span class=\"s6\">:<\/span><span class=\"s6\">00<\/span><\/p>\n<\/div>\n<\/td>\n<td>\n<div>\n<p class=\"s2\"><span class=\"s7\">+ Ryszarda-Mariana OLCZAKA i Dariusza \u2013 Krzysztofa MACHNIKA. <\/span><a name=\"_GoBack\"><\/a><\/p>\n<\/div>\n<\/td>\n<\/tr>\n<tr>\n<td>\n<div>\n<p class=\"s5\"><span class=\"s6\">1<\/span><span class=\"s6\">8<\/span><span class=\"s6\">:<\/span><span class=\"s6\">0<\/span><span class=\"s6\">0<\/span><\/p>\n<\/div>\n<\/td>\n<td>\n<div>\n<div class=\"s10\"><span class=\"s9\">\u2022 <\/span><span class=\"s7\">Int<\/span><span class=\"s7\">. dzi\u0119kczynna za udan\u0105 operacj\u0119 z pro\u015bb\u0105 o opiek\u0119 Matki Bo\u017cej dla ks. Wac\u0142awa (Salezjanina) na dalsze lata.<\/span><\/div>\n<\/div>\n<\/td>\n<\/tr>\n<tr>\n<td class=\"s3\" colspan=\"2\">\n<div>\n<p class=\"s2\">&nbsp;<\/p>\n<\/div>\n<\/td>\n<\/tr>\n<tr>\n<td colspan=\"2\">\n<div>\n<p class=\"s5\" style=\"text-align: center;\"><span class=\"s6\">WTOREK<\/span><span class=\"s6\"> &nbsp; <\/span><span class=\"s6\">(<\/span><span class=\"s6\">18<\/span><span class=\"s6\"> lipca<\/span><span class=\"s6\">)<\/span><\/p>\n<\/div>\n<\/td>\n<\/tr>\n<tr>\n<td>\n<div>\n<p class=\"s5\"><span class=\"s6\">7<\/span><span class=\"s6\">:<\/span><span class=\"s6\">00<\/span><\/p>\n<\/div>\n<\/td>\n<td>\n<div>\n<p class=\"s2\"><span class=\"s7\">+<\/span> <span class=\"s7\">Andrzeja ZAJ\u0104CA<\/span><span class=\"s7\"> (<\/span><span class=\"s7\">greg<\/span><span class=\"s7\">. <\/span><span class=\"s7\">18<\/span><span class=\"s7\">.<\/span><span class=\"s7\">)<\/span><\/p>\n<\/div>\n<\/td>\n<\/tr>\n<tr>\n<td>\n<div>\n<p class=\"s5\"><span class=\"s6\">8<\/span><span class=\"s6\">:<\/span><span class=\"s6\">0<\/span><span class=\"s6\">0<\/span><\/p>\n<\/div>\n<\/td>\n<td>\n<div>\n<div class=\"s10\"><span class=\"s9\">\u2022 <\/span><span class=\"s7\">Int<\/span><span class=\"s7\">. dzi\u0119kczynna za zdrowie i dobry wynik badania u Micha\u0142a i z pro\u015bb\u0105 o Bo\u017c\u0105 pomoc w dalszych badaniach. <\/span><\/div>\n<\/div>\n<\/td>\n<\/tr>\n<tr>\n<td>\n<div>\n<p class=\"s5\"><span class=\"s6\">18<\/span><span class=\"s6\">:<\/span><span class=\"s6\">00<\/span><\/p>\n<\/div>\n<\/td>\n<td>\n<div>\n<p class=\"s2\"><span class=\"s7\">+ <\/span><span class=\"s7\">Doris HEJN (w dniu pogrzebu w Londynie).<\/span><\/p>\n<\/div>\n<\/td>\n<\/tr>\n<tr>\n<td class=\"s11\" colspan=\"2\">\n<div>\n<p class=\"s2\">&nbsp;<\/p>\n<\/div>\n<\/td>\n<\/tr>\n<tr>\n<td colspan=\"2\">\n<div>\n<p class=\"s5\" style=\"text-align: center;\"><span class=\"s6\">\u015aRODA <\/span><span class=\"s6\">(<\/span><span class=\"s6\">19<\/span><span class=\"s6\"> lipca<\/span><span class=\"s6\">)<\/span><\/p>\n<\/div>\n<\/td>\n<\/tr>\n<tr>\n<td>\n<div>\n<p class=\"s5\"><span class=\"s6\">7<\/span><span class=\"s6\">:<\/span><span class=\"s6\">00<\/span><\/p>\n<\/div>\n<\/td>\n<td>\n<div>\n<p class=\"s2\"><span class=\"s7\">+ <\/span><span class=\"s7\">Andrzeja ZAJ\u0104CA<\/span><span class=\"s7\"> (<\/span><span class=\"s7\">greg<\/span><span class=\"s7\">. <\/span><span class=\"s7\">19<\/span><span class=\"s7\">.<\/span><span class=\"s7\">)<\/span><\/p>\n<\/div>\n<\/td>\n<\/tr>\n<tr>\n<td>\n<div>\n<p class=\"s5\"><span class=\"s6\">8<\/span><span class=\"s6\">:<\/span><span class=\"s6\">0<\/span><span class=\"s6\">0<\/span><\/p>\n<\/div>\n<\/td>\n<td>\n<div>\n<p class=\"s2\"><span class=\"s7\">+ <\/span><span class=\"s7\">Tadeusza BORKOWSKIEGO oraz rodzic\u00f3w BORKOWSKICH.<\/span><\/p>\n<\/div>\n<\/td>\n<\/tr>\n<tr>\n<td>\n<div>\n<p class=\"s5\"><span class=\"s6\">17<\/span><span class=\"s6\">:<\/span><span class=\"s6\">45<\/span><\/p>\n<\/div>\n<\/td>\n<td>\n<div>\n<p class=\"s2\"><span class=\"s6\">NOWENNA<\/span><span class=\"s6\"> DO MATKI BO\u017bEJ NIEUSTAJ\u0104CEJ POMOCY<\/span><\/p>\n<div class=\"s10\"><span class=\"s9\">\u2022 <\/span><span class=\"s7\">Dz. b\u0142agalna w 30 r. ur. Daniela MR\u00d3Z \u2013 o Bo\u017ce b\u0142ogos\u0142awie\u0144stwo, <\/span><span class=\"s7\"><br \/>\n<\/span><span class=\"s7\">opiek\u0119 M.B. Loreta\u0144skiej i potrzebne \u0142aski. &nbsp;<\/span><\/div>\n<p class=\"s2\"><span class=\"s7\">+ <\/span><span class=\"s7\">Stanis\u0142aw\u0119 WOJTASIK (od uczestnik\u00f3w pogrzebu).<\/span><\/p>\n<\/div>\n<\/td>\n<\/tr>\n<tr>\n<td class=\"s3\" colspan=\"2\">\n<div>\n<p class=\"s5\">&nbsp;<\/p>\n<\/div>\n<\/td>\n<\/tr>\n<tr>\n<td colspan=\"2\">\n<div>\n<p class=\"s5\" style=\"text-align: center;\"><span class=\"s6\">CZWARTE<\/span><span class=\"s6\">K<\/span> <span class=\"s6\">&nbsp;<\/span><span class=\"s6\">(<\/span><span class=\"s6\">20<\/span><span class=\"s6\"> lipca<\/span><span class=\"s6\">)<\/span><\/p>\n<\/div>\n<\/td>\n<\/tr>\n<tr>\n<td>\n<div>\n<p class=\"s5\"><span class=\"s6\">7:00<\/span><\/p>\n<\/div>\n<\/td>\n<td>\n<div>\n<p class=\"s2\"><span class=\"s7\">+<\/span> <span class=\"s7\">Andrzeja ZAJ\u0104CA<\/span><span class=\"s7\"> (<\/span><span class=\"s7\">greg<\/span><span class=\"s7\">. <\/span><span class=\"s7\">20<\/span><span class=\"s7\">.<\/span><span class=\"s7\">)<\/span><\/p>\n<\/div>\n<\/td>\n<\/tr>\n<tr>\n<td>\n<div>\n<p class=\"s5\"><span class=\"s6\">8:<\/span><span class=\"s6\">0<\/span><span class=\"s6\">0<\/span><\/p>\n<\/div>\n<\/td>\n<td>\n<div>\n<div class=\"s10\"><span class=\"s9\">\u2022 <\/span><span class=\"s7\">O Bo\u017ce <\/span><span class=\"s7\">b\u0142og<\/span><span class=\"s7\">., dary Ducha \u015awi\u0119tego, zdrowie i opiek\u0119 Matki Bo\u017cej na ka\u017cdy dzie\u0144 <\/span><span class=\"s7\"><br \/>\n<\/span><span class=\"s7\">dla Czes\u0142awy SUCHODOLSKIEJ. <\/span><\/div>\n<\/div>\n<\/td>\n<\/tr>\n<tr>\n<td>\n<div>\n<p class=\"s5\"><span class=\"s6\">18:00<\/span><\/p>\n<\/div>\n<\/td>\n<td>\n<div>\n<p class=\"s2\"><span class=\"s7\">+ Czes\u0142awa RACZKOWSKIEGO (w dniu imienin.)<\/span><\/p>\n<\/div>\n<\/td>\n<\/tr>\n<tr>\n<td class=\"s3\" colspan=\"2\">\n<div>\n<p class=\"s5\">&nbsp;<\/p>\n<\/div>\n<\/td>\n<\/tr>\n<tr>\n<td colspan=\"2\">\n<div>\n<p class=\"s5\" style=\"text-align: center;\"><span class=\"s6\">PI\u0104TEK<\/span><span class=\"s6\"> &nbsp; <\/span><span class=\"s6\">(<\/span><span class=\"s6\">21<\/span><span class=\"s6\"> lipca<\/span><span class=\"s6\">)<\/span><\/p>\n<\/div>\n<\/td>\n<\/tr>\n<tr>\n<td>\n<div>\n<p class=\"s5\"><span class=\"s6\">7<\/span><span class=\"s6\">:<\/span><span class=\"s6\">0<\/span><span class=\"s6\">0<\/span><\/p>\n<\/div>\n<\/td>\n<td>\n<div>\n<p class=\"s2\"><span class=\"s7\">+<\/span> <span class=\"s7\">Andrzeja ZAJ\u0104CA<\/span><span class=\"s7\"> (<\/span><span class=\"s7\">greg<\/span><span class=\"s7\">. <\/span><span class=\"s7\">21<\/span><span class=\"s7\">.<\/span><span class=\"s7\">)<\/span><\/p>\n<\/div>\n<\/td>\n<\/tr>\n<tr>\n<td>\n<div>\n<p class=\"s5\"><span class=\"s6\">8:00<\/span><\/p>\n<\/div>\n<\/td>\n<td>\n<div>\n<p class=\"s2\"><span class=\"s7\">+ Tadeusza \u2013 Andrzeja CIECIERSKIEGO (3 r. <\/span><span class=\"s7\">\u015bm<\/span><span class=\"s7\">.)<\/span><\/p>\n<\/div>\n<\/td>\n<\/tr>\n<tr>\n<td>\n<div>\n<p class=\"s5\"><span class=\"s6\">18<\/span><span class=\"s6\">:<\/span><span class=\"s6\">00<\/span><\/p>\n<\/div>\n<\/td>\n<td>\n<div>\n<p class=\"s2\"><span class=\"s7\">+<\/span> <span class=\"s7\">Mariana SZYMA\u0143SKIEGO (18 r. <\/span><span class=\"s7\">\u015bm<\/span><span class=\"s7\">.) oraz Andrzeja SZYMA\u0143SKIEGO. <\/span><\/p>\n<\/div>\n<\/td>\n<\/tr>\n<tr>\n<td class=\"s3\" colspan=\"2\">\n<div>\n<p class=\"s5\">&nbsp;<\/p>\n<\/div>\n<\/td>\n<\/tr>\n<tr>\n<td colspan=\"2\">\n<div>\n<p class=\"s5\" style=\"text-align: center;\"><span class=\"s6\">SOBOTA<\/span><span class=\"s6\"> &nbsp;<\/span><span class=\"s6\"> &nbsp;<\/span><span class=\"s6\">(<\/span><span class=\"s6\">22<\/span> <span class=\"s6\">lipca<\/span><span class=\"s6\">)<\/span><\/p>\n<p class=\"s5\" style=\"text-align: center;\"><span class=\"s6\">\u015aw. Magdaleny \u2013 \u015bwi\u0119to <\/span><\/p>\n<\/div>\n<\/td>\n<\/tr>\n<tr>\n<td>\n<div>\n<p class=\"s2\"><span class=\"s6\">7<\/span><span class=\"s6\">:<\/span><span class=\"s6\">00<\/span><\/p>\n<\/div>\n<\/td>\n<td>\n<div>\n<p class=\"s2\"><span class=\"s7\">+ <\/span><span class=\"s7\">Andrzeja ZAJ\u0104CA<\/span><span class=\"s7\"> (<\/span><span class=\"s7\">greg<\/span><span class=\"s7\">. <\/span><span class=\"s7\">22<\/span><span class=\"s7\">.<\/span><span class=\"s7\">)<\/span><\/p>\n<\/div>\n<\/td>\n<\/tr>\n<tr>\n<td>\n<div>\n<p class=\"s2\"><span class=\"s6\">8:00<\/span><\/p>\n<\/div>\n<\/td>\n<td>\n<div>\n<p class=\"s2\"><span class=\"s7\">+ El\u017cbiet\u0119 MIELCARZ. <\/span><\/p>\n<\/div>\n<\/td>\n<\/tr>\n<tr>\n<td>\n<div>\n<p class=\"s2\"><span class=\"s6\">18<\/span><span class=\"s6\">:00<\/span><\/p>\n<\/div>\n<\/td>\n<td>\n<div>\n<p class=\"s2\"><span class=\"s7\">+<\/span><span class=\"s7\"> Aleksandra DE\u0141BAKOWSKIEGO (24 r. <\/span><span class=\"s7\">\u015bm<\/span><span class=\"s7\">.)<\/span><\/p>\n<\/div>\n<\/td>\n<\/tr>\n<\/tbody>\n<\/table>\n<\/div><\/section>\n","protected":false},"excerpt":{"rendered":"","protected":false},"author":1,"featured_media":3833,"comment_status":"closed","ping_status":"closed","sticky":false,"template":"","format":"standard","meta":{"ngg_post_thumbnail":0,"footnotes":""},"categories":[6],"tags":[],"class_list":["post-4834","post","type-post","status-publish","format-standard","has-post-thumbnail","hentry","category-intencje-mszalne"],"_links":{"self":[{"href":"https:\/\/mbloretanska.pl\/index.php?rest_route=\/wp\/v2\/posts\/4834","targetHints":{"allow":["GET"]}}],"collection":[{"href":"https:\/\/mbloretanska.pl\/index.php?rest_route=\/wp\/v2\/posts"}],"about":[{"href":"https:\/\/mbloretanska.pl\/index.php?rest_route=\/wp\/v2\/types\/post"}],"author":[{"embeddable":true,"href":"https:\/\/mbloretanska.pl\/index.php?rest_route=\/wp\/v2\/users\/1"}],"replies":[{"embeddable":true,"href":"https:\/\/mbloretanska.pl\/index.php?rest_route=%2Fwp%2Fv2%2Fcomments&post=4834"}],"version-history":[{"count":1,"href":"https:\/\/mbloretanska.pl\/index.php?rest_route=\/wp\/v2\/posts\/4834\/revisions"}],"predecessor-version":[{"id":4835,"href":"https:\/\/mbloretanska.pl\/index.php?rest_route=\/wp\/v2\/posts\/4834\/revisions\/4835"}],"wp:featuredmedia":[{"embeddable":true,"href":"https:\/\/mbloretanska.pl\/index.php?rest_route=\/wp\/v2\/media\/3833"}],"wp:attachment":[{"href":"https:\/\/mbloretanska.pl\/index.php?rest_route=%2Fwp%2Fv2%2Fmedia&parent=4834"}],"wp:term":[{"taxonomy":"category","embeddable":true,"href":"https:\/\/mbloretanska.pl\/index.php?rest_route=%2Fwp%2Fv2%2Fcategories&post=4834"},{"taxonomy":"post_tag","embeddable":true,"href":"https:\/\/mbloretanska.pl\/index.php?rest_route=%2Fwp%2Fv2%2Ftags&post=4834"}],"curies":[{"name":"wp","href":"https:\/\/api.w.org\/{rel}","templated":true}]}}