{"id":4827,"date":"2023-07-08T09:37:44","date_gmt":"2023-07-08T07:37:44","guid":{"rendered":"https:\/\/mbloretanska.pl\/?p=4827"},"modified":"2023-07-08T09:39:59","modified_gmt":"2023-07-08T07:39:59","slug":"xiv-niedziela-zwykla-09-07-2023","status":"publish","type":"post","link":"https:\/\/mbloretanska.pl\/?p=4827","title":{"rendered":"XIV niedziela zwyk\u0142a 09.07.2023"},"content":{"rendered":"<section  class='av_textblock_section av-ljtozn9c-2e528ec86050e94e7e6f4bb07e9bfe27 '   itemscope=\"itemscope\" itemtype=\"https:\/\/schema.org\/BlogPosting\" itemprop=\"blogPost\" ><div class='avia_textblock'  itemprop=\"text\" ><ol>\n<li style=\"font-weight: 400;\">Z racji II niedzieli miesi\u0105ca, dzi\u015b taca na inwestycje parafialne. Pod koniec czerwca musieli\u015bmy wymieni\u0107 cz\u0119\u015b\u0107 instalacji odprowadzaj\u0105cej wod\u0119 z terenu ko\u015bcio\u0142a od strony po\u0142udniowej i zrobi\u0107 dodatkow\u0105 studzienk\u0119. Koszt tych prac to kilkana\u015bcie tysi\u0119cy z\u0142.<\/li>\n<li style=\"font-weight: 400;\">Na okres od 1.07 do 31.08 zmieni\u0142 si\u0119 tryb pracy&nbsp; kancelarii parafialnej. Nie ma dy\u017cur\u00f3w przedpo\u0142udniowych, a jedynie dy\u017cury popo\u0142udniowe i wieczorne. W nag\u0142ych i pilnych sprawach prosimy o kontakt po zako\u0144czeniu porannej Mszy \u015bw.<\/li>\n<li style=\"font-weight: 400;\">We wtorek 11.07 \u015bwi\u0119to \u015bw. Benedykta patrona Europy. W tym dniu tak\u017ce przypada 80. rocznica Zbrodni Wo\u0142y\u0144skiej. B\u0119dziemy modli\u0107 si\u0119 nie tylko o zbawienie i godny poch\u00f3wek dla ofiar, ale te\u017c o nale\u017cny szacunek dla rodzin oraz o zwyci\u0119stwo i uznanie prawdy o tamtych wydarzeniach.<\/li>\n<li style=\"font-weight: 400;\">W czwartek 13.07 po Mszy \u015bw. wieczornej zapraszamy na kolejne nabo\u017ce\u0144stwo fatimskie. Intencje do r\u00f3\u017ca\u0144ca na procesj\u0119 fatimsk\u0105 mo\u017cemy sk\u0142ada\u0107 do ksi\u0119\u017cy lub do puszki przed kaplic\u0105 \u015bw. Antoniego.<\/li>\n<li style=\"font-weight: 400;\">W przysz\u0142\u0105 niedziel\u0119 16.07 zapraszamy na Msz\u0119 \u015bw. o godz. 12.30 w intencji o. Stanis\u0142awa Cypriana Rozumkiewicza, franciszkanina, kapelana 36 pu\u0142ku piechoty zamordowanego przez bolszewik\u00f3w w 1920 r. Po Mszy b\u0119dzie mo\u017cna zobaczy\u0107 wyposa\u017cenie Wojska Polskiego z okresu II Rzeczypospolitej. Wi\u0119cej informacji na plakacie.<\/li>\n<li style=\"font-weight: 400;\">Zapraszamy do udzia\u0142u w tegorocznej XV Pielgrzymce Pieszej z Warszawy do Ostr\u00f3wka, gdzie \u015bw. Faustyna Kowalska przygotowywa\u0142a si\u0119 do wst\u0105pienia do klasztoru. Jest to pielgrzymka weekendowa, tzn. wymarsz w sobot\u0119 30 lipca po Mszy \u015bw. o 21.00 z Sanktuarium \u015bw. Faustyny na ul. \u017bytniej w Warszawie, zako\u0144czenie nast\u0119pnego dnia, 31 lipca, Msz\u0105 o godz. 15.00 w Ostr\u00f3wku. Szczeg\u00f3\u0142y na plakacie i u ks. Tadeusza. Zapisy telefonicznie (509 159 436) b\u0105d\u017a przez formularz na stronie internetowej Domu \u015aw. Faustyny w Ostr\u00f3wku (<a href=\"https:\/\/domfaustyny.pl\/zaproszenia\/xv-piesza-pielgrzymka-z-warszawy-do-ostrowka\">https:\/\/domfaustyny.pl\/zaproszenia\/xv-piesza-pielgrzymka-z-warszawy-do-ostrowka<\/a>).<\/li>\n<li style=\"font-weight: 400;\">Na stoliku prasowym znajdziemy nowy, podw\u00f3jny (wakacyjny) numer magazynu <em>Tak rodzinie,<\/em> tygodnik<em> Idziemy <\/em>oraz gazetk\u0119 parafialn\u0105 <em>We\u017a Ewangeli\u0119 do domu<\/em>.<\/li>\n<li>W tym tygodniu po\u017cegnali\u015bmy w naszej parafii \u015bp. Stanis\u0142aw\u0119 Wojtasik. Pole\u0107my j\u0105 Bo\u017cemu mi\u0142osierdziu we wsp\u00f3lnej modlitwie.<\/li>\n<\/ol>\n<\/div><\/section>\n","protected":false},"excerpt":{"rendered":"","protected":false},"author":1,"featured_media":3832,"comment_status":"closed","ping_status":"closed","sticky":false,"template":"","format":"standard","meta":{"ngg_post_thumbnail":0,"footnotes":""},"categories":[3],"tags":[],"class_list":["post-4827","post","type-post","status-publish","format-standard","has-post-thumbnail","hentry","category-ogloszenia-duszpasterskie"],"_links":{"self":[{"href":"https:\/\/mbloretanska.pl\/index.php?rest_route=\/wp\/v2\/posts\/4827","targetHints":{"allow":["GET"]}}],"collection":[{"href":"https:\/\/mbloretanska.pl\/index.php?rest_route=\/wp\/v2\/posts"}],"about":[{"href":"https:\/\/mbloretanska.pl\/index.php?rest_route=\/wp\/v2\/types\/post"}],"author":[{"embeddable":true,"href":"https:\/\/mbloretanska.pl\/index.php?rest_route=\/wp\/v2\/users\/1"}],"replies":[{"embeddable":true,"href":"https:\/\/mbloretanska.pl\/index.php?rest_route=%2Fwp%2Fv2%2Fcomments&post=4827"}],"version-history":[{"count":2,"href":"https:\/\/mbloretanska.pl\/index.php?rest_route=\/wp\/v2\/posts\/4827\/revisions"}],"predecessor-version":[{"id":4829,"href":"https:\/\/mbloretanska.pl\/index.php?rest_route=\/wp\/v2\/posts\/4827\/revisions\/4829"}],"wp:featuredmedia":[{"embeddable":true,"href":"https:\/\/mbloretanska.pl\/index.php?rest_route=\/wp\/v2\/media\/3832"}],"wp:attachment":[{"href":"https:\/\/mbloretanska.pl\/index.php?rest_route=%2Fwp%2Fv2%2Fmedia&parent=4827"}],"wp:term":[{"taxonomy":"category","embeddable":true,"href":"https:\/\/mbloretanska.pl\/index.php?rest_route=%2Fwp%2Fv2%2Fcategories&post=4827"},{"taxonomy":"post_tag","embeddable":true,"href":"https:\/\/mbloretanska.pl\/index.php?rest_route=%2Fwp%2Fv2%2Ftags&post=4827"}],"curies":[{"name":"wp","href":"https:\/\/api.w.org\/{rel}","templated":true}]}}