{"id":4821,"date":"2023-07-01T08:23:04","date_gmt":"2023-07-01T06:23:04","guid":{"rendered":"http:\/\/mbloretanska.pl\/?p=4821"},"modified":"2023-07-01T08:23:06","modified_gmt":"2023-07-01T06:23:06","slug":"intencje-mszalne-02-08-07-2023","status":"publish","type":"post","link":"https:\/\/mbloretanska.pl\/?p=4821","title":{"rendered":"intencje mszalne 02-08.07.2023"},"content":{"rendered":"<section  class='av_textblock_section av-ljjm900w-b06f07ede323bbc1a9b5a757ebd6931b '   itemscope=\"itemscope\" itemtype=\"https:\/\/schema.org\/BlogPosting\" itemprop=\"blogPost\" ><div class='avia_textblock'  itemprop=\"text\" ><table>\n<tbody>\n<tr>\n<td class=\"s3\" colspan=\"2\">\n<div>\n<p class=\"s2\">&nbsp;<\/p>\n<\/div>\n<\/td>\n<\/tr>\n<tr>\n<td colspan=\"2\">\n<div>\n<p class=\"s5\" style=\"text-align: center;\"><span class=\"s4\">X<\/span><span class=\"s4\">I<\/span><span class=\"s4\">I<\/span><span class=\"s4\">I<\/span> <span class=\"s4\">NIEDZIELA <\/span><span class=\"s4\">ZWYK\u0141A<\/span><\/p>\n<p class=\"s5\" style=\"text-align: center;\"><span class=\"s6\">(<\/span><span class=\"s6\">2<\/span><span class=\"s6\"> lipca<\/span><span class=\"s6\"> 2023 r.<\/span><span class=\"s6\">)<\/span><\/p>\n<\/div>\n<\/td>\n<\/tr>\n<tr>\n<td>\n<div>\n<p class=\"s5\"><span class=\"s6\">7<\/span><span class=\"s6\">:<\/span><span class=\"s6\">00<\/span><\/p>\n<\/div>\n<\/td>\n<td>\n<div>\n<p class=\"s2\"><span class=\"s7\">+<\/span> <span class=\"s7\">Andrzeja ZAJ\u0104CA<\/span><span class=\"s7\"> (<\/span><span class=\"s7\">greg<\/span><span class=\"s7\">. 2<\/span><span class=\"s7\">.<\/span><span class=\"s7\">)<\/span><\/p>\n<\/div>\n<\/td>\n<\/tr>\n<tr>\n<td>\n<div>\n<p class=\"s5\"><span class=\"s6\">8<\/span><span class=\"s6\">:<\/span><span class=\"s6\">30<\/span><\/p>\n<\/div>\n<\/td>\n<td>\n<div>\n<div class=\"s10\"><span class=\"s8\">\u2022 <\/span><span class=\"s9\">Z podzi\u0119kowaniem za otrzymane \u0142aski i z pro\u015bb\u0105 o dalsz\u0105 opiek\u0119 dla Marty, S\u0142awomira, Emmy i Dominika. <\/span><\/div>\n<\/div>\n<\/td>\n<\/tr>\n<tr>\n<td>\n<div>\n<p class=\"s2\"><span class=\"s6\">10<\/span><span class=\"s6\">:<\/span><span class=\"s6\">00<\/span><\/p>\n<\/div>\n<\/td>\n<td>\n<div>\n<p class=\"s2\"><span class=\"s7\">+ Teres\u0119 ZIELI\u0143SK\u0104 (9 r. <\/span><span class=\"s7\">\u015bm<\/span><span class=\"s7\">.) oraz jej rodzic\u00f3w Bronis\u0142aw\u0119 i Stanis\u0142awa CHARUB\u00d3W <\/span><\/p>\n<\/div>\n<\/td>\n<\/tr>\n<tr>\n<td>\n<div>\n<p class=\"s2\"><span class=\"s6\">11<\/span><span class=\"s6\">:<\/span><span class=\"s6\">00<\/span><\/p>\n<\/div>\n<\/td>\n<td>\n<div>\n<p class=\"s2\"><span class=\"s7\">+ Stanis\u0142awa MI\u0141OSZEWSKIEGO (22 r. <\/span><span class=\"s7\">\u015bm<\/span><span class=\"s7\">.)<\/span><\/p>\n<\/div>\n<\/td>\n<\/tr>\n<tr>\n<td>\n<div>\n<p class=\"s2\"><span class=\"s6\">12<\/span><span class=\"s6\">:<\/span><span class=\"s6\">30<\/span><\/p>\n<\/div>\n<\/td>\n<td>\n<div>\n<div class=\"s10\"><span class=\"s8\">\u2022 <\/span><span class=\"s7\">Int<\/span><span class=\"s7\">. dzi\u0119kczynna z racji 90 ur. Anny PASZKOWSKIEJ, z pro\u015bb\u0105 o <\/span><span class=\"s7\">b\u0142og<\/span><span class=\"s7\">. Bo\u017ce, <\/span><span class=\"s7\"><br \/>\n<\/span><span class=\"s7\">opiek\u0119 M.B. Loreta\u0144skiej, zdrowie i potrzebne \u0142aski na dalsze lata dla Jubilatki <\/span><span class=\"s7\"><br \/>\n<\/span><span class=\"s7\">oraz ca\u0142ej rodziny. <\/span><\/div>\n<p class=\"s2\"><span class=\"s7\">+ Ludwika KARENDYS (14 r. <\/span><span class=\"s7\">\u015bm<\/span><span class=\"s7\">.) i S\u0142awomira JAWOREK (5 r. <\/span><span class=\"s7\">\u015bm<\/span><span class=\"s7\">.)<\/span><\/p>\n<p class=\"s2\"><span class=\"s7\">+ Ew\u0119 POCZENT\u0104 (1 r. <\/span><span class=\"s7\">\u015bm<\/span><span class=\"s7\">.)<\/span><\/p>\n<p class=\"s2\"><span class=\"s7\">+ Krystyn\u0119 DYMEK (30 dni po <\/span><span class=\"s7\">\u015bm<\/span><span class=\"s7\">.)<\/span><\/p>\n<p class=\"s2\"><span class=\"s7\">+ Bo\u017cen\u0119 PIELAK (miesi\u0105c po <\/span><span class=\"s7\">\u015bm<\/span><span class=\"s7\">.)<\/span><\/p>\n<p class=\"s2\"><span class=\"s7\">+ Dariusza, Edwarda, Ann\u0119 oraz dusze w czy\u015b\u0107cu cierpi\u0105ce.<\/span><\/p>\n<p class=\"s2\"><span class=\"s7\">+ Grzegorza KIEBASI\u0143SKIEGO, J\u00f3zef\u0119 i W\u0142adys\u0142awa WYSZOMIRSKICH.<\/span><\/p>\n<p class=\"s2\"><span class=\"s7\">+ za rodzic\u00f3w: Halin\u0119 i Mariana DRZAZGOWSKICH, Mieczys\u0142aw\u0119 KARABAN (1r.\u015bm)<\/span><span class=\"s7\"><br \/>\n<\/span><span class=\"s7\">&nbsp; Darka i Ew\u0119 DRZAZGOWSKICH, Wojciecha SKIERSKIEGO, zmar\u0142ych z rodziny<\/span><span class=\"s7\"><br \/>\n<\/span><span class=\"s7\">&nbsp; DRZAZGOWSKICH<\/span><span class=\"s7\">, WROC\u0141AWSKICH i KARABAN\u00d3W. <\/span><\/p>\n<p class=\"s2\"><span class=\"s7\">+ Zdzis\u0142awa CIO\u0141KA (26 r. <\/span><span class=\"s7\">\u015bm<\/span><span class=\"s7\">.) zm. z r. CIO\u0141K\u00d3W, CHMIELEWSKICH, BOSK\u00d3W, <\/span><span class=\"s7\"><br \/>\n<\/span><span class=\"s7\">&nbsp; SZCZE\u015aNIAK\u00d3W, KULIK\u00d3W i \u015aWIERCZ\u00d3W. <\/span><\/p>\n<\/div>\n<\/td>\n<\/tr>\n<tr>\n<td>\n<div>\n<p class=\"s2\"><span class=\"s6\">18<\/span><span class=\"s6\">:<\/span><span class=\"s6\">00<\/span><\/p>\n<\/div>\n<\/td>\n<td>\n<div>\n<p class=\"s2\"><span class=\"s7\">+ Adama ZWIERZY\u0143SKIEGO (7 r. <\/span><span class=\"s7\">\u015bm<\/span><span class=\"s7\">.)<\/span><\/p>\n<\/div>\n<\/td>\n<\/tr>\n<tr>\n<td class=\"s3\" colspan=\"2\">\n<div>\n<p class=\"s5\">&nbsp;<\/p>\n<\/div>\n<\/td>\n<\/tr>\n<tr>\n<td colspan=\"2\">\n<div>\n<p class=\"s5\" style=\"text-align: center;\"><span class=\"s6\">PONIEDZIA\u0141EK<\/span> <span class=\"s6\">(<\/span><span class=\"s6\">3 lipca<\/span><span class=\"s6\">)<\/span><\/p>\n<p class=\"s5\" style=\"text-align: center;\"><span class=\"s6\">\u015aw. Tomasza Aposto\u0142a \u2013 \u015bwi\u0119to <\/span><\/p>\n<\/div>\n<\/td>\n<\/tr>\n<tr>\n<td>\n<div>\n<p class=\"s5\"><span class=\"s6\">7<\/span><span class=\"s6\">:<\/span><span class=\"s6\">00<\/span><\/p>\n<\/div>\n<\/td>\n<td>\n<div>\n<p class=\"s2\"><span class=\"s7\">+<\/span> <span class=\"s7\">Andrzeja ZAJ\u0104CA<\/span><span class=\"s7\"> (<\/span><span class=\"s7\">greg<\/span><span class=\"s7\">. <\/span><span class=\"s7\">3.<\/span><span class=\"s7\">)<\/span><\/p>\n<\/div>\n<\/td>\n<\/tr>\n<tr>\n<td>\n<div>\n<p class=\"s5\"><span class=\"s6\">8<\/span><span class=\"s6\">:<\/span><span class=\"s6\">00<\/span><\/p>\n<\/div>\n<\/td>\n<td>\n<div>\n<p class=\"s2\"><span class=\"s7\">+<\/span> <span class=\"s7\">Gabriel\u0119 OR\u0141OWSK\u0104.<\/span><\/p>\n<\/div>\n<\/td>\n<\/tr>\n<tr>\n<td>\n<div>\n<p class=\"s5\"><span class=\"s6\">1<\/span><span class=\"s6\">8<\/span><span class=\"s6\">:<\/span><span class=\"s6\">0<\/span><span class=\"s6\">0<\/span><\/p>\n<\/div>\n<\/td>\n<td>\n<div>\n<p class=\"s2\"><span class=\"s7\">+<\/span> <span class=\"s7\">Wac\u0142aw\u0119 GO\u0141\u0118BIEWSK\u0104 oraz Edwarda GO\u0141\u0118BIEWSKIEGO.<\/span><span class=\"s7\"><br \/>\n<\/span><span class=\"s7\">&nbsp; (intencja od Hanny Matusik z rodzin\u0105)<\/span><\/p>\n<\/div>\n<\/td>\n<\/tr>\n<tr>\n<td class=\"s3\" colspan=\"2\">\n<div>\n<p class=\"s2\">&nbsp;<\/p>\n<\/div>\n<\/td>\n<\/tr>\n<tr>\n<td colspan=\"2\">\n<div>\n<p class=\"s5\" style=\"text-align: center;\"><span class=\"s6\">WTOREK<\/span><\/p>\n<p class=\"s5\" style=\"text-align: center;\"><span class=\"s6\">(<\/span><span class=\"s6\">4 lipca<\/span><span class=\"s6\">)<\/span><\/p>\n<\/div>\n<\/td>\n<\/tr>\n<tr>\n<td>\n<div>\n<p class=\"s5\"><span class=\"s6\">7<\/span><span class=\"s6\">:<\/span><span class=\"s6\">00<\/span><\/p>\n<\/div>\n<\/td>\n<td>\n<div>\n<p class=\"s2\"><span class=\"s7\">+<\/span> <span class=\"s7\">Andrzeja ZAJ\u0104CA<\/span><span class=\"s7\"> (<\/span><span class=\"s7\">greg<\/span><span class=\"s7\">. <\/span><span class=\"s7\">4.<\/span><span class=\"s7\">)<\/span><\/p>\n<\/div>\n<\/td>\n<\/tr>\n<tr>\n<td>\n<div>\n<p class=\"s5\"><span class=\"s6\">8<\/span><span class=\"s6\">:<\/span><span class=\"s6\">0<\/span><span class=\"s6\">0<\/span><\/p>\n<\/div>\n<\/td>\n<td>\n<div>\n<p class=\"s2\"><span class=\"s7\">+ Leszka DOROSIA.<\/span><\/p>\n<\/div>\n<\/td>\n<\/tr>\n<tr>\n<td>\n<div>\n<p class=\"s5\"><span class=\"s6\">18<\/span><span class=\"s6\">:<\/span><span class=\"s6\">00<\/span><\/p>\n<\/div>\n<\/td>\n<td>\n<div>\n<p class=\"s2\"><span class=\"s7\">+ <\/span><span class=\"s7\">Barbar\u0119 (5 r. <\/span><span class=\"s7\">\u015bm<\/span><span class=\"s7\">.) i Wojciecha OLCZAK.<\/span><\/p>\n<\/div>\n<\/td>\n<\/tr>\n<tr>\n<td class=\"s11\" colspan=\"2\">\n<div>\n<p class=\"s2\">&nbsp;<\/p>\n<\/div>\n<\/td>\n<\/tr>\n<tr>\n<td colspan=\"2\">\n<div>\n<p class=\"s5\" style=\"text-align: center;\"><span class=\"s6\">\u015aRODA <\/span><\/p>\n<p class=\"s5\" style=\"text-align: center;\"><span class=\"s6\">(<\/span><span class=\"s6\">5 lipca<\/span><span class=\"s6\">)<\/span><\/p>\n<\/div>\n<\/td>\n<\/tr>\n<tr>\n<td>\n<div>\n<p class=\"s5\"><span class=\"s6\">7<\/span><span class=\"s6\">:<\/span><span class=\"s6\">00<\/span><\/p>\n<\/div>\n<\/td>\n<td>\n<div>\n<p class=\"s2\"><span class=\"s7\">+ <\/span><span class=\"s7\">Andrzeja ZAJ\u0104CA<\/span><span class=\"s7\"> (<\/span><span class=\"s7\">greg<\/span><span class=\"s7\">. <\/span><span class=\"s7\">5.<\/span><span class=\"s7\">)<\/span><\/p>\n<\/div>\n<\/td>\n<\/tr>\n<tr>\n<td>\n<div>\n<p class=\"s5\"><span class=\"s6\">8<\/span><span class=\"s6\">:<\/span><span class=\"s6\">0<\/span><span class=\"s6\">0<\/span><\/p>\n<\/div>\n<\/td>\n<td>\n<div>\n<p class=\"s2\"><span class=\"s7\">+ <\/span><span class=\"s7\">za dusze w czy\u015b\u0107cu cierpi\u0105ce.<\/span><\/p>\n<\/div>\n<\/td>\n<\/tr>\n<tr>\n<td>\n<div>\n<p class=\"s5\"><span class=\"s6\">17<\/span><span class=\"s6\">:<\/span><span class=\"s6\">45<\/span><\/p>\n<\/div>\n<\/td>\n<td>\n<div>\n<p class=\"s2\"><span class=\"s6\">NOWENNA<\/span><span class=\"s6\"> DO MATKI BO\u017bEJ NIEUSTAJ\u0104CEJ POMOCY<\/span><\/p>\n<p class=\"s2\"><span class=\"s7\">+ <\/span><span class=\"s7\">Boles\u0142awa ZI\u00d3\u0141KOWSKIEGO (30 dni po \u015bmierci)<\/span><\/p>\n<p class=\"s2\"><span class=\"s7\">+ Oresta DZIUB\u0118 (9 r. <\/span><span class=\"s7\">\u015bm<\/span><span class=\"s7\">.)<\/span><\/p>\n<\/div>\n<\/td>\n<\/tr>\n<tr>\n<td class=\"s3\" colspan=\"2\">\n<div>\n<p class=\"s5\">&nbsp;<\/p>\n<\/div>\n<\/td>\n<\/tr>\n<tr>\n<td colspan=\"2\">\n<div>\n<p class=\"s5\" style=\"text-align: center;\"><span class=\"s6\">CZWARTE<\/span><span class=\"s6\">K<\/span> <span class=\"s6\">&nbsp;<\/span><span class=\"s6\">(<\/span><span class=\"s6\">6 lipca<\/span><span class=\"s6\">)<\/span><\/p>\n<p class=\"s5\" style=\"text-align: center;\"><span class=\"s6\">B\u0142. Marii Teresy Led\u00f3chowskiej, dziewicy \u2013 wspomnienie <\/span><\/p>\n<\/div>\n<\/td>\n<\/tr>\n<tr>\n<td>\n<div>\n<p class=\"s5\"><span class=\"s6\">7:00<\/span><\/p>\n<\/div>\n<\/td>\n<td>\n<div>\n<p class=\"s2\"><span class=\"s7\">+<\/span> <span class=\"s7\">Andrzeja ZAJ\u0104CA<\/span><span class=\"s7\"> (<\/span><span class=\"s7\">greg<\/span><span class=\"s7\">. <\/span><span class=\"s7\">6.<\/span><span class=\"s7\">)<\/span><\/p>\n<\/div>\n<\/td>\n<\/tr>\n<tr>\n<td>\n<div>\n<p class=\"s5\"><span class=\"s6\">8:<\/span><span class=\"s6\">0<\/span><span class=\"s6\">0<\/span><\/p>\n<\/div>\n<\/td>\n<td>\n<div>\n<p class=\"s2\"><span class=\"s7\">+ <\/span><span class=\"s7\">Zygmunta STYBRZY\u0143SKIEGO (18 r. <\/span><span class=\"s7\">\u015bm<\/span><span class=\"s7\">.)<\/span><\/p>\n<\/div>\n<\/td>\n<\/tr>\n<tr>\n<td>\n<div>\n<p class=\"s5\"><span class=\"s6\">18:00<\/span><\/p>\n<\/div>\n<\/td>\n<td>\n<div>\n<p class=\"s2\"><span class=\"s7\">Rez.<\/span><\/p>\n<\/div>\n<\/td>\n<\/tr>\n<tr>\n<td class=\"s3\" colspan=\"2\">\n<div>\n<p class=\"s5\">&nbsp;<\/p>\n<\/div>\n<\/td>\n<\/tr>\n<tr>\n<td colspan=\"2\">\n<div>\n<p class=\"s5\" style=\"text-align: center;\"><span class=\"s6\">PI\u0104TEK<\/span><span class=\"s6\"> &nbsp; <\/span><span class=\"s6\">(<\/span><span class=\"s6\">7 lipca<\/span><span class=\"s6\">)<\/span><\/p>\n<\/div>\n<\/td>\n<\/tr>\n<tr>\n<td>\n<div>\n<p class=\"s5\"><span class=\"s6\">7<\/span><span class=\"s6\">:<\/span><span class=\"s6\">0<\/span><span class=\"s6\">0<\/span><\/p>\n<\/div>\n<\/td>\n<td>\n<div>\n<p class=\"s2\"><span class=\"s7\">+<\/span> <span class=\"s7\">Andrzeja ZAJ\u0104CA<\/span><span class=\"s7\"> (<\/span><span class=\"s7\">greg<\/span><span class=\"s7\">. <\/span><span class=\"s7\">7.<\/span><span class=\"s7\">)<\/span><\/p>\n<\/div>\n<\/td>\n<\/tr>\n<tr>\n<td>\n<div>\n<p class=\"s5\"><span class=\"s6\">8:00<\/span><\/p>\n<\/div>\n<\/td>\n<td>\n<div>\n<div class=\"s10\"><span class=\"s8\">\u2022 <\/span><span class=\"s7\">W intencjach czcicieli \u201e\u017bywego R\u00f3\u017ca\u0144ca\u201d i \u201eLegionu Maryi\u201d.<\/span><\/div>\n<\/div>\n<\/td>\n<\/tr>\n<tr>\n<td>\n<div>\n<p class=\"s5\"><span class=\"s6\">18<\/span><span class=\"s6\">:<\/span><span class=\"s6\">00<\/span><\/p>\n<\/div>\n<\/td>\n<td>\n<div>\n<p class=\"s2\"><span class=\"s7\">+<\/span><span class=\"s7\"> Hann\u0119 RYZI\u0143SK\u0104 (8 r. <\/span><span class=\"s7\">\u015bm<\/span><span class=\"s7\">.) oraz jej rodzic\u00f3w i zmar\u0142ych z<\/span><span class=\"s7\"> ca\u0142ej<\/span><a name=\"_GoBack\"><\/a><span class=\"s7\"> rodziny. <\/span><\/p>\n<\/div>\n<\/td>\n<\/tr>\n<tr>\n<td class=\"s3\" colspan=\"2\">\n<div>\n<p class=\"s5\">&nbsp;<\/p>\n<\/div>\n<\/td>\n<\/tr>\n<tr>\n<td colspan=\"2\">\n<div>\n<p class=\"s5\" style=\"text-align: center;\"><span class=\"s6\">SOBOTA<\/span><span class=\"s6\"> &nbsp;<\/span><span class=\"s6\"> &nbsp;<\/span><span class=\"s6\">(<\/span><span class=\"s6\">8<\/span> <span class=\"s6\">lipca<\/span><span class=\"s6\">)<\/span><\/p>\n<p class=\"s5\" style=\"text-align: center;\"><span class=\"s6\">\u015aw. Jana z Dukli, prezbitera \u2013 wspomnienie<\/span><\/p>\n<\/div>\n<\/td>\n<\/tr>\n<tr>\n<td>\n<div>\n<p class=\"s2\"><span class=\"s6\">7<\/span><span class=\"s6\">:<\/span><span class=\"s6\">00<\/span><\/p>\n<\/div>\n<\/td>\n<td>\n<div>\n<p class=\"s2\"><span class=\"s7\">+ <\/span><span class=\"s7\">Andrzeja ZAJ\u0104CA<\/span><span class=\"s7\"> (<\/span><span class=\"s7\">greg<\/span><span class=\"s7\">. <\/span><span class=\"s7\">8.<\/span><span class=\"s7\">)<\/span><\/p>\n<\/div>\n<\/td>\n<\/tr>\n<tr>\n<td>\n<div>\n<p class=\"s2\"><span class=\"s6\">8:00<\/span><\/p>\n<\/div>\n<\/td>\n<td>\n<div>\n<div class=\"s10\"><span class=\"s8\">\u2022 <\/span><span class=\"s7\">W intencjach czcicieli \u015aw. Micha\u0142a Archanio\u0142a. <\/span><\/div>\n<\/div>\n<\/td>\n<\/tr>\n<tr>\n<td>\n<div>\n<p class=\"s2\"><span class=\"s6\">18<\/span><span class=\"s6\">:00<\/span><\/p>\n<\/div>\n<\/td>\n<td>\n<div>\n<p class=\"s2\"><span class=\"s7\">+<\/span> <span class=\"s7\">Halin\u0119, Tadeusza i Tomasza B\u0141O\u0143SKICH.<\/span><\/p>\n<\/div>\n<\/td>\n<\/tr>\n<\/tbody>\n<\/table>\n<\/div><\/section>\n","protected":false},"excerpt":{"rendered":"","protected":false},"author":1,"featured_media":3833,"comment_status":"closed","ping_status":"closed","sticky":false,"template":"","format":"standard","meta":{"ngg_post_thumbnail":0,"footnotes":""},"categories":[6],"tags":[],"class_list":["post-4821","post","type-post","status-publish","format-standard","has-post-thumbnail","hentry","category-intencje-mszalne"],"_links":{"self":[{"href":"https:\/\/mbloretanska.pl\/index.php?rest_route=\/wp\/v2\/posts\/4821","targetHints":{"allow":["GET"]}}],"collection":[{"href":"https:\/\/mbloretanska.pl\/index.php?rest_route=\/wp\/v2\/posts"}],"about":[{"href":"https:\/\/mbloretanska.pl\/index.php?rest_route=\/wp\/v2\/types\/post"}],"author":[{"embeddable":true,"href":"https:\/\/mbloretanska.pl\/index.php?rest_route=\/wp\/v2\/users\/1"}],"replies":[{"embeddable":true,"href":"https:\/\/mbloretanska.pl\/index.php?rest_route=%2Fwp%2Fv2%2Fcomments&post=4821"}],"version-history":[{"count":1,"href":"https:\/\/mbloretanska.pl\/index.php?rest_route=\/wp\/v2\/posts\/4821\/revisions"}],"predecessor-version":[{"id":4822,"href":"https:\/\/mbloretanska.pl\/index.php?rest_route=\/wp\/v2\/posts\/4821\/revisions\/4822"}],"wp:featuredmedia":[{"embeddable":true,"href":"https:\/\/mbloretanska.pl\/index.php?rest_route=\/wp\/v2\/media\/3833"}],"wp:attachment":[{"href":"https:\/\/mbloretanska.pl\/index.php?rest_route=%2Fwp%2Fv2%2Fmedia&parent=4821"}],"wp:term":[{"taxonomy":"category","embeddable":true,"href":"https:\/\/mbloretanska.pl\/index.php?rest_route=%2Fwp%2Fv2%2Fcategories&post=4821"},{"taxonomy":"post_tag","embeddable":true,"href":"https:\/\/mbloretanska.pl\/index.php?rest_route=%2Fwp%2Fv2%2Ftags&post=4821"}],"curies":[{"name":"wp","href":"https:\/\/api.w.org\/{rel}","templated":true}]}}