{"id":4818,"date":"2023-06-29T14:01:44","date_gmt":"2023-06-29T12:01:44","guid":{"rendered":"http:\/\/mbloretanska.pl\/?p=4818"},"modified":"2023-06-29T14:01:46","modified_gmt":"2023-06-29T12:01:46","slug":"xiii-niedziela-zwykla-02-07-2023","status":"publish","type":"post","link":"https:\/\/mbloretanska.pl\/?p=4818","title":{"rendered":"XIII niedziela zwyk\u0142a 02.07.2023"},"content":{"rendered":"<section  class='av_textblock_section av-ljh3gdpn-9585c3f6724fa6fba4401b44b7848a1e '   itemscope=\"itemscope\" itemtype=\"https:\/\/schema.org\/BlogPosting\" itemprop=\"blogPost\" ><div class='avia_textblock'  itemprop=\"text\" ><ol>\n<li style=\"font-weight: 400;\">Z racji I niedzieli miesi\u0105ca&nbsp; dzi\u015b o godz. 17.00 wystawienie Naj\u015bwi\u0119tszego Sakramentu. O 17.30 nabo\u017ce\u0144stwo eucharystyczne.<\/li>\n<li style=\"font-weight: 400;\">Na okres wakacyjny, tzn. od 1 lipca do 31 sierpnia zmienia si\u0119 tryb pracy naszej kancelarii parafialnej. Nie b\u0119dzie dy\u017cur\u00f3w przedpo\u0142udniowych, a jedynie dy\u017cury popo\u0142udniowe i wieczorne. W nag\u0142ych i pilnych sprawach prosimy o kontakt po zako\u0144czeniu porannych Mszy \u015bw.<\/li>\n<li style=\"font-weight: 400;\">W tym tygodniu przypada I pi\u0105tek miesi\u0105ca. Msze \u015bw. o Naj\u015bwi\u0119tszym Sercu Pana Jezusa o godz. 8.00 i 18.00.<\/li>\n<li style=\"font-weight: 400;\">W lipcu i sierpniu b\u0119dzie tradycyjna przerwa w comiesi\u0119cznych wizytach u naszych chorych. Powr\u00f3cimy do nich w I pi\u0105tek wrze\u015bnia. W niebezpiecze\u0144stwie utraty \u017cycia lub zdrowia s\u0142u\u017cymy pos\u0142ug\u0105 sakramentaln\u0105 na ka\u017cde wezwanie.<\/li>\n<li style=\"font-weight: 400;\">Za tydzie\u0144, w II niedziel\u0119 miesi\u0105ca taca na inwestycje parafialne.<\/li>\n<li style=\"font-weight: 400;\">Zapraszamy do udzia\u0142u w tegorocznej XV Pielgrzymce Pieszej z Warszawy do Ostr\u00f3wka, gdzie \u015bw. Faustyna Kowalska przygotowywa\u0142a si\u0119 do wst\u0105pienia do klasztoru. Jest to pielgrzymka weekendowa, tzn. wymarsz w sobot\u0119 30 lipca po Mszy \u015bw. o 21.00 z Sanktuarium \u015bw. Faustyny na ul. \u017bytniej w Warszawie, zako\u0144czenie nast\u0119pnego dnia, 31 lipca, Msz\u0105 o godz. 15.00 w Ostr\u00f3wku. Szczeg\u00f3\u0142y na plakacie i u ks. Tadeusza. Zapisy telefonicznie (509 159 436) b\u0105d\u017a przez formularz na stronie internetowej Domu \u015aw. Faustyny w Ostr\u00f3wku (<a href=\"https:\/\/domfaustyny.pl\/zaproszenia\/xv-piesza-pielgrzymka-z-warszawy-do-ostrowka\">https:\/\/domfaustyny.pl\/zaproszenia\/xv-piesza-pielgrzymka-z-warszawy-do-ostrowka<\/a>).<\/li>\n<li style=\"font-weight: 400;\">Na stoliku prasowym znajdziemy nowy, podw\u00f3jny (wakacyjny) numer magazynu <em>Tak rodzinie,<\/em> tygodnik<em> Idziemy <\/em>oraz gazetk\u0119 parafialn\u0105 <em>We\u017a Ewangeli\u0119 do domu<\/em>.<\/li>\n<li style=\"font-weight: 400;\"><span>Wszystkim rozpoczynaj\u0105cym wakacje i urlopy \u017cyczymy udanego odpoczynku. Solenizantom i solenizantkom tego tygodnia Bo\u017cego b\u0142ogos\u0142awie\u0144stwa i opieki \u015bwi\u0119tych patron\u00f3w. Podczas wyjazd\u00f3w pami\u0119tajmy o niedzielnej Mszy \u015bw., aby odpoczywa\u0107 w pe\u0142nym tego s\u0142owa znaczeniu.<\/span><\/li>\n<\/ol>\n<\/div><\/section>\n","protected":false},"excerpt":{"rendered":"","protected":false},"author":1,"featured_media":3832,"comment_status":"closed","ping_status":"closed","sticky":false,"template":"","format":"standard","meta":{"ngg_post_thumbnail":0,"footnotes":""},"categories":[3],"tags":[],"class_list":["post-4818","post","type-post","status-publish","format-standard","has-post-thumbnail","hentry","category-ogloszenia-duszpasterskie"],"_links":{"self":[{"href":"https:\/\/mbloretanska.pl\/index.php?rest_route=\/wp\/v2\/posts\/4818","targetHints":{"allow":["GET"]}}],"collection":[{"href":"https:\/\/mbloretanska.pl\/index.php?rest_route=\/wp\/v2\/posts"}],"about":[{"href":"https:\/\/mbloretanska.pl\/index.php?rest_route=\/wp\/v2\/types\/post"}],"author":[{"embeddable":true,"href":"https:\/\/mbloretanska.pl\/index.php?rest_route=\/wp\/v2\/users\/1"}],"replies":[{"embeddable":true,"href":"https:\/\/mbloretanska.pl\/index.php?rest_route=%2Fwp%2Fv2%2Fcomments&post=4818"}],"version-history":[{"count":1,"href":"https:\/\/mbloretanska.pl\/index.php?rest_route=\/wp\/v2\/posts\/4818\/revisions"}],"predecessor-version":[{"id":4819,"href":"https:\/\/mbloretanska.pl\/index.php?rest_route=\/wp\/v2\/posts\/4818\/revisions\/4819"}],"wp:featuredmedia":[{"embeddable":true,"href":"https:\/\/mbloretanska.pl\/index.php?rest_route=\/wp\/v2\/media\/3832"}],"wp:attachment":[{"href":"https:\/\/mbloretanska.pl\/index.php?rest_route=%2Fwp%2Fv2%2Fmedia&parent=4818"}],"wp:term":[{"taxonomy":"category","embeddable":true,"href":"https:\/\/mbloretanska.pl\/index.php?rest_route=%2Fwp%2Fv2%2Fcategories&post=4818"},{"taxonomy":"post_tag","embeddable":true,"href":"https:\/\/mbloretanska.pl\/index.php?rest_route=%2Fwp%2Fv2%2Ftags&post=4818"}],"curies":[{"name":"wp","href":"https:\/\/api.w.org\/{rel}","templated":true}]}}