{"id":4809,"date":"2023-06-16T13:08:03","date_gmt":"2023-06-16T11:08:03","guid":{"rendered":"http:\/\/mbloretanska.pl\/?p=4809"},"modified":"2023-06-16T13:08:04","modified_gmt":"2023-06-16T11:08:04","slug":"xi-niedziela-zwykla-18-06-2023","status":"publish","type":"post","link":"https:\/\/mbloretanska.pl\/?p=4809","title":{"rendered":"XI niedziela zwyk\u0142a 18.06.2023"},"content":{"rendered":"<section  class='av_textblock_section av-liygtr4u-8d196614b867145514f145c295a43fcf '   itemscope=\"itemscope\" itemtype=\"https:\/\/schema.org\/BlogPosting\" itemprop=\"blogPost\" ><div class='avia_textblock'  itemprop=\"text\" ><p class=\"gmail-MsoListParagraphCxSpFirst\">1.&nbsp;&nbsp;&nbsp;&nbsp;&nbsp;&nbsp;&nbsp;&nbsp;&nbsp;&nbsp;&nbsp; W miniony czwartek Bp Romuald Kami\u0144ski mianowa\u0142 ks. Kanclerza Dariusza Szczepaniuka proboszczem parafii konkatedralnej Bo\u017cego Cia\u0142a w Warszawie \u2013Kamionku. Ks. Dariusz b\u0119dzie z nami jeszcze do ko\u0144ca lipca, a od 1 sierpnia b\u0119dzie mieszka\u0142 i pracowa\u0142 przy ul. Grochowskiej 365.<\/p>\n<p class=\"gmail-MsoListParagraphCxSpMiddle\">2.&nbsp;&nbsp;&nbsp;&nbsp;&nbsp;&nbsp; Dzi\u015b w naszej parafii go\u015bcimy ks. Rafa\u0142a Goli\u0144skiego, koordynatora wyjazdu na \u015awiatowe Dni M\u0142odzie\u017cy do Lizbony. Po Mszach \u015bw. o godz. 8.30, 10.00, 11.00 i 12.30 m\u0142odzie\u017c wyje\u017cd\u017caj\u0105ca z naszej parafii do Lizbony zaprasza na herbat\u0119 i ciasto \u2013 mo\u017cemy z nimi porozmawia\u0107, wesprze\u0107 ich wyjazd, a tak\u017ce powierzy\u0107 swoje intencje, kt\u00f3re m\u0142odzi zawioz\u0105 na spotkanie z papie\u017cem Franciszkiem.<\/p>\n<p class=\"gmail-MsoListParagraphCxSpMiddle\">3. Po Mszy \u015bw. o godz. 18.00 ostatnie przed wakacjami spotkanie dla kandydat\u00f3w do bierzmowania. Nasza m\u0142odzie\u017c sakrament bierzmowania przyjmie w drugiej&nbsp;&nbsp; po\u0142owie pa\u017adziernika.<\/p>\n<p class=\"gmail-MsoListParagraphCxSpMiddle\">4. Po Mszach \u015bw. podczas zbi\u00f3rki do puszek mo\u017cemy wesprze\u0107 rehabilitacj\u0119 i leczenie chorego Ma\u0107ka Antoszkiewicza.<\/p>\n<p class=\"gmail-MsoListParagraphCxSpMiddle\">1.&nbsp; Dzi\u015b w Warszawie odb\u0119dzie si\u0119 Narodowy Marsz dla \u017bycia i Rodziny. Has\u0142em spotkania organizowanego przez Centrum \u017bycia i Rodziny s\u0105 s\u0142owa \u201e <i>Dzieci Przysz\u0142o\u015bci\u0105 Polski<\/i>\u201d . Pocz\u0105tek o godz. 11.30 na Placu Zamkowym, zako\u0144czenie pod pomnikiem Kopernika. Zapraszamy i zach\u0119camy do udzia\u0142u w tym wa\u017cnym wydarzeniu. &nbsp; &nbsp; &nbsp; &nbsp; &nbsp; &nbsp; &nbsp;<\/p>\n<p class=\"gmail-MsoListParagraphCxSpMiddle\">2.&nbsp;&nbsp;&nbsp;&nbsp;&nbsp;&nbsp; W pi\u0105tek Dzie\u0144 Ojca. Wszystkim ojcom \u017cyczymy du\u017co rado\u015bci z daru ojcostwa, satysfakcji i dumy z w\u0142asnych dzieci oraz opieki \u015bw. J\u00f3zefa. Naszych zmar\u0142ych ojc\u00f3w otaczamy&nbsp; wdzi\u0119czn\u0105 modlitw\u0105. W tym dniu przypada tak\u017ce 18 rocznica \u015bwi\u0119ce\u0144 biskupich Ojca naszej diecezji Biskupa Romualda Kami\u0144skiego. W\u0142\u0105czmy jego osob\u0119 do naszej osobistej modlitwy, aby wyprasza\u0107 si\u0142y fizyczne i duchowe potrzebne Ks. Biskupowi w pasterskim pos\u0142ugiwaniu.<\/p>\n<p class=\"gmail-MsoListParagraphCxSpMiddle\">3.&nbsp;&nbsp;&nbsp;&nbsp;&nbsp;&nbsp; W pi\u0105tek zako\u0144czenie roku szkolnego. Nauczycielom, uczniom i wszystkim pracuj\u0105cym w szko\u0142ach \u017cyczymy dobrego, udanego odpoczynku. Zdaj\u0105cych jeszcze r\u00f3\u017cne egzaminy wspieramy modlitw\u0105 wypraszaj\u0105c pomy\u015blno\u015b\u0107 i dobre wyniki. Tych, kt\u00f3rzy rozpoczynaj\u0105 wakacje i urlopy zapraszamy do spowiedzi, aby mogli odpoczywa\u0107 z lekkim sercem i bez d\u017awigania niepotrzebnych ci\u0119\u017car\u00f3w.<\/p>\n<p class=\"gmail-MsoListParagraphCxSpMiddle\">4.&nbsp; &nbsp;W sobot\u0119 24 czerwca uroczysto\u015b\u0107 Narodzenia \u015bw. Jana Chrzciciela. Msze \u015bw. jak w zwyk\u0142y dzie\u0144. Solenizantkom i solenizantom \u017cyczymy mi\u0142o\u015bci od bliskich, Bo\u017cego b\u0142ogos\u0142awie\u0144stwa, zdrowia i opieki \u015bw. Patrona.&nbsp;&nbsp;&nbsp;&nbsp; &nbsp;&nbsp;&nbsp;&nbsp;&nbsp;&nbsp;&nbsp;&nbsp;&nbsp;&nbsp;&nbsp;&nbsp;&nbsp;&nbsp;&nbsp;&nbsp;&nbsp;&nbsp;&nbsp;&nbsp;&nbsp;&nbsp;&nbsp;&nbsp;&nbsp;&nbsp;&nbsp;&nbsp;&nbsp;&nbsp;&nbsp;&nbsp;&nbsp;&nbsp;&nbsp;&nbsp;&nbsp;&nbsp;&nbsp;&nbsp;&nbsp;&nbsp;&nbsp;&nbsp;&nbsp;&nbsp;&nbsp;&nbsp;&nbsp;&nbsp;&nbsp;&nbsp;&nbsp;&nbsp;&nbsp;<\/p>\n<p class=\"gmail-MsoListParagraphCxSpLast\">5.&nbsp;&nbsp;&nbsp; Na okres wakacyjny, tzn. od 1 lipca do 31sierpnia zmienia si\u0119 tryb pracy naszej&nbsp; kancelarii parafialnej. Nie b\u0119dzie dy\u017cur\u00f3w przedpo\u0142udniowych, a jedynie dy\u017cury popo\u0142udniowe i wieczorne.<\/p>\n<\/div><\/section>\n","protected":false},"excerpt":{"rendered":"","protected":false},"author":1,"featured_media":3832,"comment_status":"closed","ping_status":"closed","sticky":false,"template":"","format":"standard","meta":{"ngg_post_thumbnail":0,"footnotes":""},"categories":[3],"tags":[],"class_list":["post-4809","post","type-post","status-publish","format-standard","has-post-thumbnail","hentry","category-ogloszenia-duszpasterskie"],"_links":{"self":[{"href":"https:\/\/mbloretanska.pl\/index.php?rest_route=\/wp\/v2\/posts\/4809","targetHints":{"allow":["GET"]}}],"collection":[{"href":"https:\/\/mbloretanska.pl\/index.php?rest_route=\/wp\/v2\/posts"}],"about":[{"href":"https:\/\/mbloretanska.pl\/index.php?rest_route=\/wp\/v2\/types\/post"}],"author":[{"embeddable":true,"href":"https:\/\/mbloretanska.pl\/index.php?rest_route=\/wp\/v2\/users\/1"}],"replies":[{"embeddable":true,"href":"https:\/\/mbloretanska.pl\/index.php?rest_route=%2Fwp%2Fv2%2Fcomments&post=4809"}],"version-history":[{"count":1,"href":"https:\/\/mbloretanska.pl\/index.php?rest_route=\/wp\/v2\/posts\/4809\/revisions"}],"predecessor-version":[{"id":4810,"href":"https:\/\/mbloretanska.pl\/index.php?rest_route=\/wp\/v2\/posts\/4809\/revisions\/4810"}],"wp:featuredmedia":[{"embeddable":true,"href":"https:\/\/mbloretanska.pl\/index.php?rest_route=\/wp\/v2\/media\/3832"}],"wp:attachment":[{"href":"https:\/\/mbloretanska.pl\/index.php?rest_route=%2Fwp%2Fv2%2Fmedia&parent=4809"}],"wp:term":[{"taxonomy":"category","embeddable":true,"href":"https:\/\/mbloretanska.pl\/index.php?rest_route=%2Fwp%2Fv2%2Fcategories&post=4809"},{"taxonomy":"post_tag","embeddable":true,"href":"https:\/\/mbloretanska.pl\/index.php?rest_route=%2Fwp%2Fv2%2Ftags&post=4809"}],"curies":[{"name":"wp","href":"https:\/\/api.w.org\/{rel}","templated":true}]}}