{"id":4805,"date":"2023-06-10T13:59:18","date_gmt":"2023-06-10T11:59:18","guid":{"rendered":"http:\/\/mbloretanska.pl\/?p=4805"},"modified":"2023-06-10T14:00:07","modified_gmt":"2023-06-10T12:00:07","slug":"intencje-mszalne-11-17-06-23","status":"publish","type":"post","link":"https:\/\/mbloretanska.pl\/?p=4805","title":{"rendered":"intencje mszalne 11-17.06.2023"},"content":{"rendered":"<section  class='av_textblock_section av-lipy0q41-36ec7b790cdf5bcd4a657551f0f2f36f '   itemscope=\"itemscope\" itemtype=\"https:\/\/schema.org\/BlogPosting\" itemprop=\"blogPost\" ><div class='avia_textblock'  itemprop=\"text\" ><table>\n<tbody>\n<tr>\n<td class=\"s3\" colspan=\"2\">\n<div>\n<p class=\"s2\">\u00a0<\/p>\n<\/div>\n<\/td>\n<\/tr>\n<tr>\n<td colspan=\"2\">\n<div>\n<p class=\"s5\" style=\"text-align: center;\"><span class=\"s4\">X<\/span> <span class=\"s4\">NIEDZIELA <\/span><span class=\"s4\">ZWYK\u0141A<\/span><\/p>\n<p class=\"s5\" style=\"text-align: center;\"><span class=\"s6\">(<\/span><span class=\"s6\">11<\/span><span class=\"s6\"> czerwca)<\/span><\/p>\n<\/div>\n<\/td>\n<\/tr>\n<tr>\n<td>\n<div>\n<p class=\"s5\"><span class=\"s6\">7<\/span><span class=\"s6\">:<\/span><span class=\"s6\">00<\/span><\/p>\n<\/div>\n<\/td>\n<td>\n<div>\n<div class=\"s9\"><span class=\"s7\">\u2022 <\/span><span class=\"s8\">Dz<\/span><span class=\"s8\">-b\u0142ag<\/span><span class=\"s8\">alna<\/span><span class=\"s8\"> w intencji Ewy i Krzysztofa (z okazji 1 rocznicy \u015blubu).<\/span><\/div>\n<\/div>\n<\/td>\n<\/tr>\n<tr>\n<td>\n<div>\n<p class=\"s5\"><span class=\"s6\">8<\/span><span class=\"s6\">:<\/span><span class=\"s6\">30<\/span><\/p>\n<\/div>\n<\/td>\n<td>\n<div>\n<div class=\"s9\"><span class=\"s10\">1) <\/span><span class=\"s8\">+ <\/span><span class=\"s11\">Mariann\u0119 i Janusza MALENT\u00d3W, Wac\u0142awa OLESZCZUKA, <\/span><span class=\"s11\"><br \/>\n<\/span><span class=\"s11\">\u00a0 zm. z r. KO\u0143K\u00d3W,<\/span> <span class=\"s11\">MALENT\u00d3W, MATE\u0143K\u00d3W i OLESZCZUK\u00d3W.<\/span><\/div>\n<div class=\"s9\"><span class=\"s10\">2) <\/span><span class=\"s8\">+ Dariusza GROSZKA (<\/span><span class=\"s8\">greg<\/span><span class=\"s8\">. <\/span><span class=\"s8\">11<\/span><span class=\"s8\">.)<\/span><\/div>\n<\/div>\n<\/td>\n<\/tr>\n<tr>\n<td>\n<div>\n<p class=\"s2\"><span class=\"s6\">10<\/span><span class=\"s6\">:<\/span><span class=\"s6\">00<\/span><\/p>\n<\/div>\n<\/td>\n<td>\n<div>\n<p class=\"s2\"><span class=\"s8\">+ Tadeusza PUD\u0141O (2 r. <\/span><span class=\"s8\">\u015bm<\/span><span class=\"s8\">.) Jego syna, Kazimierza<\/span><span class=\"s8\"><br \/>\n<\/span><span class=\"s8\">\u00a0 <\/span><span class=\"s8\">rodzic\u00f3w: <\/span><span class=\"s8\">Rozali\u0119 i Franciszka SZCZUR oraz Janin\u0119 i Kazimierza PUD\u0141O. <\/span><\/p>\n<\/div>\n<\/td>\n<\/tr>\n<tr>\n<td>\n<div>\n<p class=\"s2\"><span class=\"s6\">11<\/span><span class=\"s6\">:<\/span><span class=\"s6\">00<\/span><\/p>\n<\/div>\n<\/td>\n<td>\n<div>\n<div class=\"s9\"><span class=\"s7\">\u2022 <\/span><span class=\"s8\">Intencja <\/span><span class=\"s8\">dz<\/span><span class=\"s8\">-b\u0142agalna o Bo\u017ce <\/span><span class=\"s8\">b\u0142og<\/span><span class=\"s8\">., opiek\u0119 MB Loreta\u0144skiej na ka\u017cdy dzie\u0144 <\/span><span class=\"s8\">i wszelkie potrzebne \u0142aski <\/span><span class=\"s8\">w pracy duszpasterskiej dla ks. Proboszcza (<\/span><span class=\"s8\">z okazji imienin<\/span><span class=\"s8\">)<\/span><\/div>\n<\/div>\n<\/td>\n<\/tr>\n<tr>\n<td>\n<div>\n<p class=\"s2\"><span class=\"s6\">12<\/span><span class=\"s6\">:<\/span><span class=\"s6\">30<\/span><\/p>\n<\/div>\n<\/td>\n<td>\n<div>\n<div class=\"s9\"><span class=\"s7\">\u2022 <\/span><span class=\"s8\">O <\/span><span class=\"s8\">b\u0142og<\/span><span class=\"s8\">. Bo\u017ce i potrzebne \u0142aski <\/span><span class=\"s8\">dla Anny PILARCZYK oraz mi\u0142osierdzie i dar zbawienia dla zmar\u0142ych z jej rodziny. <\/span><\/div>\n<div class=\"s9\"><span class=\"s7\">\u2022 <\/span><span class=\"s8\">Int<\/span><span class=\"s8\">. dzi\u0119kczynna, z pro\u015bb\u0105 o Bo\u017ce <\/span><span class=\"s8\">b\u0142og<\/span><span class=\"s8\">., opiek\u0119 MB Loreta\u0144skiej i potrzebne \u0142aski dla Ma\u0142gorzaty W\u0141ODARSKIEJ (z racji rocznicy urodzin).<\/span><\/div>\n<p class=\"s2\"><span class=\"s8\">+ Edwarda MOSTOWSKIEGO (12 r. <\/span><span class=\"s8\">\u015bm<\/span><span class=\"s8\">.)<\/span><\/p>\n<p class=\"s2\"><span class=\"s8\">+ Dariusza, Ann\u0119 i Edwarda oraz \u00a0za dusze w czy\u015b\u0107cu cierpi\u0105ce.<\/span><\/p>\n<p class=\"s2\"><span class=\"s8\">+ Wies\u0142aw\u0119 ROGALSK\u0104 (30 dni po pogrzebie).<\/span><\/p>\n<p class=\"s2\"><span class=\"s8\">+ Urszul\u0119 PERLAN (30 dni po <\/span><span class=\"s8\">\u015bm<\/span><span class=\"s8\">.)<\/span><\/p>\n<p class=\"s2\"><span class=\"s8\">+ Krystyn\u0119 KARWOWSK\u0104 (30 dni po <\/span><span class=\"s8\">\u015bm<\/span><span class=\"s8\">.)<\/span><\/p>\n<p class=\"s2\"><span class=\"s8\">+ Agnieszk\u0119 PRZEPI\u00d3RKA (30 dni po <\/span><span class=\"s8\">\u015bm<\/span><span class=\"s8\">.)<\/span><\/p>\n<p class=\"s2\"><span class=\"s8\">+ Mieczys\u0142aw\u0119 KUR (30 dni po <\/span><span class=\"s8\">\u015bm<\/span><span class=\"s8\">.)<\/span><\/p>\n<\/div>\n<\/td>\n<\/tr>\n<tr>\n<td>\n<div>\n<p class=\"s2\"><span class=\"s6\">18<\/span><span class=\"s6\">:<\/span><span class=\"s6\">00<\/span><\/p>\n<\/div>\n<\/td>\n<td>\n<div>\n<p class=\"s2\"><span class=\"s8\">+ <\/span><span class=\"s8\">Wojciecha KOWALSKIEGO (2 r. <\/span><span class=\"s8\">\u015bm<\/span><span class=\"s8\">.)<\/span><\/p>\n<\/div>\n<\/td>\n<\/tr>\n<tr>\n<td class=\"s3\" colspan=\"2\">\n<div>\n<p class=\"s5\">\u00a0<\/p>\n<\/div>\n<\/td>\n<\/tr>\n<tr>\n<td colspan=\"2\">\n<div>\n<p class=\"s5\" style=\"text-align: center;\"><span class=\"s6\">PONIEDZIA\u0141EK<\/span><\/p>\n<p class=\"s5\" style=\"text-align: center;\"><span class=\"s6\">(<\/span><span class=\"s6\">12<\/span><span class=\"s6\"> czerwca)<\/span><\/p>\n<\/div>\n<\/td>\n<\/tr>\n<tr>\n<td>\n<div>\n<p class=\"s5\"><span class=\"s6\">7<\/span><span class=\"s6\">:<\/span><span class=\"s6\">00<\/span><\/p>\n<\/div>\n<\/td>\n<td>\n<div>\n<p class=\"s2\"><span class=\"s8\">+ <\/span><span class=\"s8\">Andrzeja ZAJ\u0104CA i zm. z rodziny ZAJ\u0104C\u00d3W. <\/span><\/p>\n<\/div>\n<\/td>\n<\/tr>\n<tr>\n<td>\n<div>\n<p class=\"s5\"><span class=\"s6\">8<\/span><span class=\"s6\">:<\/span><span class=\"s6\">00<\/span><\/p>\n<\/div>\n<\/td>\n<td>\n<div>\n<div class=\"s9\">1) <span class=\"s8\">+ Janin\u0119 SIARNIK w 10 r. \u015bm.<\/span><\/div>\n<div class=\"s9\">2) <span class=\"s8\">+<\/span> <span class=\"s8\">Dariusza GROSZKA (<\/span><span class=\"s8\">greg<\/span><span class=\"s8\">. <\/span><span class=\"s8\">12<\/span><span class=\"s8\">.)<\/span><\/div>\n<\/div>\n<\/td>\n<\/tr>\n<tr>\n<td>\n<div>\n<p class=\"s5\"><span class=\"s6\">1<\/span><span class=\"s6\">8<\/span><span class=\"s6\">:<\/span><span class=\"s6\">0<\/span><span class=\"s6\">0<\/span><\/p>\n<\/div>\n<\/td>\n<td>\n<div>\n<p class=\"s2\"><span class=\"s8\">Rez.<\/span><\/p>\n<\/div>\n<\/td>\n<\/tr>\n<tr>\n<td class=\"s3\" colspan=\"2\">\n<div>\n<p class=\"s2\">\u00a0<\/p>\n<\/div>\n<\/td>\n<\/tr>\n<tr>\n<td colspan=\"2\">\n<div>\n<p class=\"s5\" style=\"text-align: center;\"><span class=\"s6\">WTOREK<\/span><span class=\"s6\"> \u00a0 <\/span><span class=\"s6\">(<\/span><span class=\"s6\">13<\/span><span class=\"s6\"> czerwca)<\/span><\/p>\n<p class=\"s5\" style=\"text-align: center;\"><span class=\"s6\">\u015aw. Antoniego z Padwy<\/span><span class=\"s6\">, prezbitera i doktora Ko\u015bcio\u0142a \u2013 wspomnienie <\/span><\/p>\n<\/div>\n<\/td>\n<\/tr>\n<tr>\n<td>\n<div>\n<p class=\"s5\"><span class=\"s6\">7<\/span><span class=\"s6\">:<\/span><span class=\"s6\">00<\/span><\/p>\n<\/div>\n<\/td>\n<td>\n<div>\n<p class=\"s2\"><span class=\"s8\">+<\/span> <span class=\"s8\">Dariusza GROSZKA (<\/span><span class=\"s8\">greg<\/span><span class=\"s8\">. 13.)<\/span><\/p>\n<\/div>\n<\/td>\n<\/tr>\n<tr>\n<td>\n<div>\n<p class=\"s5\"><span class=\"s6\">8<\/span><span class=\"s6\">:<\/span><span class=\"s6\">0<\/span><span class=\"s6\">0<\/span><\/p>\n<\/div>\n<\/td>\n<td>\n<div>\n<div class=\"s9\"><span class=\"s7\">\u2022 <\/span><span class=\"s8\">Msza dzi\u0119kczynna w 3 rocznic\u0119 konsekracji.<\/span><\/div>\n<\/div>\n<\/td>\n<\/tr>\n<tr>\n<td>\n<div>\n<p class=\"s5\"><span class=\"s6\">18<\/span><span class=\"s6\">:<\/span><span class=\"s6\">00<\/span><\/p>\n<\/div>\n<\/td>\n<td>\n<div>\n<div class=\"s9\"><span class=\"s7\">\u2022 <\/span><span class=\"s8\">W intencji Andrzeja: o g\u0142\u0119bok\u0105 wiar\u0119<\/span><span class=\"s8\"> i zdrowie (z racji urodzin).<\/span><\/div>\n<\/div>\n<\/td>\n<\/tr>\n<tr>\n<td class=\"s13\" colspan=\"2\">\n<div>\n<p class=\"s2\">\u00a0<\/p>\n<\/div>\n<\/td>\n<\/tr>\n<tr>\n<td colspan=\"2\">\n<div>\n<p class=\"s5\" style=\"text-align: center;\"><span class=\"s6\">\u015aRODA <\/span><span class=\"s6\">(<\/span><span class=\"s6\">14<\/span><span class=\"s6\"> czerwca)<\/span><\/p>\n<p class=\"s5\" style=\"text-align: center;\"><span class=\"s6\">B\u0142. Micha\u0142a <\/span><span class=\"s6\">Kozala<\/span><span class=\"s6\">, biskupa i m\u0119czennika \u2013 wspomnienie <\/span><\/p>\n<\/div>\n<\/td>\n<\/tr>\n<tr>\n<td>\n<div>\n<p class=\"s5\"><span class=\"s6\">7<\/span><span class=\"s6\">:<\/span><span class=\"s6\">00<\/span><\/p>\n<\/div>\n<\/td>\n<td>\n<div>\n<p class=\"s2\"><span class=\"s8\">+ <\/span><span class=\"s8\">Dariusza GROSZKA (<\/span><span class=\"s8\">greg<\/span><span class=\"s8\">. 14.)<\/span><\/p>\n<\/div>\n<\/td>\n<\/tr>\n<tr>\n<td>\n<div>\n<p class=\"s5\"><span class=\"s6\">8<\/span><span class=\"s6\">:<\/span><span class=\"s6\">0<\/span><span class=\"s6\">0<\/span><\/p>\n<\/div>\n<\/td>\n<td>\n<div>\n<p class=\"s2\"><span class=\"s8\">+ za dusze w czy\u015b\u0107cu cierpi\u0105ce. <\/span><\/p>\n<\/div>\n<\/td>\n<\/tr>\n<tr>\n<td>\n<div>\n<p class=\"s5\"><span class=\"s6\">17<\/span><span class=\"s6\">:<\/span><span class=\"s6\">45<\/span><\/p>\n<\/div>\n<\/td>\n<td>\n<div>\n<p class=\"s2\"><span class=\"s6\">NOWENNA<\/span><span class=\"s6\"> DO MATKI BO\u017bEJ NIEUSTAJ\u0104CEJ POMOCY<\/span><\/p>\n<div class=\"s9\"><span class=\"s7\">\u2022 <\/span><span class=\"s8\">O Bo\u017ce <\/span><span class=\"s8\">b\u0142og<\/span><span class=\"s8\">., dary Ducha \u015awi\u0119tego i opiek\u0119 Matki Bo\u017cej Loreta\u0144skiej dla Jolanty.<\/span><\/div>\n<p class=\"s2\"><span class=\"s8\">+ <\/span><span class=\"s8\">Stanis\u0142aw\u0119 KANIOWSK\u0104 (5 miesi\u0119cy po <\/span><span class=\"s8\">\u015bm<\/span><span class=\"s8\">.)<\/span><\/p>\n<p class=\"s2\"><span class=\"s8\">+ Mariana (21 r. <\/span><span class=\"s8\">\u015bm<\/span><span class=\"s8\">.) i Krystyn\u0119 ST\u0118PNIEWSKICH. <\/span><\/p>\n<\/div>\n<\/td>\n<\/tr>\n<tr>\n<td class=\"s3\" colspan=\"2\">\n<div>\n<p class=\"s5\">\u00a0<\/p>\n<\/div>\n<\/td>\n<\/tr>\n<tr>\n<td colspan=\"2\">\n<div>\n<p class=\"s5\" style=\"text-align: center;\"><span class=\"s6\">CZWARTE<\/span><span class=\"s6\">K<\/span> <span class=\"s6\">\u00a0<\/span><span class=\"s6\">(<\/span><span class=\"s6\">15<\/span><span class=\"s6\"> czerwca)<\/span><\/p>\n<\/div>\n<\/td>\n<\/tr>\n<tr>\n<td>\n<div>\n<p class=\"s5\"><span class=\"s6\">7:00<\/span><\/p>\n<\/div>\n<\/td>\n<td>\n<div>\n<p class=\"s2\"><span class=\"s8\">+<\/span> <span class=\"s8\">Dariusza GROSZKA (<\/span><span class=\"s8\">greg<\/span><span class=\"s8\">. 15.)<\/span><\/p>\n<\/div>\n<\/td>\n<\/tr>\n<tr>\n<td>\n<div>\n<p class=\"s5\"><span class=\"s6\">8:<\/span><span class=\"s6\">0<\/span><span class=\"s6\">0<\/span><\/p>\n<\/div>\n<\/td>\n<td>\n<div>\n<p class=\"s2\"><span class=\"s8\">+ <\/span><span class=\"s8\">W\u0142adys\u0142aw\u0119 i Bronis\u0142awa HO\u0141OWNIA.<\/span><\/p>\n<\/div>\n<\/td>\n<\/tr>\n<tr>\n<td>\n<div>\n<p class=\"s5\"><span class=\"s6\">18:00<\/span><\/p>\n<\/div>\n<\/td>\n<td>\n<div>\n<p class=\"s2\"><span class=\"s8\">+<\/span> <span class=\"s8\">Miros\u0142awa MATYSIAKA.<\/span><\/p>\n<\/div>\n<\/td>\n<\/tr>\n<tr>\n<td class=\"s3\" colspan=\"2\">\n<div>\n<p class=\"s5\">\u00a0<\/p>\n<\/div>\n<\/td>\n<\/tr>\n<tr>\n<td colspan=\"2\">\n<div>\n<p class=\"s5\" style=\"text-align: center;\"><span class=\"s6\">PI\u0104TEK<\/span><span class=\"s6\"> \u00a0 <\/span><span class=\"s6\">(<\/span><span class=\"s6\">16<\/span><span class=\"s6\"> czerwca)<\/span><\/p>\n<p class=\"s5\" style=\"text-align: center;\"><span class=\"s6\">Naj\u015bwi\u0119tszego Serca Pana Jezusa \u2013 uroczys<\/span><span class=\"s6\">t<\/span><span class=\"s6\">o\u015b\u0107<\/span><\/p>\n<\/div>\n<\/td>\n<\/tr>\n<tr>\n<td>\n<div>\n<p class=\"s5\"><span class=\"s6\">7<\/span><span class=\"s6\">:<\/span><span class=\"s6\">0<\/span><span class=\"s6\">0<\/span><\/p>\n<\/div>\n<\/td>\n<td>\n<div>\n<p class=\"s2\"><span class=\"s8\">+<\/span> <span class=\"s8\">Stanis\u0142aw\u0119 MILEWSK\u0104 (30 r. <\/span><span class=\"s8\">\u015bm<\/span><span class=\"s8\">.) <\/span><span class=\"s8\">i zm.<\/span><span class=\"s8\"> z <\/span><span class=\"s8\">c.r<\/span><span class=\"s8\">. MILEWSKICH i STYBRZY\u0143SKICH.<\/span><\/p>\n<\/div>\n<\/td>\n<\/tr>\n<tr>\n<td>\n<div>\n<p class=\"s5\"><span class=\"s6\">8:00<\/span><\/p>\n<\/div>\n<\/td>\n<td>\n<div>\n<p class=\"s2\"><span class=\"s8\">+<\/span> <span class=\"s8\">Dariusza GROSZKA (<\/span><span class=\"s8\">greg<\/span><span class=\"s8\">. 16.)<\/span><\/p>\n<\/div>\n<\/td>\n<\/tr>\n<tr>\n<td>\n<div>\n<p class=\"s5\"><span class=\"s6\">18<\/span><span class=\"s6\">:<\/span><span class=\"s6\">00<\/span><\/p>\n<\/div>\n<\/td>\n<td>\n<div>\n<div class=\"s9\"><span class=\"s7\">\u2022 <\/span><span class=\"s8\">50 rocznica \u015blubu Danuty i Zbigniewa GO\u0141\u0118BIEWSKICH. <\/span><\/div>\n<\/div>\n<\/td>\n<\/tr>\n<tr>\n<td class=\"s3\" colspan=\"2\">\n<div>\n<p class=\"s5\">\u00a0<\/p>\n<\/div>\n<\/td>\n<\/tr>\n<tr>\n<td colspan=\"2\">\n<div>\n<p class=\"s5\" style=\"text-align: center;\"><span class=\"s6\">SOBOTA<\/span> <span class=\"s6\">(<\/span><span class=\"s6\">1<\/span><span class=\"s6\">7<\/span><span class=\"s6\"> czerwca<\/span><span class=\"s6\">)<\/span><\/p>\n<p class=\"s5\" style=\"text-align: center;\"><span class=\"s6\">Niepokalanego Serca NMP \u2013 wspomnienie <\/span><\/p>\n<\/div>\n<\/td>\n<\/tr>\n<tr>\n<td>\n<div>\n<p class=\"s2\"><span class=\"s6\">7<\/span><span class=\"s6\">:<\/span><span class=\"s6\">00<\/span><\/p>\n<\/div>\n<\/td>\n<td>\n<div>\n<div class=\"s9\"><span class=\"s7\">\u2022 <\/span><span class=\"s8\">O <\/span><span class=\"s8\">B<\/span><span class=\"s8\">o\u017ce <\/span><span class=\"s8\">b\u0142og<\/span><span class=\"s8\">. i potrzebne \u0142aski dla ks. Andrzeja SIKORSKIEGO<\/span><span class=\"s8\">.<\/span><\/div>\n<\/div>\n<\/td>\n<\/tr>\n<tr>\n<td>\n<div>\n<p class=\"s2\"><span class=\"s6\">8:00<\/span><\/p>\n<\/div>\n<\/td>\n<td>\n<div>\n<p class=\"s2\"><span class=\"s8\">+ Dariusza GROSZKA (<\/span><span class=\"s8\">greg<\/span><span class=\"s8\">. 1<\/span><span class=\"s8\">7<\/span><span class=\"s8\">.)<\/span><\/p>\n<\/div>\n<\/td>\n<\/tr>\n<tr>\n<td>\n<div>\n<p class=\"s2\"><span class=\"s6\">18<\/span><span class=\"s6\">:00<\/span><\/p>\n<\/div>\n<\/td>\n<td>\n<div>\n<p class=\"s2\"><span class=\"s8\">+<\/span> <span class=\"s8\">Iren\u0119 i W\u0142adys\u0142awa OSTAS\u00d3W, Zygmunta OLJASZA, <\/span><span class=\"s8\"><br \/>\n<\/span><span class=\"s8\">\u00a0 <\/span><span class=\"s8\">Halin\u0119 i Mariana \u0141AWECKICH<\/span><span class=\"s8\"> z synami.<\/span><\/p>\n<\/div>\n<\/td>\n<\/tr>\n<\/tbody>\n<\/table>\n<\/div><\/section>\n","protected":false},"excerpt":{"rendered":"","protected":false},"author":1,"featured_media":3833,"comment_status":"closed","ping_status":"closed","sticky":false,"template":"","format":"standard","meta":{"ngg_post_thumbnail":0,"footnotes":""},"categories":[6],"tags":[],"class_list":["post-4805","post","type-post","status-publish","format-standard","has-post-thumbnail","hentry","category-intencje-mszalne"],"_links":{"self":[{"href":"https:\/\/mbloretanska.pl\/index.php?rest_route=\/wp\/v2\/posts\/4805","targetHints":{"allow":["GET"]}}],"collection":[{"href":"https:\/\/mbloretanska.pl\/index.php?rest_route=\/wp\/v2\/posts"}],"about":[{"href":"https:\/\/mbloretanska.pl\/index.php?rest_route=\/wp\/v2\/types\/post"}],"author":[{"embeddable":true,"href":"https:\/\/mbloretanska.pl\/index.php?rest_route=\/wp\/v2\/users\/1"}],"replies":[{"embeddable":true,"href":"https:\/\/mbloretanska.pl\/index.php?rest_route=%2Fwp%2Fv2%2Fcomments&post=4805"}],"version-history":[{"count":2,"href":"https:\/\/mbloretanska.pl\/index.php?rest_route=\/wp\/v2\/posts\/4805\/revisions"}],"predecessor-version":[{"id":4807,"href":"https:\/\/mbloretanska.pl\/index.php?rest_route=\/wp\/v2\/posts\/4805\/revisions\/4807"}],"wp:featuredmedia":[{"embeddable":true,"href":"https:\/\/mbloretanska.pl\/index.php?rest_route=\/wp\/v2\/media\/3833"}],"wp:attachment":[{"href":"https:\/\/mbloretanska.pl\/index.php?rest_route=%2Fwp%2Fv2%2Fmedia&parent=4805"}],"wp:term":[{"taxonomy":"category","embeddable":true,"href":"https:\/\/mbloretanska.pl\/index.php?rest_route=%2Fwp%2Fv2%2Fcategories&post=4805"},{"taxonomy":"post_tag","embeddable":true,"href":"https:\/\/mbloretanska.pl\/index.php?rest_route=%2Fwp%2Fv2%2Ftags&post=4805"}],"curies":[{"name":"wp","href":"https:\/\/api.w.org\/{rel}","templated":true}]}}