{"id":4800,"date":"2023-06-10T00:04:43","date_gmt":"2023-06-09T22:04:43","guid":{"rendered":"http:\/\/mbloretanska.pl\/?p=4800"},"modified":"2023-06-10T00:07:06","modified_gmt":"2023-06-09T22:07:06","slug":"x-niedziela-zwykla-11-06-2023","status":"publish","type":"post","link":"https:\/\/mbloretanska.pl\/?p=4800","title":{"rendered":"X NIEDZIELA ZWYK\u0141A 11.06.2023"},"content":{"rendered":"<section  class='av_textblock_section av-lip45oc5-95539e02e973ba84426cbfcce86247d5 '   itemscope=\"itemscope\" itemtype=\"https:\/\/schema.org\/BlogPosting\" itemprop=\"blogPost\" ><div class='avia_textblock'  itemprop=\"text\" ><p class=\"gmail-MsoListParagraphCxSpMiddle\">1.\u00a0\u00a0\u00a0\u00a0 Bardzo dzi\u0119kujemy wszystkim kt\u00f3rzy wsp\u00f3\u0142tworzyli pi\u0119kn\u0105 procesj\u0119 Bo\u017cego Cia\u0142a. Dzi\u0119kujemy oazie doros\u0142ych, ko\u0142om \u017bywego R\u00f3\u017ca\u0144ca. Legionowi Maryi, liturgicznej s\u0142u\u017cbie o\u0142tarza, bielankom, dzieciom I komunijnym, rodzinom naszej parafii oraz osobom prywatnym. Dzi\u0119kujemy s\u0142u\u017cbom: policji, nadzorowi ruchu oraz tramwajom warszawskim, kt\u00f3re w czasie trwania procesji czuwa\u0142y nad naszym bezpiecze\u0144stwem. Wszystkim sk\u0142adamy serdeczne B\u00f3g zap\u0142a\u0107.<\/p>\n<p class=\"gmail-MsoListParagraphCxSpMiddle\">2.\u00a0\u00a0\u00a0\u00a0 Z racji II niedzieli miesi\u0105ca dzisiejsz\u0105 tac\u0119 przeznaczamy na inwestycje parafialne. W ostatnim czasie zosta\u0142o zamontowane nowe nag\u0142o\u015bnienie zewn\u0119trzne obejmuj\u0105ce teren wok\u00f3\u0142 ca\u0142ego ko\u015bcio\u0142a. Koszt wszystkich potrzebnych do tego urz\u0105dze\u0144 to 11650,- z\u0142. Czekamy jeszcze na faktur\u0119 za robocizn\u0119. Dzi\u0119kujemy za wszystkie materialne ofiary, sk\u0142adane na potrzeby naszej parafii.<\/p>\n<p class=\"gmail-MsoListParagraphCxSpMiddle\">3.\u00a0\u00a0\u00a0\u00a0 <span dir=\"ltr\">We wtorek 13.06<\/span> po Mszy wieczornej zapraszamy na nabo\u017ce\u0144stwo fatimskie. Intencje do r\u00f3\u017ca\u0144ca mo\u017cemy sk\u0142ada\u0107 do ksi\u0119\u017cy oraz do skarbonki przy kaplicy \u015bw. Antoniego.\u00a0\u00a0\u00a0\u00a0\u00a0 \u00a0\u00a0\u00a0\u00a0\u00a0\u00a0\u00a0\u00a0\u00a0\u00a0\u00a0\u00a0\u00a0\u00a0\u00a0\u00a0\u00a0\u00a0\u00a0\u00a0\u00a0\u00a0\u00a0\u00a0\u00a0\u00a0\u00a0\u00a0\u00a0\u00a0\u00a0\u00a0\u00a0\u00a0\u00a0\u00a0\u00a0\u00a0\u00a0\u00a0\u00a0\u00a0\u00a0\u00a0\u00a0\u00a0\u00a0\u00a0\u00a0\u00a0\u00a0\u00a0\u00a0\u00a0\u00a0\u00a0\u00a0\u00a0\u00a0\u00a0\u00a0\u00a0\u00a0\u00a0\u00a0\u00a0\u00a0\u00a0\u00a0\u00a0\u00a0\u00a0\u00a0\u00a0\u00a0\u00a0\u00a0\u00a0\u00a0\u00a0\u00a0\u00a0\u00a0\u00a0\u00a0\u00a0\u00a0\u00a0\u00a0\u00a0\u00a0\u00a0\u00a0\u00a0\u00a0\u00a0\u00a0\u00a0\u00a0\u00a0\u00a0\u00a0 \u00a0\u00a0\u00a0\u00a0\u00a0\u00a0\u00a0\u00a0<\/p>\n<p class=\"gmail-MsoListParagraphCxSpMiddle\">4.\u00a0\u00a0\u00a0\u00a0 W czwartek zako\u0144czenie oktawy Bo\u017cego Cia\u0142a. <span dir=\"ltr\">W pi\u0105tek 16 czerwca <\/span>Uroczysto\u015b\u0107 Naj\u015bwi\u0119tszego Serca Pana Jezusa, a w sobot\u0119 wspomnienie Niepokalanego Serca NMP. \u00a0 \u00a0 \u00a0 \u00a0 \u00a0 \u00a0 \u00a0 \u00a0 \u00a0<\/p>\n<p class=\"gmail-MsoListParagraphCxSpMiddle\">5.\u00a0\u00a0\u00a0\u00a0 <span dir=\"ltr\">Za tydzie\u0144<\/span> 18.06 w Warszawie odb\u0119dzie si\u0119 Narodowy Marsz dla \u017bycia i Rodziny. Tegorocznym has\u0142em spotkania organizowanego przez Centrum \u017bycia i Rodziny s\u0105 s\u0142owa \u201e <i>Dzieci Przysz\u0142o\u015bci\u0105 Polski<\/i>\u201d. Pocz\u0105tek o godz. 11.30 na Placu Zamkowym, zako\u0144czenie pod pomnikiem Kopernika. Wi\u0119cej informacji znajdziemy na plakacie, a przede wszystkim w internecie. Serdecznie zapraszamy i zach\u0119camy do udzia\u0142u w tym wa\u017cnym wydarzeniu.<\/p>\n<p class=\"gmail-MsoListParagraphCxSpMiddle\">6.\u00a0\u00a0\u00a0\u00a0 <span dir=\"ltr\">W przysz\u0142\u0105 niedziel\u0119<\/span> w naszym ko\u015bciele b\u0119dziemy mogli podczas zbi\u00f3rki wesprze\u0107 rehabilitacj\u0119 i leczenie Ma\u0107ka Antoszkiewicza. \u00a0 \u00a0 \u00a0 \u00a0 \u00a0 \u00a0\u00a0<\/p>\n<p class=\"gmail-MsoListParagraphCxSpMiddle\">7.\u00a0\u00a0\u00a0\u00a0 Parafia Zmartwychwstania Pa\u0144skiego na Targ\u00f3wku Fabrycznym zaprasza\u00a0 <span dir=\"ltr\">w sobot\u0119 17.06<\/span> na koncert prezentuj\u0105cy obrazy z \u017cycia \u015bw. Zygmunta Szcz\u0119snego Feli\u0144skiego. Szczeg\u00f3\u0142owe informacje na plakacie.<\/p>\n<p class=\"gmail-MsoListParagraphCxSpLast\">8.\u00a0\u00a0\u00a0\u00a0 Na stoliku prasowym znajdziemy<i> <\/i>nowy numer tygodnika<i> Idziemy <\/i>oraz gazetk\u0119 parafialn\u0105 <i>We\u017a Ewangeli\u0119 do domu<\/i>.<\/p>\n<\/div><\/section>\n","protected":false},"excerpt":{"rendered":"","protected":false},"author":1,"featured_media":3832,"comment_status":"closed","ping_status":"closed","sticky":false,"template":"","format":"standard","meta":{"ngg_post_thumbnail":0,"footnotes":""},"categories":[3],"tags":[],"class_list":["post-4800","post","type-post","status-publish","format-standard","has-post-thumbnail","hentry","category-ogloszenia-duszpasterskie"],"_links":{"self":[{"href":"https:\/\/mbloretanska.pl\/index.php?rest_route=\/wp\/v2\/posts\/4800","targetHints":{"allow":["GET"]}}],"collection":[{"href":"https:\/\/mbloretanska.pl\/index.php?rest_route=\/wp\/v2\/posts"}],"about":[{"href":"https:\/\/mbloretanska.pl\/index.php?rest_route=\/wp\/v2\/types\/post"}],"author":[{"embeddable":true,"href":"https:\/\/mbloretanska.pl\/index.php?rest_route=\/wp\/v2\/users\/1"}],"replies":[{"embeddable":true,"href":"https:\/\/mbloretanska.pl\/index.php?rest_route=%2Fwp%2Fv2%2Fcomments&post=4800"}],"version-history":[{"count":3,"href":"https:\/\/mbloretanska.pl\/index.php?rest_route=\/wp\/v2\/posts\/4800\/revisions"}],"predecessor-version":[{"id":4804,"href":"https:\/\/mbloretanska.pl\/index.php?rest_route=\/wp\/v2\/posts\/4800\/revisions\/4804"}],"wp:featuredmedia":[{"embeddable":true,"href":"https:\/\/mbloretanska.pl\/index.php?rest_route=\/wp\/v2\/media\/3832"}],"wp:attachment":[{"href":"https:\/\/mbloretanska.pl\/index.php?rest_route=%2Fwp%2Fv2%2Fmedia&parent=4800"}],"wp:term":[{"taxonomy":"category","embeddable":true,"href":"https:\/\/mbloretanska.pl\/index.php?rest_route=%2Fwp%2Fv2%2Fcategories&post=4800"},{"taxonomy":"post_tag","embeddable":true,"href":"https:\/\/mbloretanska.pl\/index.php?rest_route=%2Fwp%2Fv2%2Ftags&post=4800"}],"curies":[{"name":"wp","href":"https:\/\/api.w.org\/{rel}","templated":true}]}}