{"id":3853,"date":"2021-09-25T20:02:39","date_gmt":"2021-09-25T18:02:39","guid":{"rendered":"http:\/\/mbloretanska.pl\/?p=3853"},"modified":"2021-09-25T20:02:40","modified_gmt":"2021-09-25T18:02:40","slug":"intencje-mszalne-26-09-02-10-2021","status":"publish","type":"post","link":"https:\/\/mbloretanska.pl\/?p=3853","title":{"rendered":"intencje mszalne 26.09-02.10.2021"},"content":{"rendered":"<section  class='av_textblock_section av-ku03n72k-42f0fe9b087086f37dadfcfd9d1f2a32 '   itemscope=\"itemscope\" itemtype=\"https:\/\/schema.org\/BlogPosting\" itemprop=\"blogPost\" ><div class='avia_textblock'  itemprop=\"text\" ><table width=\"699\">\n<tbody>\n<tr>\n<td colspan=\"2\" width=\"699\"><strong>\u00a0<\/strong><\/td>\n<\/tr>\n<tr>\n<td colspan=\"2\" width=\"699\">\n<p style=\"text-align: center;\"><strong>XXVI NIEDZIELA ZWYK\u0141A <\/strong><\/p>\n<p style=\"text-align: center;\"><strong>(26 wrze\u015bnia 2021 r.)<\/strong><\/p>\n<\/td>\n<\/tr>\n<tr>\n<td width=\"53\"><strong>7.00<\/strong><\/td>\n<td width=\"646\">+ Cecyli\u0119 MATUSZEWSK\u0104 (greg. 26)<\/td>\n<\/tr>\n<tr>\n<td width=\"53\"><strong>8.30<\/strong><\/td>\n<td width=\"646\">+ Beat\u0119 i El\u017cbiet\u0119 W\u00d3JTOWICZ.<\/td>\n<\/tr>\n<tr>\n<td width=\"53\"><strong>10.00<\/strong><\/td>\n<td width=\"646\">1) + Bogdana PIROS (1 r. \u015bm.)<\/p>\n<p>2) + Jana \u0141ASZCZY\u0143SKIEGO (greg. 26)<\/td>\n<\/tr>\n<tr>\n<td width=\"53\"><strong>11.00<\/strong><\/td>\n<td width=\"646\">+ Zofi\u0119 i Bronis\u0142awa SUCHODOLSKICH, Kazimier\u0119 i Ryszarda ADAMCZEWSKICH,<br \/>\nMariann\u0119 SZCZ\u0118SN\u0104 i El\u017cbiet\u0119 SROK\u0118.<\/td>\n<\/tr>\n<tr>\n<td width=\"53\"><strong>12.30<\/strong><\/td>\n<td width=\"646\">+ Jerzego JAK\u00d3BIAKA<\/p>\n<p>+ Stanis\u0142aw\u0119-Iren\u0119 \u015aLUSAREK (30 dzie\u0144 po \u015bm.)<\/p>\n<p>+ Ann\u0119 KUDELSK\u0104 (30 dzie\u0144 po \u015bm.)<\/p>\n<p>+ Krystyn\u0119 KULIKOWSK\u0104 (30 dzie\u0144 po \u015bm.)<\/p>\n<p>+ Mieczys\u0142awa (m) SZYSZKA (30 dzie\u0144 po pogrzebie).<\/p>\n<p>+ Jadwig\u0119 BURCHARDT (30 dzie\u0144 po \u015bm.)<\/p>\n<p>+ ks. Zbigniewa GASZKOWSKIEGO<\/p>\n<p>+ Bronis\u0142awa i Janin\u0119 NIEST\u0118PSKICH, Alicj\u0119, Eugeniusza i Ryszarda MOSKWA,<br \/>\nRozali\u0119 i Jana ZAKRZEWSKICH.<\/td>\n<\/tr>\n<tr>\n<td width=\"53\"><strong>18.00<\/strong><\/td>\n<td width=\"646\">+ Paw\u0142a (9 r. \u015bm.), Genowef\u0119, Wiktora, Janusza JASI\u0143SKICH, Aniel\u0119, Jana, Stanis\u0142aw\u0119,<br \/>\nPiotra i Tomasza ZIELI\u0143SKICH.<\/td>\n<\/tr>\n<tr>\n<td colspan=\"2\" width=\"699\"><strong>\u00a0<\/strong><\/td>\n<\/tr>\n<tr>\n<td colspan=\"2\" width=\"699\">\n<p style=\"text-align: center;\"><strong>PONIEDZIA\u0141EK <\/strong><\/p>\n<p style=\"text-align: center;\"><strong>(27 wrze\u015bnia)<\/strong><\/p>\n<p style=\"text-align: center;\"><strong>\u015aw. Wincentego \u00e0 Paulo, prezbitera &#8211; wspomnienie<\/strong><\/p>\n<\/td>\n<\/tr>\n<tr>\n<td width=\"53\"><strong>7.00<\/strong><\/td>\n<td width=\"646\">1) + Cecyli\u0119 MATUSZEWSK\u0104 (greg. 27)<\/p>\n<p>2) + Jana \u0141ASZCZY\u0143SKIEGO (greg. 27)<\/td>\n<\/tr>\n<tr>\n<td width=\"53\"><strong>8.00<\/strong><\/td>\n<td width=\"646\">+ Stanis\u0142awa JUSZCZAKA (23 r. \u015bm.)<\/td>\n<\/tr>\n<tr>\n<td width=\"53\"><strong>18.00<\/strong><\/td>\n<td width=\"646\">+ Janin\u0119 i Edmunda BIRECKICH i ich zmar\u0142ych rodzic\u00f3w.<\/td>\n<\/tr>\n<tr>\n<td colspan=\"2\" width=\"699\"><\/td>\n<\/tr>\n<tr>\n<td colspan=\"2\" width=\"699\">\n<p style=\"text-align: center;\"><strong>WTOREK (28 wrze\u015bnia)<\/strong><\/p>\n<p style=\"text-align: center;\"><strong>\u015aw. Wac\u0142awa, m\u0119czennika &#8211; wspomnienie<\/strong><\/p>\n<\/td>\n<\/tr>\n<tr>\n<td width=\"53\"><strong>7.00<\/strong><\/td>\n<td width=\"646\">+ Cecyli\u0119 MATUSZEWSK\u0104 (greg. 28)<\/td>\n<\/tr>\n<tr>\n<td width=\"53\"><strong>8.00<\/strong><\/td>\n<td width=\"646\">1) + Jana \u0141ASZCZY\u0143SKIEGO (greg. 28)<\/p>\n<p>2) + Wac\u0142awa i Iren\u0119 PELCZAR.<\/td>\n<\/tr>\n<tr>\n<td width=\"53\"><strong>18.00<\/strong><\/td>\n<td width=\"646\">+ Wac\u0142aw\u0119 KOZIERADZK\u0104 (imieninowa).<\/td>\n<\/tr>\n<tr>\n<td colspan=\"2\" width=\"699\"><\/td>\n<\/tr>\n<tr>\n<td colspan=\"2\" width=\"699\">\n<p style=\"text-align: center;\"><strong>\u015aRODA (29 wrze\u015bnia) <\/strong><\/p>\n<p style=\"text-align: center;\"><strong>\u015aw. Archanio\u0142\u00f3w Micha\u0142a, Gabriela i Rafa\u0142a \u2013 \u015bwi\u0119to.<\/strong><\/p>\n<\/td>\n<\/tr>\n<tr>\n<td width=\"53\"><strong>7.00<\/strong><\/td>\n<td width=\"646\">1) + Jana \u0141ASZCZY\u0143SKIEGO (greg. 29)<\/p>\n<p>2) + Urszul\u0119 KOWALSK\u0104.<\/td>\n<\/tr>\n<tr>\n<td width=\"53\"><strong>8.00<\/strong><\/td>\n<td width=\"646\">1) W intencjach czcicieli \u015bw. Micha\u0142a Archanio\u0142a.<\/p>\n<p>2) + Cecyli\u0119 MATUSZEWSK\u0104 (greg. 29)<\/td>\n<\/tr>\n<tr>\n<td width=\"53\"><strong>17.45<\/strong><\/td>\n<td width=\"646\"><strong>NOWENNA:<\/strong><\/p>\n<p>+ Mariana GORCZYC\u0118 (9 r. \u015bm.) i Barbar\u0119 GORCZYC\u0118.<\/p>\n<p>+ Mariana FRANCZAKA (19 r. \u015bm.) i zm. z r. FRANCZAK\u00d3W i WOLI\u0143SKICH.<\/td>\n<\/tr>\n<tr>\n<td colspan=\"2\" width=\"699\"><strong>\u00a0<\/strong><\/td>\n<\/tr>\n<tr>\n<td colspan=\"2\" width=\"699\">\n<p style=\"text-align: center;\"><strong>CZWARTEK (30 wrze\u015bnia)<\/strong><\/p>\n<p style=\"text-align: center;\"><strong>\u015aw. Pio z Pietrelciny, prezbitera &#8211; wspomnienie<\/strong><\/p>\n<\/td>\n<\/tr>\n<tr>\n<td width=\"53\"><strong>7.00<\/strong><\/td>\n<td width=\"646\">+ Jana \u0141ASZCZY\u0143SKIEGO (greg. 30)<\/td>\n<\/tr>\n<tr>\n<td width=\"53\"><strong>8.00<\/strong><\/td>\n<td width=\"646\">+ Ludwik\u0119 NOWAKOWSK\u0104 i Jana NOWAKOWSKIEGO oraz Stanis\u0142awa JAGLAKA.<\/td>\n<\/tr>\n<tr>\n<td width=\"53\"><strong>18.00<\/strong><\/td>\n<td width=\"646\">+ Cecyli\u0119 MATUSZEWSK\u0104 (greg. 30)<\/td>\n<\/tr>\n<tr>\n<td colspan=\"2\" width=\"699\"><strong>\u00a0<\/strong><\/td>\n<\/tr>\n<tr>\n<td colspan=\"2\" width=\"699\">\n<p style=\"text-align: center;\"><strong>PI\u0104TEK (1 pa\u017adziernika)<\/strong><\/p>\n<p style=\"text-align: center;\"><strong>\u015aw. Teresy od dzieci\u0105tka Jezus, doktora Ko\u015bcio\u0142a &#8211; wspomnienie<\/strong><\/p>\n<\/td>\n<\/tr>\n<tr>\n<td width=\"53\"><strong>7.00<\/strong><\/td>\n<td width=\"646\">1) + Jadwig\u0119 KOSIERADZK\u0104 (greg. 1)<\/p>\n<p>2) + Zbigniewa BUJAK (greg. 1)<\/td>\n<\/tr>\n<tr>\n<td width=\"53\"><strong>8.00<\/strong><\/td>\n<td width=\"646\">1) w intencjach cz\u0142onk\u00f3w \u017bywego R\u00f3\u017ca\u0144ca i Legionu Maryi.<\/p>\n<p>2) + Ann\u0119 SUCHECK\u0104 (3 r. \u015bm.)<\/td>\n<\/tr>\n<tr>\n<td width=\"53\"><strong>18.00<\/strong><\/td>\n<td width=\"646\">+ Krystyn\u0119 DOBRODZIEJ (11 r. \u015bm.)<\/td>\n<\/tr>\n<tr>\n<td colspan=\"2\" width=\"699\"><strong>\u00a0<\/strong><\/td>\n<\/tr>\n<tr>\n<td colspan=\"2\" width=\"699\">\n<p style=\"text-align: center;\"><strong>SOBOTA (2 pa\u017adziernika)<\/strong><\/p>\n<p style=\"text-align: center;\"><strong>\u015awi\u0119tych Anio\u0142\u00f3w Str\u00f3\u017c\u00f3w &#8211; wspomnienie<\/strong><\/p>\n<\/td>\n<\/tr>\n<tr>\n<td width=\"53\"><strong>7.00<\/strong><\/td>\n<td width=\"646\">1) + Kazimierza WO\u0179NIAKA i zm. z rodziny.<\/p>\n<p>2) + Zbigniewa BUJAK (greg. 2)<\/td>\n<\/tr>\n<tr>\n<td width=\"53\"><strong>8.00<\/strong><\/td>\n<td width=\"646\">+ Jadwig\u0119 KOSIERADZK\u0104 (greg. 2)<\/td>\n<\/tr>\n<tr>\n<td width=\"53\"><strong>18.00<\/strong><\/td>\n<td width=\"646\">+ Helen\u0119 ZIARKOWSK\u0104.<\/td>\n<\/tr>\n<\/tbody>\n<\/table>\n<\/div><\/section>\n","protected":false},"excerpt":{"rendered":"","protected":false},"author":1,"featured_media":3833,"comment_status":"closed","ping_status":"open","sticky":false,"template":"","format":"standard","meta":{"ngg_post_thumbnail":0,"footnotes":""},"categories":[6],"tags":[],"class_list":["post-3853","post","type-post","status-publish","format-standard","has-post-thumbnail","hentry","category-intencje-mszalne"],"_links":{"self":[{"href":"https:\/\/mbloretanska.pl\/index.php?rest_route=\/wp\/v2\/posts\/3853","targetHints":{"allow":["GET"]}}],"collection":[{"href":"https:\/\/mbloretanska.pl\/index.php?rest_route=\/wp\/v2\/posts"}],"about":[{"href":"https:\/\/mbloretanska.pl\/index.php?rest_route=\/wp\/v2\/types\/post"}],"author":[{"embeddable":true,"href":"https:\/\/mbloretanska.pl\/index.php?rest_route=\/wp\/v2\/users\/1"}],"replies":[{"embeddable":true,"href":"https:\/\/mbloretanska.pl\/index.php?rest_route=%2Fwp%2Fv2%2Fcomments&post=3853"}],"version-history":[{"count":1,"href":"https:\/\/mbloretanska.pl\/index.php?rest_route=\/wp\/v2\/posts\/3853\/revisions"}],"predecessor-version":[{"id":3854,"href":"https:\/\/mbloretanska.pl\/index.php?rest_route=\/wp\/v2\/posts\/3853\/revisions\/3854"}],"wp:featuredmedia":[{"embeddable":true,"href":"https:\/\/mbloretanska.pl\/index.php?rest_route=\/wp\/v2\/media\/3833"}],"wp:attachment":[{"href":"https:\/\/mbloretanska.pl\/index.php?rest_route=%2Fwp%2Fv2%2Fmedia&parent=3853"}],"wp:term":[{"taxonomy":"category","embeddable":true,"href":"https:\/\/mbloretanska.pl\/index.php?rest_route=%2Fwp%2Fv2%2Fcategories&post=3853"},{"taxonomy":"post_tag","embeddable":true,"href":"https:\/\/mbloretanska.pl\/index.php?rest_route=%2Fwp%2Fv2%2Ftags&post=3853"}],"curies":[{"name":"wp","href":"https:\/\/api.w.org\/{rel}","templated":true}]}}