{"id":3793,"date":"2021-07-24T22:18:37","date_gmt":"2021-07-24T20:18:37","guid":{"rendered":"http:\/\/mbloretanska.pl\/?p=3793"},"modified":"2021-07-24T22:18:38","modified_gmt":"2021-07-24T20:18:38","slug":"intencje-mszalne-25-31-07-2021","status":"publish","type":"post","link":"https:\/\/mbloretanska.pl\/?p=3793","title":{"rendered":"intencje mszalne 25-31.07.2021"},"content":{"rendered":"<section  class='av_textblock_section av-kri7rkxh-7491b40e47b4313a4b82a4bdbce00259 '   itemscope=\"itemscope\" itemtype=\"https:\/\/schema.org\/BlogPosting\" itemprop=\"blogPost\" ><div class='avia_textblock'  itemprop=\"text\" ><table>\n<tbody>\n<tr>\n<td class=\"s2\" colspan=\"2\">\n<div>\n<p class=\"s3\">\n<\/div>\n<\/td>\n<\/tr>\n<tr>\n<td colspan=\"2\">\n<div>\n<p class=\"s5\" style=\"text-align: center;\"><span class=\"s4\">XV<\/span><span class=\"s4\">I<\/span><span class=\"s4\">I<\/span> <span class=\"s4\">NIEDZIELA<\/span> <span class=\"s4\">ZWYK\u0141A<\/span><\/p>\n<p class=\"s5\" style=\"text-align: center;\"><span class=\"s4\">25<\/span><span class=\"s4\"> lipca<\/span> <span class=\"s4\">2021<\/span><span class=\"s4\"> r.<\/span><\/p>\n<\/div>\n<\/td>\n<\/tr>\n<tr>\n<td>\n<div>\n<p class=\"s3\"><span class=\"s4\">7<\/span><span class=\"s4\">.00<\/span><\/p>\n<\/div>\n<\/td>\n<td>\n<div>\n<p class=\"s3\"><span class=\"s6\">+ Halin\u0119 LUDWICK\u0104 (<\/span><span class=\"s6\">greg<\/span><span class=\"s6\">. 25<\/span><span class=\"s6\">)<\/span><\/p>\n<\/div>\n<\/td>\n<\/tr>\n<tr>\n<td>\n<div>\n<p class=\"s3\"><span class=\"s4\">8.30<\/span><\/p>\n<\/div>\n<\/td>\n<td>\n<div>\n<p class=\"s3\"><span class=\"s6\">+ <\/span><span class=\"s6\">Stefana, Rafa\u0142a, Janusza z r. O<\/span><span class=\"s6\">CH\u00d3W, Helen\u0119, Barbar\u0119, Stefana z r. MITUR\u00d3W, Zofi\u0119 KUSYK i ks. pra\u0142. Konstantego KUSYKA<\/span><\/p>\n<\/div>\n<\/td>\n<\/tr>\n<tr>\n<td>\n<div>\n<p class=\"s3\"><span class=\"s4\">10.00<\/span><\/p>\n<\/div>\n<\/td>\n<td>\n<div>\n<p class=\"s3\"><span class=\"s6\">+ Stanis\u0142awa TOPCZEWSKIEGO, Ann\u0119 i Stefana RATY\u0143SKICH<\/span><\/p>\n<\/div>\n<\/td>\n<\/tr>\n<tr>\n<td>\n<div>\n<p class=\"s3\"><span class=\"s4\">11.00<\/span><\/p>\n<\/div>\n<\/td>\n<td>\n<div>\n<p class=\"s3\"><span class=\"s6\">Dz.-b\u0142ag. w 10 r. zawarcia sakramentu ma\u0142\u017ce\u0144stwa Anety i Marcina<\/span><span class=\"s6\"> z<\/span><span class=\"s6\"> pro\u015bb\u0105 o dalsze b\u0142ogos\u0142awie\u0144stwo dla nich i ich dzieci: Franciszka, Joanny i Felicji<\/span><\/p>\n<\/div>\n<\/td>\n<\/tr>\n<tr>\n<td class=\"s7\">\n<div>\n<p class=\"s3\"><span class=\"s4\">12.30<\/span><\/p>\n<\/div>\n<\/td>\n<td class=\"s7\">\n<div>\n<div class=\"s9\"><span class=\"s8\">\u2022 <\/span><span class=\"s6\">O b\u0142ogos\u0142awie\u0144stwo Bo\u017ce<\/span><span class=\"s6\"> i opiek\u0119 MB Loreta\u0144skiej dla wszystkich, kt\u00f3rzy z \u017cyczliwo\u015bci\u0105 wspieraj\u0105 dzia\u0142ania s\u0142u\u017c\u0105ce rewitalizacji naszego ko\u015bcio\u0142a i parafii<\/span><\/div>\n<p class=\"s3\"><span class=\"s6\">+ <\/span><span class=\"s6\">Dariusza KOZ\u0141OWSKIEGO w 30 dni po pogrzebie<\/span><\/p>\n<p class=\"s3\"><span class=\"s6\">+ <\/span><span class=\"s6\">Teres\u0119 KWIATKOWSK\u0104 w 30 dni po pogrzebie<\/span><\/p>\n<p class=\"s3\"><span class=\"s6\">+ <\/span><span class=\"s6\">Alfred\u0119 CHILIMONIUK<\/span><span class=\"s6\"> w 30 dni po \u015bmierci<\/span><\/p>\n<p class=\"s3\"><span class=\"s6\">+ Stanis\u0142awa PAWELEC w 30 dni po \u015bmierci<\/span><\/p>\n<p class=\"s3\"><span class=\"s6\">+Wojciecha KOWALSKIEGO w 30 dni po pogrzebie<\/span><\/p>\n<p class=\"s3\"><span class=\"s6\">+ <\/span><span class=\"s6\">Tomasza KUPISI\u0143SKIEGO w 30 dni po \u015bmierci<\/span><\/p>\n<p class=\"s3\"><span class=\"s6\">+ Jerzego JAK\u00d3BIAKA w 30 dni po \u015bmierci<\/span><\/p>\n<p class=\"s3\">\n<p class=\"s3\"><span class=\"s6\">chrzest:<\/span><span class=\"s6\"> Syriusz Marcel<\/span><span class=\"s6\"> JUSI\u0143SKI<\/span><\/p>\n<\/div>\n<\/td>\n<\/tr>\n<tr>\n<td>\n<div>\n<p class=\"s3\"><span class=\"s4\">18.00<\/span><\/p>\n<\/div>\n<\/td>\n<td>\n<div>\n<p class=\"s3\"><span class=\"s6\">+ Janusza w 15 r. <\/span><span class=\"s6\">\u015bm<\/span><span class=\"s6\">., Genowef\u0119, Wiktora, Paw\u0142a JASI\u0143SKICH, Aniel\u0119, Jana, Stanis\u0142aw\u0119, Piotra, Tomasza ZIELI\u0143SKICH<\/span><\/p>\n<\/div>\n<\/td>\n<\/tr>\n<tr>\n<td class=\"s2\" colspan=\"2\">\n<div>\n<p class=\"s5\">\n<\/div>\n<\/td>\n<\/tr>\n<tr>\n<td class=\"s10\" colspan=\"2\">\n<div>\n<p class=\"s5\" style=\"text-align: center;\"><span class=\"s4\">PONIEDZIA\u0141EK<\/span><span class=\"s4\"> \u00a0 <\/span><\/p>\n<p class=\"s5\" style=\"text-align: center;\"><span class=\"s4\">26<\/span><span class=\"s4\"> lipca<\/span><span class=\"s4\"> 2021<\/span><span class=\"s4\"> r.<\/span><\/p>\n<p class=\"s5\" style=\"text-align: center;\"><span class=\"s4\">wspomnienie \u015bw. Joachima i Anny, rodzic\u00f3w NMP<\/span><\/p>\n<\/div>\n<\/td>\n<\/tr>\n<tr>\n<td>\n<div>\n<p class=\"s3\"><span class=\"s4\">7.00<\/span><\/p>\n<\/div>\n<\/td>\n<td>\n<div>\n<p class=\"s3\"><span class=\"s6\">+ Ann\u0119 SUCHECK\u0104 (z racji imienin)<\/span><\/p>\n<\/div>\n<\/td>\n<\/tr>\n<tr>\n<td>\n<div>\n<p class=\"s3\"><span class=\"s4\">8.00<\/span><\/p>\n<\/div>\n<\/td>\n<td>\n<div>\n<p class=\"s3\"><span class=\"s6\">+ Halin\u0119 LUDWICK\u0104 (<\/span><span class=\"s6\">greg<\/span><span class=\"s6\">. 26)<\/span><\/p>\n<\/div>\n<\/td>\n<\/tr>\n<tr>\n<td>\n<div>\n<p class=\"s3\"><span class=\"s4\">18<\/span><span class=\"s4\">.00<\/span><\/p>\n<\/div>\n<\/td>\n<td>\n<div>\n<p class=\"s3\"><span class=\"s6\">Dz. \u2013 b\u0142ag. o zdrowie, Bo\u017ce b\u0142ogos\u0142awie\u0144stwo, opiek\u0119 MB na ka\u017cdy<\/span><span class=\"s6\"> dzie\u0144<\/span><span class=\"s6\"> z okazji imienin dla Miros\u0142awy SUCHOCKIEJ<\/span><\/p>\n<\/div>\n<\/td>\n<\/tr>\n<tr>\n<td class=\"s2\" colspan=\"2\">\n<div>\n<p class=\"s3\">\n<\/div>\n<\/td>\n<\/tr>\n<tr>\n<td colspan=\"2\">\n<div>\n<p class=\"s5\" style=\"text-align: center;\"><span class=\"s4\">WTOREK<\/span><span class=\"s4\"> \u00a0 <\/span><\/p>\n<p class=\"s5\" style=\"text-align: center;\"><span class=\"s4\">27 <\/span><span class=\"s4\">lipca<\/span><span class=\"s4\"> 2021<\/span><span class=\"s4\"> r.<\/span><\/p>\n<\/div>\n<\/td>\n<\/tr>\n<tr>\n<td>\n<div>\n<p class=\"s5\"><span class=\"s4\">7.00<\/span><\/p>\n<\/div>\n<\/td>\n<td>\n<div>\n<p class=\"s3\"><span class=\"s6\">+ Halin\u0119 LUDWICK\u0104 (<\/span><span class=\"s6\">greg<\/span><span class=\"s6\">. 27<\/span><span class=\"s6\">)<\/span><\/p>\n<\/div>\n<\/td>\n<\/tr>\n<tr>\n<td>\n<div>\n<p class=\"s5\"><span class=\"s4\">8.00<\/span><\/p>\n<\/div>\n<\/td>\n<td>\n<div>\n<p class=\"s3\">\n<\/div>\n<\/td>\n<\/tr>\n<tr>\n<td>\n<div>\n<p class=\"s5\"><span class=\"s4\">18.00<\/span><\/p>\n<\/div>\n<\/td>\n<td>\n<div>\n<p class=\"s3\"><span class=\"s6\">+ <\/span><span class=\"s6\">Ann\u0119 STASZKIEWICZ, c. r. STASZKIEWICZ\u00d3W, R\u0118PALSKICH i MIE\u0106K\u00d3W<\/span><\/p>\n<\/div>\n<\/td>\n<\/tr>\n<tr>\n<td class=\"s11\" colspan=\"2\">\n<div>\n<p class=\"s3\">\n<\/div>\n<\/td>\n<\/tr>\n<tr>\n<td colspan=\"2\">\n<div>\n<p class=\"s5\" style=\"text-align: center;\"><span class=\"s4\">\u015aRODA<\/span><\/p>\n<p class=\"s5\" style=\"text-align: center;\"><span class=\"s4\">2<\/span><span class=\"s4\">8<\/span><span class=\"s4\"> lipca<\/span><span class=\"s4\"> 202<\/span><span class=\"s4\">1<\/span><span class=\"s4\"> r.<\/span><\/p>\n<\/div>\n<\/td>\n<\/tr>\n<tr>\n<td>\n<div>\n<p class=\"s5\"><span class=\"s4\">7<\/span><span class=\"s4\">.00<\/span><\/p>\n<\/div>\n<\/td>\n<td>\n<div>\n<p class=\"s3\"><span class=\"s6\">O b\u0142ogos\u0142awie\u0144stwo Bo\u017ce, zdrowie i potrzebne \u0142aski dla Janiny<\/span><\/p>\n<\/div>\n<\/td>\n<\/tr>\n<tr>\n<td>\n<div>\n<p class=\"s5\"><span class=\"s4\">8.0<\/span><span class=\"s4\">0<\/span><\/p>\n<\/div>\n<\/td>\n<td>\n<div>\n<p class=\"s3\"><span class=\"s6\">+ Halin\u0119 LUDWICK\u0104 (<\/span><span class=\"s6\">greg<\/span><span class=\"s6\">. 28<\/span><span class=\"s6\">)<\/span><\/p>\n<\/div>\n<\/td>\n<\/tr>\n<tr>\n<td>\n<div>\n<p class=\"s5\"><span class=\"s4\">1<\/span><span class=\"s4\">8.00<\/span><\/p>\n<\/div>\n<\/td>\n<td>\n<div>\n<p class=\"s3\"><span class=\"s6\">+ <\/span><span class=\"s6\">Andrzeja C<\/span><span class=\"s6\">HOJECKIEGO w 30 dzie\u0144 po \u015bmierci<\/span><\/p>\n<\/div>\n<\/td>\n<\/tr>\n<tr>\n<td class=\"s2\" colspan=\"2\">\n<div>\n<p class=\"s5\">\n<\/div>\n<\/td>\n<\/tr>\n<tr>\n<td colspan=\"2\">\n<div>\n<p class=\"s5\" style=\"text-align: center;\"><span class=\"s4\">CZWARTE<\/span><span class=\"s4\">K \u00a0<\/span><\/p>\n<p class=\"s5\" style=\"text-align: center;\"><span class=\"s4\">2<\/span><span class=\"s4\">9<\/span><span class=\"s4\"> lipca<\/span><span class=\"s4\"> 2021<\/span><span class=\"s4\"> r.<\/span><\/p>\n<p class=\"s5\" style=\"text-align: center;\"><span class=\"s4\">wspomnienie<\/span><span class=\"s4\"> \u015bw.<\/span><span class=\"s4\"> Marty,<\/span> <span class=\"s4\">Marii<\/span><span class=\"s4\"> i \u0141azarza<\/span><span class=\"s4\"> \u00a0 \u00a0 \u00a0 \u00a0 \u00a0 \u00a0 \u00a0 \u00a0 \u00a0 <\/span><\/p>\n<\/div>\n<\/td>\n<\/tr>\n<tr>\n<td>\n<div>\n<p class=\"s5\"><span class=\"s4\">7.00<\/span><\/p>\n<\/div>\n<\/td>\n<td>\n<div>\n<p class=\"s3\"><span class=\"s6\">1.) + Marcelego KOWALSKIEGO<\/span><\/p>\n<p class=\"s3\"><span class=\"s6\">2.) + Halin\u0119 LUDWICK\u0104 (<\/span><span class=\"s6\">greg<\/span><span class=\"s6\">. 29)<\/span><\/p>\n<\/div>\n<\/td>\n<\/tr>\n<tr>\n<td>\n<div>\n<p class=\"s5\"><span class=\"s4\">8.00<\/span><\/p>\n<\/div>\n<\/td>\n<td>\n<div>\n<p class=\"s3\"><span class=\"s6\">+ <\/span><span class=\"s6\">Jana KOWALKOWSKIEGO, Mariann\u0119 i Franciszka MIELNICKICH<\/span><\/p>\n<\/div>\n<\/td>\n<\/tr>\n<tr>\n<td>\n<div>\n<p class=\"s5\"><span class=\"s4\">18.00<\/span><\/p>\n<\/div>\n<\/td>\n<td>\n<div>\n<p class=\"s3\"><span class=\"s6\">+ <\/span><span class=\"s6\">Jerzego NINDERSKIEGO<\/span><\/p>\n<\/div>\n<\/td>\n<\/tr>\n<tr>\n<td class=\"s2\" colspan=\"2\">\n<div>\n<p class=\"s5\">\n<\/div>\n<\/td>\n<\/tr>\n<tr>\n<td colspan=\"2\">\n<div>\n<p class=\"s5\"><span class=\"s4\">PI\u0104TEK \u00a0 <\/span><\/p>\n<p class=\"s5\"><span class=\"s4\">3<\/span><span class=\"s4\">0<\/span><span class=\"s4\"> lipca<\/span><span class=\"s4\"> 2021<\/span><span class=\"s4\"> r.<\/span><\/p>\n<\/div>\n<\/td>\n<\/tr>\n<tr>\n<td>\n<div>\n<p class=\"s5\"><span class=\"s4\">7.00<\/span><\/p>\n<\/div>\n<\/td>\n<td>\n<div>\n<p class=\"s3\"><span class=\"s6\">+ <\/span><span class=\"s6\">Antoniego KRAI\u0143SKIEGO<\/span><\/p>\n<\/div>\n<\/td>\n<\/tr>\n<tr>\n<td>\n<div>\n<p class=\"s5\"><span class=\"s4\">8.00<\/span><\/p>\n<\/div>\n<\/td>\n<td>\n<div>\n<p class=\"s3\"><span class=\"s6\">+ Halin\u0119 LUDWICK\u0104 (<\/span><span class=\"s6\">greg<\/span><span class=\"s6\">. <\/span><span class=\"s6\">3<\/span><span class=\"s6\">0<\/span><span class=\"s6\">)<\/span><\/p>\n<\/div>\n<\/td>\n<\/tr>\n<tr>\n<td>\n<div>\n<p class=\"s5\"><span class=\"s4\">18.00<\/span><\/p>\n<\/div>\n<\/td>\n<td>\n<div>\n<p class=\"s3\"><a name=\"_GoBack\"><\/a><span class=\"s6\">+ <\/span><span class=\"s6\">Danut\u0119 WOWK<\/span><span class=\"s6\"> w <\/span><span class=\"s6\">7<\/span><span class=\"s6\"> r. <\/span><span class=\"s6\">\u015bm<\/span><span class=\"s6\">.<\/span><\/p>\n<\/div>\n<\/td>\n<\/tr>\n<tr>\n<td class=\"s2\" colspan=\"2\">\n<div>\n<p class=\"s5\">\n<\/div>\n<\/td>\n<\/tr>\n<tr>\n<td colspan=\"2\">\n<div>\n<p class=\"s5\" style=\"text-align: center;\"><span class=\"s4\">SOBOTA \u00a0 <\/span><\/p>\n<p class=\"s5\" style=\"text-align: center;\"><span class=\"s4\">31<\/span><span class=\"s4\"> lipca<\/span><span class=\"s4\"> 2021<\/span><span class=\"s4\"> r.<\/span><\/p>\n<p class=\"s5\" style=\"text-align: center;\"><span class=\"s4\">wspomnienie \u015bw. <\/span><span class=\"s4\">Ignacego, kap\u0142ana<\/span><\/p>\n<\/div>\n<\/td>\n<\/tr>\n<tr>\n<td>\n<div>\n<p class=\"s3\"><span class=\"s4\">7.00<\/span><\/p>\n<\/div>\n<\/td>\n<td>\n<div>\n<p class=\"s3\"><span class=\"s6\">Dzi\u0119kczynna za<\/span><span class=\"s6\"> Bo\u017ce b\u0142ogos\u0142awie\u0144stwo<\/span><span class=\"s6\">, opiek\u0119 i dobr\u0105 prac\u0119<\/span><\/p>\n<\/div>\n<\/td>\n<\/tr>\n<tr>\n<td>\n<div>\n<p class=\"s3\"><span class=\"s4\">8.00<\/span><\/p>\n<\/div>\n<\/td>\n<td>\n<div>\n<p class=\"s3\"><span class=\"s6\">+ Halin\u0119 <\/span><span class=\"s6\">GRYNAGIEL w 9 r. <\/span><span class=\"s6\">\u015bm<\/span><span class=\"s6\">.<\/span><\/p>\n<\/div>\n<\/td>\n<\/tr>\n<tr>\n<td>\n<div>\n<p class=\"s3\"><span class=\"s4\">16.00<\/span><\/p>\n<\/div>\n<\/td>\n<td>\n<div>\n<p class=\"s3\"><span class=\"s6\">\u015blub: Dominik MATYSZEWSKI \u2013 Aneta KOSTECKA<\/span><\/p>\n<\/div>\n<\/td>\n<\/tr>\n<tr>\n<td>\n<div>\n<p class=\"s3\"><span class=\"s4\">18.0<\/span><span class=\"s4\">0<\/span><\/p>\n<\/div>\n<\/td>\n<td>\n<div>\n<p class=\"s3\"><span class=\"s6\">+ <\/span><span class=\"s6\">Ignacego PUTKOWSKIEGO w 8<\/span><span class=\"s6\"> r. <\/span><span class=\"s6\">\u015bm<\/span><span class=\"s6\">.<\/span><\/p>\n<\/div>\n<\/td>\n<\/tr>\n<\/tbody>\n<\/table>\n<\/div><\/section>\n","protected":false},"excerpt":{"rendered":"","protected":false},"author":1,"featured_media":1242,"comment_status":"closed","ping_status":"open","sticky":false,"template":"","format":"standard","meta":{"ngg_post_thumbnail":0,"footnotes":""},"categories":[6],"tags":[],"class_list":["post-3793","post","type-post","status-publish","format-standard","has-post-thumbnail","hentry","category-intencje-mszalne"],"_links":{"self":[{"href":"https:\/\/mbloretanska.pl\/index.php?rest_route=\/wp\/v2\/posts\/3793","targetHints":{"allow":["GET"]}}],"collection":[{"href":"https:\/\/mbloretanska.pl\/index.php?rest_route=\/wp\/v2\/posts"}],"about":[{"href":"https:\/\/mbloretanska.pl\/index.php?rest_route=\/wp\/v2\/types\/post"}],"author":[{"embeddable":true,"href":"https:\/\/mbloretanska.pl\/index.php?rest_route=\/wp\/v2\/users\/1"}],"replies":[{"embeddable":true,"href":"https:\/\/mbloretanska.pl\/index.php?rest_route=%2Fwp%2Fv2%2Fcomments&post=3793"}],"version-history":[{"count":1,"href":"https:\/\/mbloretanska.pl\/index.php?rest_route=\/wp\/v2\/posts\/3793\/revisions"}],"predecessor-version":[{"id":3794,"href":"https:\/\/mbloretanska.pl\/index.php?rest_route=\/wp\/v2\/posts\/3793\/revisions\/3794"}],"wp:featuredmedia":[{"embeddable":true,"href":"https:\/\/mbloretanska.pl\/index.php?rest_route=\/wp\/v2\/media\/1242"}],"wp:attachment":[{"href":"https:\/\/mbloretanska.pl\/index.php?rest_route=%2Fwp%2Fv2%2Fmedia&parent=3793"}],"wp:term":[{"taxonomy":"category","embeddable":true,"href":"https:\/\/mbloretanska.pl\/index.php?rest_route=%2Fwp%2Fv2%2Fcategories&post=3793"},{"taxonomy":"post_tag","embeddable":true,"href":"https:\/\/mbloretanska.pl\/index.php?rest_route=%2Fwp%2Fv2%2Ftags&post=3793"}],"curies":[{"name":"wp","href":"https:\/\/api.w.org\/{rel}","templated":true}]}}