{"id":3790,"date":"2021-07-18T15:17:37","date_gmt":"2021-07-18T13:17:37","guid":{"rendered":"https:\/\/mbloretanska.pl\/?p=3790"},"modified":"2021-07-18T15:17:38","modified_gmt":"2021-07-18T13:17:38","slug":"intencje-mszalne-18-24-07-2021","status":"publish","type":"post","link":"https:\/\/mbloretanska.pl\/?p=3790","title":{"rendered":"intencje mszalne 18-24.07.2021"},"content":{"rendered":"<section  class='av_textblock_section av-kr9834nd-302c5f577fccdb419761c3b0c1461605 '   itemscope=\"itemscope\" itemtype=\"https:\/\/schema.org\/BlogPosting\" itemprop=\"blogPost\" ><div class='avia_textblock'  itemprop=\"text\" ><table width=\"699\">\n<tbody>\n<tr>\n<td colspan=\"2\" width=\"699\"><strong>\u00a0<\/strong><\/td>\n<\/tr>\n<tr>\n<td colspan=\"2\" width=\"699\">\n<p style=\"text-align: center;\"><strong>XVI NIEDZIELA ZWYK\u0141A<\/strong><\/p>\n<p style=\"text-align: center;\"><strong>18 lipca 2021 r.<\/strong><\/p>\n<\/td>\n<\/tr>\n<tr>\n<td width=\"53\"><strong>7.00<\/strong><\/td>\n<td width=\"646\">+ Halin\u0119 LUDWICK\u0104 (greg. 18)<\/td>\n<\/tr>\n<tr>\n<td width=\"53\"><strong>8.30<\/strong><\/td>\n<td width=\"646\">+ o spok\u00f3j duszy \u015bp. Jana \u0141aszczy\u0144skiego<\/td>\n<\/tr>\n<tr>\n<td width=\"53\"><strong>10.00<\/strong><\/td>\n<td width=\"646\">Dz.-b\u0142ag. w 20. r. \u015blubu Urszuli i Janusza NOWACKICH<\/td>\n<\/tr>\n<tr>\n<td width=\"53\"><strong>11.00<\/strong><\/td>\n<td width=\"646\">+ O \u0142ask\u0119 zbawienia w 2 r. \u015bm. \u015bp. Janiny RYBAK i zmar\u0142ych: Czes\u0142awa, Henryka, Jana i Franciszki RYBAK\u00d3W<\/td>\n<\/tr>\n<tr>\n<td width=\"53\"><strong>12.30<\/strong><\/td>\n<td width=\"646\">\u00b7\u00a0\u00a0\u00a0\u00a0\u00a0\u00a0\u00a0 O b\u0142ogos\u0142awie\u0144stwo Bo\u017ce i opiek\u0119 MB Loreta\u0144skiej dla wszystkich, kt\u00f3rzy z \u017cyczliwo\u015bci\u0105 wspieraj\u0105 dzia\u0142ania s\u0142u\u017c\u0105ce rewitalizacji naszego ko\u015bcio\u0142a i parafii<\/p>\n<p>+ Zofi\u0119 JOP w 30 dni po \u015bmierci<\/p>\n<p>+ Zofi\u0119 KOSZEWSK\u0104 w 30 dni po \u015bmierci<\/p>\n<p>+ Zbigniewa KIESZKA w 30 dni po \u015bmierci<\/p>\n<p>+ Antoniego i Ryszarda GRZEGORZEWSKICH (dobroczy\u0144c\u00f3w ko\u015bcio\u0142a)<\/p>\n<p>chrzest: Aleksander NOWAK<\/td>\n<\/tr>\n<tr>\n<td width=\"53\"><strong>18.00<\/strong><\/td>\n<td width=\"646\">Dz.- b\u0142ag. w 10 r. \u015blubu Agnieszki i Paw\u0142a w podzi\u0119kowaniu za otrzymane \u0142aski i z pro\u015bb\u0105 o Bo\u017ce b\u0142ogos\u0142awie\u0144stwo i opiek\u0119 MB Loreta\u0144skiej dla jubilat\u00f3w i ich dzieci na dalsze lata \u017cycia<\/td>\n<\/tr>\n<tr>\n<td colspan=\"2\" width=\"699\"><strong>\u00a0<\/strong><\/td>\n<\/tr>\n<tr>\n<td colspan=\"2\" width=\"699\">\n<p style=\"text-align: center;\"><strong>PONIEDZIA\u0141EK\u00a0\u00a0 <\/strong><\/p>\n<p style=\"text-align: center;\"><strong>19 lipca 2021 r.<\/strong><\/p>\n<\/td>\n<\/tr>\n<tr>\n<td width=\"53\"><strong>7.00<\/strong><\/td>\n<td width=\"646\">1.) + Halin\u0119 LUDWICK\u0104 (greg. 19)<\/p>\n<p>2.) + Piotra PAW\u0141OWSKIEGO<\/td>\n<\/tr>\n<tr>\n<td width=\"53\"><strong>8.00<\/strong><\/td>\n<td width=\"646\">Dz. \u2013 b\u0142ag. o zdrowie, Bo\u017ce b\u0142ogos\u0142awie\u0144stwo, opiek\u0119 MB na ka\u017cdy dzie\u0144 dla Czes\u0142awy SUCHODOLSKIEJ z okazji imienin<\/td>\n<\/tr>\n<tr>\n<td width=\"53\"><strong>18.00<\/strong><\/td>\n<td width=\"646\">Intencja dzi\u0119kczynna z pro\u015bb\u0105 o b\u0142ogos\u0142awie\u0144stwo Bo\u017ce i potrzebne \u0142aski oraz opiek\u0119 MB Loreta\u0144skiej dla Henia w 7 r. urodzin, dla ma\u0142\u017ce\u0144stw Agaty i Mariusza oraz za rodzic\u00f3w + Krystyn\u0119 i Henryk\u0119 KLOCH<\/td>\n<\/tr>\n<tr>\n<td colspan=\"2\" width=\"699\"><\/td>\n<\/tr>\n<tr>\n<td colspan=\"2\" width=\"699\">\n<p style=\"text-align: center;\"><strong>WTOREK\u00a0\u00a0 <\/strong><\/p>\n<p style=\"text-align: center;\"><strong>20 lipca 2021 r.<\/strong><\/p>\n<\/td>\n<\/tr>\n<tr>\n<td width=\"53\"><strong>7.00<\/strong><\/td>\n<td width=\"646\">+ Halin\u0119 LUDWICK\u0104 (greg. 20)<\/td>\n<\/tr>\n<tr>\n<td width=\"53\"><strong>8.00<\/strong><\/td>\n<td width=\"646\">1.) + Anastazego\u00a0 KAMI\u0143SKIEGO w 21 r. \u015bm., Halin\u0119, Janusza i Jolant\u0119 KAMI\u0143SKICH<\/p>\n<p>2.) + Gabriel\u0119 SKUBISZY\u0143SK\u0104<\/td>\n<\/tr>\n<tr>\n<td width=\"53\"><strong>18.00<\/strong><\/td>\n<td width=\"646\">+ Czes\u0142awa RACZKOWSKIEGO (intencja imieninowa)<\/td>\n<\/tr>\n<tr>\n<td colspan=\"2\" width=\"699\"><\/td>\n<\/tr>\n<tr>\n<td colspan=\"2\" width=\"699\">\n<p style=\"text-align: center;\"><strong>\u015aRODA \u00a0<\/strong><\/p>\n<p style=\"text-align: center;\"><strong>21 lipca 2021 r.<\/strong><\/p>\n<\/td>\n<\/tr>\n<tr>\n<td width=\"53\"><strong>7.00<\/strong><\/td>\n<td width=\"646\">Dzi\u0119kczynna za otrzymane \u0142aski z pro\u015bb\u0105 o dalsze Bo\u017ce b\u0142ogos\u0142awie\u0144stwo dla Stanis\u0142awa i Bo\u017ceny ULJANOWSKICH<\/td>\n<\/tr>\n<tr>\n<td width=\"53\"><strong>8.00<\/strong><\/td>\n<td width=\"646\">+ Halin\u0119 LUDWICK\u0104 (greg. 21)<\/td>\n<\/tr>\n<tr>\n<td width=\"53\"><strong>18.00<\/strong><\/td>\n<td width=\"646\">+ Tadeusza \u2013 Andrzeja CIECIERSKIEGO, Bogumi\u0142\u0119 LISIECK\u0104 i Jana WASILEWSKIEGO<\/p>\n<p>+ s. Stanis\u0142aw\u0119 Kotarsk\u0105, Halin\u0119 SKOPCZY\u0143SK\u0104, Stanis\u0142aw\u0119 CICHORSK\u0104 oraz za dusze w czy\u015b\u0107cu cierpi\u0105ce<\/td>\n<\/tr>\n<tr>\n<td colspan=\"2\" width=\"699\"><strong>\u00a0<\/strong><\/td>\n<\/tr>\n<tr>\n<td colspan=\"2\" width=\"699\">\n<p style=\"text-align: center;\"><strong>CZWARTEK\u00a0 <\/strong><\/p>\n<p style=\"text-align: center;\"><strong>22 lipca 2021 r.<\/strong><\/p>\n<p style=\"text-align: center;\"><strong>\u015bwi\u0119to \u015bw. Marii Magdaleny\u00a0\u00a0\u00a0\u00a0\u00a0\u00a0\u00a0\u00a0\u00a0\u00a0\u00a0\u00a0\u00a0\u00a0\u00a0\u00a0\u00a0\u00a0 <\/strong><\/p>\n<\/td>\n<\/tr>\n<tr>\n<td width=\"53\"><strong>7.00<\/strong><\/td>\n<td width=\"646\">Dzi\u0119kczynna za otrzymane \u0142aski z pro\u015bb\u0105 o si\u0142y do dalszej pracy dla Jerzego i Magdaleny oraz dla ca\u0142ej rodziny<\/td>\n<\/tr>\n<tr>\n<td width=\"53\"><strong>8.00<\/strong><\/td>\n<td width=\"646\">+ Halin\u0119 LUDWICK\u0104 (greg. 22)<\/td>\n<\/tr>\n<tr>\n<td width=\"53\"><strong>18.00<\/strong><\/td>\n<td width=\"646\">+ Mariana SZYMA\u0143SKIEGO w 17 r. \u015bm. i jego rodzin\u0119, Halin\u0119 PIETRASIK oraz Andrzeja SZYMA\u0143SKIEGO<\/td>\n<\/tr>\n<tr>\n<td colspan=\"2\" width=\"699\"><strong>\u00a0<\/strong><\/td>\n<\/tr>\n<tr>\n<td colspan=\"2\" width=\"699\">\n<p style=\"text-align: center;\"><strong>PI\u0104TEK\u00a0\u00a0 <\/strong><\/p>\n<p style=\"text-align: center;\"><strong>23 lipca 2021 r.<\/strong><\/p>\n<p style=\"text-align: center;\"><strong>\u015bwi\u0119to \u015bw. Brygidy, zakonnicy, patronki Europy<\/strong><\/p>\n<\/td>\n<\/tr>\n<tr>\n<td width=\"53\"><strong>7.00<\/strong><\/td>\n<td width=\"646\">+ Waldemara BEIM\u00a0 w 4 r. \u015bm.<\/td>\n<\/tr>\n<tr>\n<td width=\"53\"><strong>8.00<\/strong><\/td>\n<td width=\"646\">+ Halin\u0119 LUDWICK\u0104 (greg. 23)<\/td>\n<\/tr>\n<tr>\n<td width=\"53\"><strong>18.00<\/strong><\/td>\n<td width=\"646\">+ Aleksandra DE\u0141BAKOWSKIEGO w 22 r. \u015bm.<\/td>\n<\/tr>\n<tr>\n<td colspan=\"2\" width=\"699\"><strong>\u00a0<\/strong><\/td>\n<\/tr>\n<tr>\n<td colspan=\"2\" width=\"699\">\n<p style=\"text-align: center;\"><strong>SOBOTA\u00a0\u00a0 <\/strong><\/p>\n<p style=\"text-align: center;\"><strong>24 lipca 2021 r.<\/strong><\/p>\n<p style=\"text-align: center;\"><strong>wspomnienie \u015bw. Kingi, dziewicy\u00a0\u00a0\u00a0\u00a0\u00a0\u00a0\u00a0\u00a0\u00a0\u00a0\u00a0\u00a0\u00a0\u00a0\u00a0\u00a0\u00a0\u00a0\u00a0\u00a0\u00a0\u00a0\u00a0\u00a0\u00a0\u00a0\u00a0\u00a0\u00a0\u00a0\u00a0\u00a0\u00a0\u00a0\u00a0\u00a0\u00a0\u00a0\u00a0\u00a0\u00a0\u00a0\u00a0\u00a0\u00a0\u00a0\u00a0\u00a0\u00a0\u00a0\u00a0\u00a0\u00a0\u00a0\u00a0\u00a0\u00a0\u00a0\u00a0\u00a0\u00a0\u00a0\u00a0\u00a0\u00a0\u00a0\u00a0\u00a0\u00a0\u00a0\u00a0\u00a0\u00a0\u00a0\u00a0\u00a0\u00a0\u00a0\u00a0\u00a0\u00a0\u00a0\u00a0\u00a0\u00a0\u00a0\u00a0\u00a0\u00a0\u00a0\u00a0\u00a0\u00a0\u00a0\u00a0\u00a0\u00a0\u00a0\u00a0\u00a0\u00a0\u00a0\u00a0\u00a0\u00a0\u00a0\u00a0\u00a0\u00a0\u00a0\u00a0\u00a0\u00a0\u00a0\u00a0\u00a0\u00a0\u00a0\u00a0\u00a0\u00a0\u00a0\u00a0\u00a0\u00a0\u00a0\u00a0\u00a0\u00a0\u00a0\u00a0\u00a0 <\/strong><\/p>\n<\/td>\n<\/tr>\n<tr>\n<td width=\"53\"><strong>7.00<\/strong><\/td>\n<td width=\"646\">Dzi\u0119kczynna za otrzymane \u0142aski z pro\u015bb\u0105 o dalsze Bo\u017ce b\u0142ogos\u0142awie\u0144stwo dla Ani, Piotra, Ma\u0142gosi, Bartka i Mateusza<\/td>\n<\/tr>\n<tr>\n<td width=\"53\"><strong>8.00<\/strong><\/td>\n<td width=\"646\">+ Halin\u0119 LUDWICK\u0104 (greg. 24)<\/td>\n<\/tr>\n<tr>\n<td width=\"53\"><strong>18.00<\/strong><\/td>\n<td width=\"646\">+ Henryk\u0119 KLOCH w 3 r. \u015bm.<\/td>\n<\/tr>\n<\/tbody>\n<\/table>\n<\/div><\/section>\n","protected":false},"excerpt":{"rendered":"","protected":false},"author":1,"featured_media":1242,"comment_status":"closed","ping_status":"open","sticky":false,"template":"","format":"standard","meta":{"ngg_post_thumbnail":0,"footnotes":""},"categories":[6],"tags":[],"class_list":["post-3790","post","type-post","status-publish","format-standard","has-post-thumbnail","hentry","category-intencje-mszalne"],"_links":{"self":[{"href":"https:\/\/mbloretanska.pl\/index.php?rest_route=\/wp\/v2\/posts\/3790","targetHints":{"allow":["GET"]}}],"collection":[{"href":"https:\/\/mbloretanska.pl\/index.php?rest_route=\/wp\/v2\/posts"}],"about":[{"href":"https:\/\/mbloretanska.pl\/index.php?rest_route=\/wp\/v2\/types\/post"}],"author":[{"embeddable":true,"href":"https:\/\/mbloretanska.pl\/index.php?rest_route=\/wp\/v2\/users\/1"}],"replies":[{"embeddable":true,"href":"https:\/\/mbloretanska.pl\/index.php?rest_route=%2Fwp%2Fv2%2Fcomments&post=3790"}],"version-history":[{"count":1,"href":"https:\/\/mbloretanska.pl\/index.php?rest_route=\/wp\/v2\/posts\/3790\/revisions"}],"predecessor-version":[{"id":3791,"href":"https:\/\/mbloretanska.pl\/index.php?rest_route=\/wp\/v2\/posts\/3790\/revisions\/3791"}],"wp:featuredmedia":[{"embeddable":true,"href":"https:\/\/mbloretanska.pl\/index.php?rest_route=\/wp\/v2\/media\/1242"}],"wp:attachment":[{"href":"https:\/\/mbloretanska.pl\/index.php?rest_route=%2Fwp%2Fv2%2Fmedia&parent=3790"}],"wp:term":[{"taxonomy":"category","embeddable":true,"href":"https:\/\/mbloretanska.pl\/index.php?rest_route=%2Fwp%2Fv2%2Fcategories&post=3790"},{"taxonomy":"post_tag","embeddable":true,"href":"https:\/\/mbloretanska.pl\/index.php?rest_route=%2Fwp%2Fv2%2Ftags&post=3790"}],"curies":[{"name":"wp","href":"https:\/\/api.w.org\/{rel}","templated":true}]}}