{"id":3787,"date":"2021-07-16T11:09:46","date_gmt":"2021-07-16T09:09:46","guid":{"rendered":"http:\/\/mbloretanska.pl\/?p=3787"},"modified":"2021-07-16T11:09:47","modified_gmt":"2021-07-16T09:09:47","slug":"xvi-niedziela-zwykla-18-07-2021","status":"publish","type":"post","link":"https:\/\/mbloretanska.pl\/?p=3787","title":{"rendered":"XVI niedziela zwyk\u0142a 18.07.2021"},"content":{"rendered":"<section  class='av_textblock_section av-kr64cx8t-0c61332a4c4d775fc2861e0e3e498901 '   itemscope=\"itemscope\" itemtype=\"https:\/\/schema.org\/BlogPosting\" itemprop=\"blogPost\" ><div class='avia_textblock'  itemprop=\"text\" ><p>1.\u00a0\u00a0\u00a0\u00a0 Prze\u017cywaj\u0105c Rok Rodziny ka\u017cdego 19 dnia miesi\u0105ca zanosimy do Boga modlitwy w intencjach naszych rodzin. Jutro b\u0119dziemy modli\u0107 si\u0119 za wszystkie babcie, dziadk\u00f3w oraz senior\u00f3w naszej parafii.<\/p>\n<p>2.\u00a0\u00a0\u00a0\u00a0 W czwartek 22 lipca \u00a0liturgiczne \u015bwi\u0119to \u015bw. Marii Magdaleny.<\/p>\n<p>3.\u00a0\u00a0\u00a0\u00a0 W przysz\u0142\u0105 niedziel\u0119 \u00a025 lipca b\u0119dziemy po raz pierwszy obchodzi\u0107 \u015awiatowy Dzie\u0144 Dziadk\u00f3w i\u00a0Os\u00f3b Starszych.<b>\u00a0<\/b>Zosta\u0142 on ustanowiony przez papie\u017ca Franciszka na czwart\u0105 niedziel\u0119 lipca, w\u00a0blisko\u015bci wspomnienia \u015bwi\u0119tych Joachima i\u00a0Anny, dziadk\u00f3w Pana Jezusa.<\/p>\n<p class=\"gmail-MsoListParagraph\">4.\u00a0\u00a0\u00a0\u00a0 Za tydzie\u0144, tak\u017ce z racji wspomnienia \u015bw. Krzysztofa\u00a0 patrona kierowc\u00f3w, na ka\u017cdej Mszy \u015aw. b\u0119dzie specjalne b\u0142ogos\u0142awie\u0144stwo dla wszystkich uczestnik\u00f3w ruchu drogowego.<\/p>\n<p>5.\u00a0\u00a0\u00a0\u00a0 W czasie wakacji do kancelarii parafialnej zapraszamy po po\u0142udniu i wieczorem. W nag\u0142ych i pilnych sprawach ksi\u0105dz jest tak\u017ce dost\u0119pny w zakrystii po zako\u0144czeniu porannej Mszy.<\/p>\n<p>6.\u00a0\u00a0\u00a0\u00a0 Otrzymali\u015bmy w darze cztery drewniane donice na kwiaty. Dzi\u0119kujemy za ten nietypowy prezent. Gdyby w\u015br\u00f3d parafian by\u0142y osoby, kt\u00f3re chcia\u0142yby realizowa\u0107 swoje pasje ogrodnicze, a w mieszkaniu czy na balkonie nie maj\u0105 miejsca ch\u0119tnie udost\u0119pnimy donice przy naszym ko\u015bciele. Osoby zainteresowane prosimy o kontakt z ksi\u0119dzem proboszczem.<\/p>\n<p class=\"gmail-MsoListParagraphCxSpFirst\">7.\u00a0\u00a0\u00a0\u00a0 Na stoliku prasowym znajdziemy nowy numer tygodnika<i> Idziemy <\/i>oraz gazetki parafialnej <i>We\u017a Ewangeli\u0119 do domu.<\/i><\/p>\n<p class=\"gmail-MsoListParagraphCxSpMiddle\">8.\u00a0\u00a0\u00a0\u00a0 Wszystkim rozpoczynaj\u0105cym urlopy \u017cyczymy udanego odpoczynku. Solenizantom i jubilatom tego tygodnia \u017cyczymy Bo\u017cego b\u0142ogos\u0142awie\u0144stwa oraz opieki \u015bwi\u0119tych patron\u00f3w.<i><\/i><\/p>\n<p class=\"gmail-MsoListParagraphCxSpMiddle\">9.\u00a0\u00a0\u00a0\u00a0 W tym tygodniu po\u017cegnali\u015bmy w naszej parafii \u015bw. Izabel\u0119 Dzier\u017canowsk\u0105. Pole\u0107my j\u0105 Bo\u017cemu Mi\u0142osierdziu we wsp\u00f3lnej modlitwie.<\/p>\n<\/div><\/section>\n","protected":false},"excerpt":{"rendered":"","protected":false},"author":1,"featured_media":47,"comment_status":"closed","ping_status":"open","sticky":false,"template":"","format":"standard","meta":{"ngg_post_thumbnail":0,"footnotes":""},"categories":[3],"tags":[],"class_list":["post-3787","post","type-post","status-publish","format-standard","has-post-thumbnail","hentry","category-ogloszenia-duszpasterskie"],"_links":{"self":[{"href":"https:\/\/mbloretanska.pl\/index.php?rest_route=\/wp\/v2\/posts\/3787","targetHints":{"allow":["GET"]}}],"collection":[{"href":"https:\/\/mbloretanska.pl\/index.php?rest_route=\/wp\/v2\/posts"}],"about":[{"href":"https:\/\/mbloretanska.pl\/index.php?rest_route=\/wp\/v2\/types\/post"}],"author":[{"embeddable":true,"href":"https:\/\/mbloretanska.pl\/index.php?rest_route=\/wp\/v2\/users\/1"}],"replies":[{"embeddable":true,"href":"https:\/\/mbloretanska.pl\/index.php?rest_route=%2Fwp%2Fv2%2Fcomments&post=3787"}],"version-history":[{"count":1,"href":"https:\/\/mbloretanska.pl\/index.php?rest_route=\/wp\/v2\/posts\/3787\/revisions"}],"predecessor-version":[{"id":3788,"href":"https:\/\/mbloretanska.pl\/index.php?rest_route=\/wp\/v2\/posts\/3787\/revisions\/3788"}],"wp:featuredmedia":[{"embeddable":true,"href":"https:\/\/mbloretanska.pl\/index.php?rest_route=\/wp\/v2\/media\/47"}],"wp:attachment":[{"href":"https:\/\/mbloretanska.pl\/index.php?rest_route=%2Fwp%2Fv2%2Fmedia&parent=3787"}],"wp:term":[{"taxonomy":"category","embeddable":true,"href":"https:\/\/mbloretanska.pl\/index.php?rest_route=%2Fwp%2Fv2%2Fcategories&post=3787"},{"taxonomy":"post_tag","embeddable":true,"href":"https:\/\/mbloretanska.pl\/index.php?rest_route=%2Fwp%2Fv2%2Ftags&post=3787"}],"curies":[{"name":"wp","href":"https:\/\/api.w.org\/{rel}","templated":true}]}}