{"id":3778,"date":"2021-07-04T17:33:58","date_gmt":"2021-07-04T15:33:58","guid":{"rendered":"http:\/\/mbloretanska.pl\/?p=3778"},"modified":"2021-07-04T17:35:17","modified_gmt":"2021-07-04T15:35:17","slug":"intencje-mszalne-04-10-07-2021","status":"publish","type":"post","link":"https:\/\/mbloretanska.pl\/?p=3778","title":{"rendered":"intencje mszalne 04-10.07.2021"},"content":{"rendered":"<section  class='av_textblock_section av-kqpcsulo-48dabb577f102c3cbeffeb941dd969ec '   itemscope=\"itemscope\" itemtype=\"https:\/\/schema.org\/BlogPosting\" itemprop=\"blogPost\" ><div class='avia_textblock'  itemprop=\"text\" ><table>\n<tbody>\n<tr>\n<td class=\"s2\" colspan=\"2\">\n<div>\n<p class=\"s3\">\n<\/div>\n<\/td>\n<\/tr>\n<tr>\n<td colspan=\"2\">\n<div>\n<p class=\"s5\" style=\"text-align: center;\"><span class=\"s4\">X<\/span><span class=\"s4\">I<\/span><span class=\"s4\">V<\/span> <span class=\"s4\">NIEDZIELA<\/span> <span class=\"s4\">ZWYK\u0141A<\/span><\/p>\n<p class=\"s5\" style=\"text-align: center;\"><span class=\"s4\">4 lipca<\/span> <span class=\"s4\">2021<\/span><span class=\"s4\"> r.<\/span><\/p>\n<\/div>\n<\/td>\n<\/tr>\n<tr>\n<td>\n<div>\n<p class=\"s3\"><span class=\"s4\">7<\/span><span class=\"s4\">.00<\/span><\/p>\n<\/div>\n<\/td>\n<td>\n<div>\n<p class=\"s3\"><span class=\"s6\">+ <\/span><span class=\"s6\">Iren\u0119, W\u0142adys\u0142awa OSTAS\u00d3W, Zygmunta OLJASZ, Halin\u0119, Mariana, Piotra, Marka \u0141AWECKICH<\/span><\/p>\n<\/div>\n<\/td>\n<\/tr>\n<tr>\n<td>\n<div>\n<p class=\"s3\"><span class=\"s4\">8.30<\/span><\/p>\n<\/div>\n<\/td>\n<td>\n<div>\n<p class=\"s3\"><span class=\"s6\">+ <\/span><span class=\"s6\">Stanis\u0142awa MI\u0141OSZEWSKIEGO (20 r. <\/span><span class=\"s6\">\u015bm<\/span><span class=\"s6\">.)<\/span><\/p>\n<\/div>\n<\/td>\n<\/tr>\n<tr>\n<td>\n<div>\n<p class=\"s3\"><span class=\"s4\">10.00<\/span><\/p>\n<\/div>\n<\/td>\n<td>\n<div>\n<p class=\"s3\"><span class=\"s6\">1.) <\/span><span class=\"s6\">+<\/span> <span class=\"s6\">Teres\u0119 ZIELI\u0143SK\u0104 (<\/span><span class=\"s6\">7 r. <\/span><span class=\"s6\">\u015bm<\/span><span class=\"s6\">.),<\/span><span class=\"s6\">jej rodzic\u00f3w<\/span><span class=\"s6\"> Bronis\u0142aw\u0119 i <\/span><span class=\"s6\">Stanis\u0142awa <\/span><span class=\"s6\">CHARUB\u00d3W<\/span><\/p>\n<p class=\"s3\"><span class=\"s6\">2.) + Halin\u0119 LUDWICK\u0104 (<\/span><span class=\"s6\">greg<\/span><span class=\"s6\">. 4)<\/span><\/p>\n<\/div>\n<\/td>\n<\/tr>\n<tr>\n<td>\n<div>\n<p class=\"s3\"><span class=\"s4\">11.00<\/span><\/p>\n<\/div>\n<\/td>\n<td>\n<div>\n<p class=\"s3\"><span class=\"s6\">+ Mariana KACZMARSKIEGO (<\/span><span class=\"s6\">int<\/span><span class=\"s6\">. imieninowa) i Stefani\u0119 KACZMARSK\u0104 oraz zm. z <\/span><span class=\"s6\">c<\/span><span class=\"s6\">r<\/span><span class=\"s6\">. KACZMARSKICH i GIER\u00d3W<\/span><\/p>\n<\/div>\n<\/td>\n<\/tr>\n<tr>\n<td class=\"s7\">\n<div>\n<p class=\"s3\"><span class=\"s4\">12.30<\/span><\/p>\n<\/div>\n<\/td>\n<td class=\"s7\">\n<div>\n<div class=\"s9\"><span class=\"s8\">\u2022 <\/span><span class=\"s6\">Intencja dzi\u0119kczynna <\/span><span class=\"s6\">w 50<\/span><span class=\"s6\"> r. \u015blubu El\u017cbiety i Janusza z pro\u015bba o Bo\u017ce <\/span><span class=\"s6\">b\u0142og<\/span><span class=\"s6\">.,<\/span><span class=\"s6\"> opiek\u0119 MB Loreta\u0144skiej<\/span><span class=\"s6\"> i potrzebne \u0142aski na dalsze lata dla jubilat\u00f3w i ca\u0142ej rodziny<\/span><\/div>\n<p class=\"s3\"><span class=\"s6\">+ Grzegorza PRZASNYCKIEGO w 20 r. <\/span><span class=\"s6\">\u015bm<\/span><span class=\"s6\">.<\/span><\/p>\n<p class=\"s3\"><span class=\"s6\">+ Stanis\u0142aw\u0119 KONECK\u0104 w 30 dni po pogrzebie<\/span><\/p>\n<p class=\"s3\"><span class=\"s6\">+ Marka ROGUSKIEGO w 30 dni po \u015bmierci<\/span><\/p>\n<p class=\"s3\"><span class=\"s6\">+ Regin\u0119 SZKUBEL w 30 dni po \u015bmierci<\/span><\/p>\n<p class=\"s3\"><span class=\"s6\">+ Marcel\u0119 GAJEK w 30 dni po \u015bmierci<\/span><\/p>\n<p class=\"s3\"><span class=\"s6\">+ Grzegorza KIEBASI\u0143SKIEGO w 30 dni po \u015bmierci<\/span><\/p>\n<p class=\"s3\"><span class=\"s6\">chrzest: Janina Anna DOLIGALSKA<\/span><\/p>\n<\/div>\n<\/td>\n<\/tr>\n<tr>\n<td>\n<div>\n<p class=\"s3\"><span class=\"s4\">18.00<\/span><\/p>\n<\/div>\n<\/td>\n<td>\n<div>\n<p class=\"s3\"><span class=\"s6\">+ <\/span><span class=\"s6\">Halin\u0119 DRZAZGOWSK\u0104 (10 r. <\/span><span class=\"s6\">\u015bm<\/span><span class=\"s6\">.), Mariana DRZAZGOWSKIEGO (3 r. <\/span><span class=\"s6\">\u015bm<\/span><span class=\"s6\">.), Wojciecha SKIERSKIEGO, <\/span><span class=\"s6\">c.r<\/span><span class=\"s6\">. WRO\u0141AWSKICH, DRZAZGOWSKICH i KARABAN\u00d3W<\/span><\/p>\n<\/div>\n<\/td>\n<\/tr>\n<tr>\n<td class=\"s2\" colspan=\"2\">\n<div>\n<p class=\"s5\">\n<\/div>\n<\/td>\n<\/tr>\n<tr>\n<td class=\"s10\" colspan=\"2\">\n<div>\n<p class=\"s5\" style=\"text-align: center;\"><span class=\"s4\">PONIEDZIA\u0141EK<\/span><span class=\"s4\"> \u00a0 <\/span><\/p>\n<p class=\"s5\" style=\"text-align: center;\"><span class=\"s4\">5 lipca<\/span><span class=\"s4\"> 2021<\/span><span class=\"s4\"> r.<\/span><\/p>\n<\/div>\n<\/td>\n<\/tr>\n<tr>\n<td>\n<div>\n<p class=\"s3\"><span class=\"s4\">7.00<\/span><\/p>\n<\/div>\n<\/td>\n<td>\n<div>\n<p class=\"s3\"><span class=\"s6\">Dzi\u0119k.-b\u0142ag<\/span><span class=\"s6\">. o dobry wynik badania MICHA\u0141A z pro\u015bb\u0105 o \u0142ask\u0119 zdrowia dla niego i Bo\u017ce b\u0142ogos\u0142awie\u0144stwo<\/span><\/p>\n<\/div>\n<\/td>\n<\/tr>\n<tr>\n<td>\n<div>\n<p class=\"s3\"><span class=\"s4\">8.00<\/span><\/p>\n<\/div>\n<\/td>\n<td>\n<div>\n<p class=\"s3\"><span class=\"s6\">+ Halin\u0119 LUDWICK\u0104 (<\/span><span class=\"s6\">greg<\/span><span class=\"s6\">. 5)<\/span><\/p>\n<\/div>\n<\/td>\n<\/tr>\n<tr>\n<td>\n<div>\n<p class=\"s3\"><span class=\"s4\">18<\/span><span class=\"s4\">.00<\/span><\/p>\n<\/div>\n<\/td>\n<td>\n<div>\n<p class=\"s3\"><span class=\"s6\">\u00ae<\/span><\/p>\n<\/div>\n<\/td>\n<\/tr>\n<tr>\n<td class=\"s2\" colspan=\"2\">\n<div>\n<p class=\"s3\">\n<\/div>\n<\/td>\n<\/tr>\n<tr>\n<td colspan=\"2\">\n<div>\n<p class=\"s5\" style=\"text-align: center;\"><span class=\"s4\">WTOREK<\/span><span class=\"s4\"> \u00a0 <\/span><\/p>\n<p class=\"s5\" style=\"text-align: center;\"><span class=\"s4\">6 lipca<\/span><span class=\"s4\"> 2021<\/span><span class=\"s4\"> r.<\/span><\/p>\n<p class=\"s5\" style=\"text-align: center;\"><span class=\"s4\">wspomnienie b\u0142. Marii Teresy Led\u00f3chowskiej, dziewicy<\/span><\/p>\n<\/div>\n<\/td>\n<\/tr>\n<tr>\n<td>\n<div>\n<p class=\"s5\"><span class=\"s4\">7.00<\/span><\/p>\n<\/div>\n<\/td>\n<td>\n<div>\n<p class=\"s3\"><span class=\"s6\">+ Wojciecha OLCZAK i Barbar\u0119 OLCZAK (z <\/span><span class=\"s6\">int<\/span><span class=\"s6\">. mamy)<\/span><\/p>\n<\/div>\n<\/td>\n<\/tr>\n<tr>\n<td>\n<div>\n<p class=\"s5\"><span class=\"s4\">8.00<\/span><\/p>\n<\/div>\n<\/td>\n<td>\n<div>\n<p class=\"s3\"><span class=\"s6\">+ Halin\u0119 LUDWICK\u0104 (<\/span><span class=\"s6\">greg<\/span><span class=\"s6\">. 6)<\/span><\/p>\n<\/div>\n<\/td>\n<\/tr>\n<tr>\n<td>\n<div>\n<p class=\"s5\"><span class=\"s4\">18.00<\/span><\/p>\n<\/div>\n<\/td>\n<td>\n<div>\n<p class=\"s3\"><span class=\"s6\">+ Zofi\u0119 i Kazimierza ROSSY<\/span><\/p>\n<\/div>\n<\/td>\n<\/tr>\n<tr>\n<td class=\"s11\" colspan=\"2\">\n<div>\n<p class=\"s3\">\n<\/div>\n<\/td>\n<\/tr>\n<tr>\n<td colspan=\"2\">\n<div>\n<p class=\"s5\" style=\"text-align: center;\"><span class=\"s4\">\u015aRODA<\/span><\/p>\n<p class=\"s5\" style=\"text-align: center;\"><span class=\"s4\">7 lipca<\/span><span class=\"s4\"> 202<\/span><span class=\"s4\">1<\/span><span class=\"s4\"> r.<\/span><\/p>\n<\/div>\n<\/td>\n<\/tr>\n<tr>\n<td>\n<div>\n<p class=\"s5\"><span class=\"s4\">7<\/span><span class=\"s4\">.00<\/span><\/p>\n<\/div>\n<\/td>\n<td>\n<div>\n<p class=\"s3\"><span class=\"s6\">+ <\/span><span class=\"s6\">Janin\u0119 i Lucjana STRZELCZYK<\/span><\/p>\n<\/div>\n<\/td>\n<\/tr>\n<tr>\n<td>\n<div>\n<p class=\"s5\"><span class=\"s4\">8.0<\/span><span class=\"s4\">0<\/span><\/p>\n<\/div>\n<\/td>\n<td>\n<div>\n<p class=\"s3\"><span class=\"s6\">+ Halin\u0119 LUDWICK\u0104 (<\/span><span class=\"s6\">greg<\/span><span class=\"s6\">. 7)<\/span><\/p>\n<\/div>\n<\/td>\n<\/tr>\n<tr>\n<td>\n<div>\n<p class=\"s5\"><span class=\"s4\">1<\/span><span class=\"s4\">8.00<\/span><\/p>\n<\/div>\n<\/td>\n<td>\n<div>\n<div class=\"s9\"><span class=\"s8\">\u2022 <\/span><span class=\"s6\">o <\/span><span class=\"s6\">potrzebne \u0142aski dla Paw\u0142a i <\/span><span class=\"s6\">Najd\u017cela<\/span><span class=\"s6\"> oraz dla ich rodzin<\/span><\/div>\n<\/div>\n<\/td>\n<\/tr>\n<tr>\n<td class=\"s2\" colspan=\"2\">\n<div>\n<p class=\"s5\">\n<\/div>\n<\/td>\n<\/tr>\n<tr>\n<td colspan=\"2\">\n<div>\n<p class=\"s5\" style=\"text-align: center;\"><span class=\"s4\">CZWARTE<\/span><span class=\"s4\">K \u00a0<\/span><\/p>\n<p class=\"s5\" style=\"text-align: center;\"><span class=\"s4\">8 lipca<\/span><span class=\"s4\"> 2021<\/span><span class=\"s4\"> r. <\/span><\/p>\n<p class=\"s5\" style=\"text-align: center;\"><span class=\"s4\">wspomnienie \u015bw. Jana z Dukli, kap\u0142ana<\/span><span class=\"s4\"> \u00a0 \u00a0 \u00a0 \u00a0 \u00a0 \u00a0 \u00a0 \u00a0 \u00a0 <\/span><\/p>\n<\/div>\n<\/td>\n<\/tr>\n<tr>\n<td>\n<div>\n<p class=\"s5\"><span class=\"s4\">7.00<\/span><\/p>\n<\/div>\n<\/td>\n<td>\n<div>\n<p class=\"s3\"><span class=\"s6\">+ Halin\u0119 LUDWICK\u0104 (<\/span><span class=\"s6\">greg<\/span><span class=\"s6\">. 8)<\/span><\/p>\n<\/div>\n<\/td>\n<\/tr>\n<tr>\n<td>\n<div>\n<p class=\"s5\"><span class=\"s4\">8.00<\/span><\/p>\n<\/div>\n<\/td>\n<td>\n<div>\n<p class=\"s3\"><span class=\"s6\">O <\/span><span class=\"s6\">b\u0142og<\/span><span class=\"s6\">. Bo\u017ce, zdrowie i potrzebne \u0142aski dla El\u017cbiety w dniu imienin<\/span><span class=\"s6\">, dla jej rodziny i przyjaci\u00f3\u0142 a w szczeg\u00f3lno\u015bci dla brata Marka i jego c\u00f3rki Ewy<\/span><\/p>\n<\/div>\n<\/td>\n<\/tr>\n<tr>\n<td>\n<div>\n<p class=\"s5\"><span class=\"s4\">18.00<\/span><\/p>\n<\/div>\n<\/td>\n<td>\n<div>\n<p class=\"s3\"><span class=\"s6\">+ Zofi\u0119 i J\u00f3zefa SOBA\u0143SKICH, c. r. CZAJKOWSKICH, TEODORCZYK\u00d3W, WODZY\u0143SKICH, KALISZEWSKICH i WASILEWSKICH<\/span><\/p>\n<\/div>\n<\/td>\n<\/tr>\n<tr>\n<td class=\"s2\" colspan=\"2\">\n<div>\n<p class=\"s5\">\n<\/div>\n<\/td>\n<\/tr>\n<tr>\n<td colspan=\"2\">\n<div>\n<p class=\"s5\" style=\"text-align: center;\"><span class=\"s4\">PI\u0104TEK \u00a0 <\/span><\/p>\n<p class=\"s5\" style=\"text-align: center;\"><span class=\"s4\">9 lipca<\/span><span class=\"s4\"> 2021<\/span><span class=\"s4\"> r.<\/span><\/p>\n<\/div>\n<\/td>\n<\/tr>\n<tr>\n<td>\n<div>\n<p class=\"s5\"><span class=\"s4\">7.00<\/span><\/p>\n<\/div>\n<\/td>\n<td>\n<div>\n<p class=\"s3\"><span class=\"s6\">+ <\/span><span class=\"s6\">Danut\u0119 (7 r. <\/span><span class=\"s6\">\u015bm<\/span><span class=\"s6\">.) i Henryka<\/span><\/p>\n<\/div>\n<\/td>\n<\/tr>\n<tr>\n<td>\n<div>\n<p class=\"s5\"><span class=\"s4\">8.00<\/span><\/p>\n<\/div>\n<\/td>\n<td>\n<div>\n<p class=\"s3\"><span class=\"s6\">+ Halin\u0119 LUDWICK\u0104 (<\/span><span class=\"s6\">greg<\/span><span class=\"s6\">. 9)<\/span><\/p>\n<\/div>\n<\/td>\n<\/tr>\n<tr>\n<td>\n<div>\n<p class=\"s5\"><span class=\"s4\">18.00<\/span><\/p>\n<\/div>\n<\/td>\n<td>\n<div>\n<p class=\"s3\"><a name=\"_GoBack\"><\/a><span class=\"s6\">Dzi\u0119kczynno-b\u0142agalna w 44 r. \u015blubu Krystyny i Jana D\u0141UGO\u0141\u0118CKICH oraz za ich dzieci i wnuki<\/span><\/p>\n<\/div>\n<\/td>\n<\/tr>\n<tr>\n<td class=\"s2\" colspan=\"2\">\n<div>\n<p class=\"s5\">\n<\/div>\n<\/td>\n<\/tr>\n<tr>\n<td colspan=\"2\">\n<div>\n<p class=\"s5\" style=\"text-align: center;\"><span class=\"s4\">SOBOTA \u00a0 <\/span><\/p>\n<p class=\"s5\" style=\"text-align: center;\"><span class=\"s4\">10 lipca<\/span><span class=\"s4\"> 2021<\/span><span class=\"s4\"> r.<\/span><\/p>\n<\/div>\n<\/td>\n<\/tr>\n<tr>\n<td>\n<div>\n<p class=\"s3\"><span class=\"s4\">7.00<\/span><\/p>\n<\/div>\n<\/td>\n<td>\n<div>\n<p class=\"s3\"><span class=\"s6\">+ Halin\u0119 LUDWICK\u0104 (<\/span><span class=\"s6\">greg<\/span><span class=\"s6\">. 10)<\/span><\/p>\n<\/div>\n<\/td>\n<\/tr>\n<tr>\n<td>\n<div>\n<p class=\"s3\"><span class=\"s4\">8.00<\/span><\/p>\n<\/div>\n<\/td>\n<td>\n<div>\n<p class=\"s3\"><span class=\"s6\">\u015aw. Micha\u0142 Archanio\u0142<\/span><\/p>\n<\/div>\n<\/td>\n<\/tr>\n<tr>\n<td>\n<div>\n<p class=\"s3\"><span class=\"s4\">18.0<\/span><span class=\"s4\">0<\/span><\/p>\n<\/div>\n<\/td>\n<td>\n<div>\n<p class=\"s3\"><span class=\"s6\">+ Jadwig\u0119 MI\u0104SEK (3 r. <\/span><span class=\"s6\">\u015bm<\/span><span class=\"s6\">.) i jej rodzic\u00f3w oraz Stefana i Andrzeja MI\u0104SEK<\/span><\/p>\n<\/div>\n<\/td>\n<\/tr>\n<\/tbody>\n<\/table>\n<\/div><\/section>\n","protected":false},"excerpt":{"rendered":"","protected":false},"author":1,"featured_media":1242,"comment_status":"closed","ping_status":"open","sticky":false,"template":"","format":"standard","meta":{"ngg_post_thumbnail":0,"footnotes":""},"categories":[6],"tags":[],"class_list":["post-3778","post","type-post","status-publish","format-standard","has-post-thumbnail","hentry","category-intencje-mszalne"],"_links":{"self":[{"href":"https:\/\/mbloretanska.pl\/index.php?rest_route=\/wp\/v2\/posts\/3778","targetHints":{"allow":["GET"]}}],"collection":[{"href":"https:\/\/mbloretanska.pl\/index.php?rest_route=\/wp\/v2\/posts"}],"about":[{"href":"https:\/\/mbloretanska.pl\/index.php?rest_route=\/wp\/v2\/types\/post"}],"author":[{"embeddable":true,"href":"https:\/\/mbloretanska.pl\/index.php?rest_route=\/wp\/v2\/users\/1"}],"replies":[{"embeddable":true,"href":"https:\/\/mbloretanska.pl\/index.php?rest_route=%2Fwp%2Fv2%2Fcomments&post=3778"}],"version-history":[{"count":2,"href":"https:\/\/mbloretanska.pl\/index.php?rest_route=\/wp\/v2\/posts\/3778\/revisions"}],"predecessor-version":[{"id":3780,"href":"https:\/\/mbloretanska.pl\/index.php?rest_route=\/wp\/v2\/posts\/3778\/revisions\/3780"}],"wp:featuredmedia":[{"embeddable":true,"href":"https:\/\/mbloretanska.pl\/index.php?rest_route=\/wp\/v2\/media\/1242"}],"wp:attachment":[{"href":"https:\/\/mbloretanska.pl\/index.php?rest_route=%2Fwp%2Fv2%2Fmedia&parent=3778"}],"wp:term":[{"taxonomy":"category","embeddable":true,"href":"https:\/\/mbloretanska.pl\/index.php?rest_route=%2Fwp%2Fv2%2Fcategories&post=3778"},{"taxonomy":"post_tag","embeddable":true,"href":"https:\/\/mbloretanska.pl\/index.php?rest_route=%2Fwp%2Fv2%2Ftags&post=3778"}],"curies":[{"name":"wp","href":"https:\/\/api.w.org\/{rel}","templated":true}]}}