{"id":3774,"date":"2021-07-02T09:23:42","date_gmt":"2021-07-02T07:23:42","guid":{"rendered":"http:\/\/mbloretanska.pl\/?p=3774"},"modified":"2021-07-02T09:23:43","modified_gmt":"2021-07-02T07:23:43","slug":"xiv-niedziela-zwykla-04-07-2021","status":"publish","type":"post","link":"https:\/\/mbloretanska.pl\/?p=3774","title":{"rendered":"XIV niedziela zwyk\u0142a 04.07.2021"},"content":{"rendered":"<section  class='av_textblock_section av-kqm0ej2v-c78f504939e87ea1de1a21596ad081ae '   itemscope=\"itemscope\" itemtype=\"https:\/\/schema.org\/BlogPosting\" itemprop=\"blogPost\" ><div class='avia_textblock'  itemprop=\"text\" ><p>1.\u00a0\u00a0\u00a0\u00a0 Z racji I niedzieli miesi\u0105ca\u00a0 dzi\u015b o godz. 17.00 wystawienie Naj\u015bwi\u0119tszego Sakramentu, o 17.30 nabo\u017ce\u0144stwo eucharystyczne.<\/p>\n<p>2.\u00a0\u00a0\u00a0\u00a0 Zapraszamy do wsp\u00f3lnej modlitwy r\u00f3\u017ca\u0144cowej, kt\u00f3r\u0105 podejmujemy w domku loreta\u0144skim codziennie po Mszy \u015bw. o godz. 8.00.<\/p>\n<p class=\"gmail-MsoListParagraph\">3.\u00a0\u00a0\u00a0\u00a0 Na okres wakacyjny od 1 lipca do 31sierpnia zmieni\u0142 si\u0119 tryb pracy naszej\u00a0 kancelarii parafialnej. Nie ma dy\u017cur\u00f3w przedpo\u0142udniowych &#8211; zapraszamy po po\u0142udniu i wieczorem. W nag\u0142ych i pilnych sprawach prosimy o kontakt po zako\u0144czeniu porannych Mszy \u015bw.<\/p>\n<p>4.\u00a0\u00a0\u00a0\u00a0 W lipcu i sierpniu zawieszamy comiesi\u0119czne wizyty u naszych chorych. Powr\u00f3cimy do nich w I pi\u0105tek wrze\u015bnia. W niebezpiecze\u0144stwie utraty \u017cycia lub zdrowia s\u0142u\u017cymy pos\u0142ug\u0105 sakramentaln\u0105 na ka\u017cde wezwanie.<\/p>\n<p>5.\u00a0\u00a0\u00a0\u00a0 Za tydzie\u0144 w drug\u0105 niedziel\u0119 miesi\u0105ca tana b\u0119dzie przeznaczona na inwestycje parafialne.<\/p>\n<p class=\"gmail-MsoListParagraph\">6.\u00a0\u00a0\u00a0\u00a0 Na stoliku prasowym znajdziemy nowy numer magazynu <i>Tak Rodzinie<\/i>, tygodnika<i> Idziemy <\/i>oraz\u00a0 gazetki parafialnej <i>We\u017a Ewangeli\u0119 do domu.\u00a0\u00a0\u00a0\u00a0\u00a0\u00a0\u00a0\u00a0\u00a0\u00a0\u00a0\u00a0\u00a0\u00a0\u00a0\u00a0\u00a0\u00a0\u00a0\u00a0\u00a0\u00a0\u00a0\u00a0\u00a0\u00a0\u00a0\u00a0\u00a0\u00a0\u00a0\u00a0\u00a0\u00a0\u00a0\u00a0\u00a0\u00a0\u00a0\u00a0\u00a0<\/i><\/p>\n<p>7.\u00a0\u00a0\u00a0\u00a0 Wszystkim rozpoczynaj\u0105cym wakacje i urlopy \u017cyczymy udanego odpoczynku. Solenizantom i solenizantkom tego tygodnia Bo\u017cego b\u0142ogos\u0142awie\u0144stwa i opieki \u015bwi\u0119tych patron\u00f3w. Podczas wyjazd\u00f3w zadbajmy o udzia\u0142 w niedzielnej Mszy \u015bw., aby odpoczywa\u0107 w pe\u0142nym tego s\u0142owa znaczeniu.<\/p>\n<\/div><\/section>\n","protected":false},"excerpt":{"rendered":"","protected":false},"author":1,"featured_media":47,"comment_status":"closed","ping_status":"open","sticky":false,"template":"","format":"standard","meta":{"ngg_post_thumbnail":0,"footnotes":""},"categories":[3],"tags":[],"class_list":["post-3774","post","type-post","status-publish","format-standard","has-post-thumbnail","hentry","category-ogloszenia-duszpasterskie"],"_links":{"self":[{"href":"https:\/\/mbloretanska.pl\/index.php?rest_route=\/wp\/v2\/posts\/3774","targetHints":{"allow":["GET"]}}],"collection":[{"href":"https:\/\/mbloretanska.pl\/index.php?rest_route=\/wp\/v2\/posts"}],"about":[{"href":"https:\/\/mbloretanska.pl\/index.php?rest_route=\/wp\/v2\/types\/post"}],"author":[{"embeddable":true,"href":"https:\/\/mbloretanska.pl\/index.php?rest_route=\/wp\/v2\/users\/1"}],"replies":[{"embeddable":true,"href":"https:\/\/mbloretanska.pl\/index.php?rest_route=%2Fwp%2Fv2%2Fcomments&post=3774"}],"version-history":[{"count":2,"href":"https:\/\/mbloretanska.pl\/index.php?rest_route=\/wp\/v2\/posts\/3774\/revisions"}],"predecessor-version":[{"id":3776,"href":"https:\/\/mbloretanska.pl\/index.php?rest_route=\/wp\/v2\/posts\/3774\/revisions\/3776"}],"wp:featuredmedia":[{"embeddable":true,"href":"https:\/\/mbloretanska.pl\/index.php?rest_route=\/wp\/v2\/media\/47"}],"wp:attachment":[{"href":"https:\/\/mbloretanska.pl\/index.php?rest_route=%2Fwp%2Fv2%2Fmedia&parent=3774"}],"wp:term":[{"taxonomy":"category","embeddable":true,"href":"https:\/\/mbloretanska.pl\/index.php?rest_route=%2Fwp%2Fv2%2Fcategories&post=3774"},{"taxonomy":"post_tag","embeddable":true,"href":"https:\/\/mbloretanska.pl\/index.php?rest_route=%2Fwp%2Fv2%2Ftags&post=3774"}],"curies":[{"name":"wp","href":"https:\/\/api.w.org\/{rel}","templated":true}]}}