{"id":3772,"date":"2021-06-26T22:14:39","date_gmt":"2021-06-26T20:14:39","guid":{"rendered":"http:\/\/mbloretanska.pl\/?p=3772"},"modified":"2021-06-26T22:14:40","modified_gmt":"2021-06-26T20:14:40","slug":"intencje-mszalne-27-06-03-07-2021","status":"publish","type":"post","link":"https:\/\/mbloretanska.pl\/?p=3772","title":{"rendered":"intencje mszalne 27.06-03.07.2021"},"content":{"rendered":"<section  class='av_textblock_section av-kqe7a3jn-e9be0eefb9d74cb5e9e7c8519dec0991 '   itemscope=\"itemscope\" itemtype=\"https:\/\/schema.org\/BlogPosting\" itemprop=\"blogPost\" ><div class='avia_textblock'  itemprop=\"text\" ><table width=\"699\">\n<tbody>\n<tr>\n<td colspan=\"2\" width=\"699\"><strong>\u00a0<\/strong><\/td>\n<\/tr>\n<tr>\n<td colspan=\"2\" width=\"699\">\n<p style=\"text-align: center;\"><strong>XIII NIEDZIELA ZWYKA <\/strong><\/p>\n<p style=\"text-align: center;\"><strong>(27 czerwiec 2021 r.)<\/strong><\/p>\n<\/td>\n<\/tr>\n<tr>\n<td width=\"53\"><strong>7.00<\/strong><\/td>\n<td width=\"646\">+ Stanis\u0142aw\u0119 i W\u0142adys\u0142awa WDOWSKICH, Mariann\u0119 i Zdzis\u0142awa ORZESZAK<br \/>\ni zm. z tych rodzin.<\/td>\n<\/tr>\n<tr>\n<td width=\"53\"><strong>8.30<\/strong><\/td>\n<td width=\"646\">1) + Jana SOBCZAKA, jego syna Jana (z racji imienin).<\/p>\n<p>2) + Paw\u0142a WLAZ\u0141O (greg. 27).<\/td>\n<\/tr>\n<tr>\n<td width=\"53\"><strong>10.00<\/strong><\/td>\n<td width=\"646\">+ ks. W\u0142adys\u0142awa GOLI\u0143SKIEGO i ks. W\u0142adys\u0142awa KIELISZKA<br \/>\nza braci: W\u0142adys\u0142awa GOLI\u0143SKIEGO i Tadeusza GOLI\u0143SKIEGO.<\/td>\n<\/tr>\n<tr>\n<td width=\"53\"><strong>11.00<\/strong><\/td>\n<td width=\"646\">+ Wies\u0142awa SZCZUROWSKIEGO (5 r. \u015bm.)<\/td>\n<\/tr>\n<tr>\n<td width=\"53\"><strong>12.30<\/strong><\/td>\n<td width=\"646\">+ Stefana JEDYNAKA (greg. 27)<\/p>\n<p>+ Adama POSZWI\u0143SKIEGO.<\/p>\n<p>+ S\u0142awomira JAWOREK (3 r. \u015bm.) i Ludwika KARENDYS (12 r. \u015bm.)<\/p>\n<p>+ Helen\u0119 MIELA\u0143CZUK, Kazimierza MIELA\u0143CZUK, Kazimierza CUDNEGO.<\/p>\n<p>+ Stanis\u0142aw\u0119 i W\u0142adys\u0142awa \u015aWIERZBIO\u0141EK, Piotra ZY\u015aK.<\/p>\n<p>+ Karolin\u0119 WOLSK\u0104 (30 dzie\u0144 po pogrzebie)<\/p>\n<p>+ Mariana SAPIERZY\u0143SKIEGO (30 dzie\u0144 po \u015bm.)<\/p>\n<p>+ El\u017cbiet\u0119 MAS\u0141OWSK\u0104 (30 dzie\u0144 po pogrzebie)<\/p>\n<p>+ Dariusza CZEREPI\u0143SKIEGO (30 dzie\u0144 po \u015bm.)<\/p>\n<p>+ Longin\u0119-Ma\u0142gorzat\u0119 WR\u00d3BEL (30 dni po \u015bmierci).<\/td>\n<\/tr>\n<tr>\n<td width=\"53\"><strong>18.00<\/strong><\/td>\n<td width=\"646\">\u00b7\u00a0\u00a0\u00a0\u00a0\u00a0 Dzi\u0119kczynna w 90 rocznic\u0119 urodzin Krystyny.<\/td>\n<\/tr>\n<tr>\n<td colspan=\"2\" width=\"699\"><strong>\u00a0<\/strong><\/td>\n<\/tr>\n<tr>\n<td colspan=\"2\" width=\"699\">\n<p style=\"text-align: center;\"><strong>PONIEDZIA\u0141EK <\/strong><\/p>\n<p style=\"text-align: center;\"><strong>(28 czerwiec)<\/strong><\/p>\n<p style=\"text-align: center;\"><strong>\u015aw. Ireneusza, biskupa i m\u0119czennika &#8211; wspomnienie<\/strong><\/p>\n<\/td>\n<\/tr>\n<tr>\n<td width=\"53\"><strong>7.00<\/strong><\/td>\n<td width=\"646\">+ Stefana JEDYNAKA (greg. 28).<\/td>\n<\/tr>\n<tr>\n<td width=\"53\"><strong>8.00<\/strong><\/td>\n<td width=\"646\">1) + Adel\u0119 ANTOS (5 miesi\u0119cy po \u015bm.)<\/p>\n<p>2) + Paw\u0142a WLAZ\u0141O (greg. 28).<\/td>\n<\/tr>\n<tr>\n<td width=\"53\"><strong>18.00<\/strong><\/td>\n<td width=\"646\">\u00b7\u00a0\u00a0\u00a0\u00a0\u00a0 Dz. b\u0142ag. w rocznic\u0119 urodzin Ma\u0142gorzaty TAR\u0141OWSKIEJ o dary Ducha \u015awi\u0119tego, opiek\u0119 Matki Bo\u017cej i Bo\u017ce b\u0142ogos\u0142awie\u0144stwo.<\/td>\n<\/tr>\n<tr>\n<td colspan=\"2\" width=\"699\"><\/td>\n<\/tr>\n<tr>\n<td colspan=\"2\" width=\"699\">\n<p style=\"text-align: center;\"><strong>WTOREK (29 czerwiec)<\/strong><\/p>\n<p style=\"text-align: center;\"><strong>\u015aw. Aposto\u0142\u00f3w Piotra i Paw\u0142a \u2013 uroczysto\u015b\u0107. <\/strong><\/p>\n<\/td>\n<\/tr>\n<tr>\n<td width=\"53\"><strong>7.00<\/strong><\/td>\n<td width=\"646\">1) + Stefana JEDYNAKA (greg. 29)<\/p>\n<p>2) + Paw\u0142a WLAZ\u0141O (greg. 29).<\/td>\n<\/tr>\n<tr>\n<td width=\"53\"><strong>8.00<\/strong><\/td>\n<td width=\"646\">+ o \u0142ask\u0119 nieba dla Paw\u0142a KOKOT (int. imieninowa).<\/td>\n<\/tr>\n<tr>\n<td width=\"53\"><strong>18.00<\/strong><\/td>\n<td width=\"646\">+ Jana, W\u0142adys\u0142aw\u0119 K\u0141OSZEWSKICH oraz ich rodzic\u00f3w Jana i El\u017cbiet\u0119<br \/>\noraz Jana i Katarzyn\u0119.<\/td>\n<\/tr>\n<tr>\n<td colspan=\"2\" width=\"699\"><\/td>\n<\/tr>\n<tr>\n<td colspan=\"2\" width=\"699\">\n<p style=\"text-align: center;\"><strong>\u015aRODA <\/strong><\/p>\n<p style=\"text-align: center;\"><strong>(30 czerwiec)<\/strong><\/p>\n<\/td>\n<\/tr>\n<tr>\n<td width=\"53\"><strong>7.00<\/strong><\/td>\n<td width=\"646\">+ Paw\u0142a WLAZ\u0141O (greg. 30).<\/td>\n<\/tr>\n<tr>\n<td width=\"53\"><strong>8.00<\/strong><\/td>\n<td width=\"646\"><\/td>\n<\/tr>\n<tr>\n<td width=\"53\"><strong>17.45<\/strong><\/td>\n<td width=\"646\">\u00b7\u00a0\u00a0\u00a0\u00a0\u00a0 O potrzebne \u0142aski dla Paw\u0142a i Najd\u017cela oraz dla ich rodzin.<\/p>\n<p>\u00b7\u00a0\u00a0\u00a0\u00a0\u00a0 O udan\u0105 operacj\u0119 Ma\u0142gorzaty i powr\u00f3t do zdrowia.<\/p>\n<p>+ Stefana JEDYNAKA (greg. 30)<\/p>\n<p>+ Barbar\u0119 RYMER (30 dni po pogrzebie).<\/p>\n<p>+ o mi\u0142osierdzie Bo\u017ce dla S\u0142awomira KOZDRUJ (2 r. \u015bm.) oraz za Jadwig\u0119, Stanis\u0142awa<br \/>\ni Wies\u0142awa ZI\u00d3\u0141KOWSKICH, Emili\u0119 i Janin\u0119 KOZDR\u00d3J i zm. z tych rodzin.<\/p>\n<p>+ Ireneusza JAKUBIAKA (40 r. \u015bm.), c.r. JAKUBIAK\u00d3W, M\u0104K\u00d3W<br \/>\ni Zbigniewa RUCI\u0143SKIEGO.<\/td>\n<\/tr>\n<tr>\n<td colspan=\"2\" width=\"699\"><strong>\u00a0<\/strong><\/td>\n<\/tr>\n<tr>\n<td colspan=\"2\" width=\"699\">\n<p style=\"text-align: center;\"><strong>CZWARTEK <\/strong><\/p>\n<p style=\"text-align: center;\"><strong>(1 lipca)<\/strong><\/p>\n<\/td>\n<\/tr>\n<tr>\n<td width=\"53\"><strong>7.00<\/strong><\/td>\n<td width=\"646\">+ Halin\u0119 LUDWICK\u0104 (greg 1.)<\/td>\n<\/tr>\n<tr>\n<td width=\"53\"><strong>8.00<\/strong><\/td>\n<td width=\"646\">\u00b7\u00a0\u00a0\u00a0\u00a0\u00a0 Intencja dzi\u0119kczynna za opiek\u0119 MB Loreta\u0144skiej.<\/td>\n<\/tr>\n<tr>\n<td width=\"53\"><strong>18.00<\/strong><\/td>\n<td width=\"646\">+ Dariusza WOJTKOWSKIEGO (3 r. \u015bm.) i zm. z jego rodziny.<\/td>\n<\/tr>\n<tr>\n<td colspan=\"2\" width=\"699\"><strong>\u00a0<\/strong><\/td>\n<\/tr>\n<tr>\n<td colspan=\"2\" width=\"699\">\n<p style=\"text-align: center;\"><strong>PI\u0104TEK <\/strong><\/p>\n<p style=\"text-align: center;\"><strong>(2 lipca)<\/strong><\/p>\n<\/td>\n<\/tr>\n<tr>\n<td width=\"53\"><strong>7.00<\/strong><\/td>\n<td width=\"646\">+ Halin\u0119 LUDWICK\u0104 (greg 2.)<\/td>\n<\/tr>\n<tr>\n<td width=\"53\"><strong>8.00<\/strong><\/td>\n<td width=\"646\">W intencjach cz\u0142onk\u00f3w \u017bywego R\u00f3\u017ca\u0144ca i Legionu Maryi.<\/td>\n<\/tr>\n<tr>\n<td width=\"53\"><strong>18.00<\/strong><\/td>\n<td width=\"646\">+ Adama ZWIERZY\u0143SKIEGO (5 r. \u015bm.)<\/td>\n<\/tr>\n<tr>\n<td colspan=\"2\" width=\"699\"><strong>\u00a0<\/strong><\/td>\n<\/tr>\n<tr>\n<td colspan=\"2\" width=\"699\">\n<p style=\"text-align: center;\"><strong>SOBOTA (3 lipca)<\/strong><\/p>\n<p style=\"text-align: center;\"><strong>\u015aw. Tomasza Aposto\u0142a &#8211; \u015bwi\u0119to<\/strong><\/p>\n<\/td>\n<\/tr>\n<tr>\n<td width=\"53\"><strong>7.00<\/strong><\/td>\n<td width=\"646\">+ Teodozj\u0119 K\u0104DZIEL\u0118 (12 r. \u015bm.), Edwarda K\u0104DZIEL\u0118 (26 r. \u015bm.)<br \/>\noraz dziadk\u00f3w z obojga stron.<\/td>\n<\/tr>\n<tr>\n<td width=\"53\"><strong>8.00<\/strong><\/td>\n<td width=\"646\">+ Halin\u0119 LUDWICK\u0104 (greg 3.)<\/td>\n<\/tr>\n<tr>\n<td width=\"53\"><strong>18.00<\/strong><\/td>\n<td width=\"646\">+ Aleksego WASIAKA (34 r. \u015bm.) Boles\u0142aw\u0119 WASIAK.<\/td>\n<\/tr>\n<\/tbody>\n<\/table>\n<\/div><\/section>\n","protected":false},"excerpt":{"rendered":"","protected":false},"author":1,"featured_media":1242,"comment_status":"closed","ping_status":"open","sticky":false,"template":"","format":"standard","meta":{"ngg_post_thumbnail":0,"footnotes":""},"categories":[6],"tags":[],"class_list":["post-3772","post","type-post","status-publish","format-standard","has-post-thumbnail","hentry","category-intencje-mszalne"],"_links":{"self":[{"href":"https:\/\/mbloretanska.pl\/index.php?rest_route=\/wp\/v2\/posts\/3772","targetHints":{"allow":["GET"]}}],"collection":[{"href":"https:\/\/mbloretanska.pl\/index.php?rest_route=\/wp\/v2\/posts"}],"about":[{"href":"https:\/\/mbloretanska.pl\/index.php?rest_route=\/wp\/v2\/types\/post"}],"author":[{"embeddable":true,"href":"https:\/\/mbloretanska.pl\/index.php?rest_route=\/wp\/v2\/users\/1"}],"replies":[{"embeddable":true,"href":"https:\/\/mbloretanska.pl\/index.php?rest_route=%2Fwp%2Fv2%2Fcomments&post=3772"}],"version-history":[{"count":1,"href":"https:\/\/mbloretanska.pl\/index.php?rest_route=\/wp\/v2\/posts\/3772\/revisions"}],"predecessor-version":[{"id":3773,"href":"https:\/\/mbloretanska.pl\/index.php?rest_route=\/wp\/v2\/posts\/3772\/revisions\/3773"}],"wp:featuredmedia":[{"embeddable":true,"href":"https:\/\/mbloretanska.pl\/index.php?rest_route=\/wp\/v2\/media\/1242"}],"wp:attachment":[{"href":"https:\/\/mbloretanska.pl\/index.php?rest_route=%2Fwp%2Fv2%2Fmedia&parent=3772"}],"wp:term":[{"taxonomy":"category","embeddable":true,"href":"https:\/\/mbloretanska.pl\/index.php?rest_route=%2Fwp%2Fv2%2Fcategories&post=3772"},{"taxonomy":"post_tag","embeddable":true,"href":"https:\/\/mbloretanska.pl\/index.php?rest_route=%2Fwp%2Fv2%2Ftags&post=3772"}],"curies":[{"name":"wp","href":"https:\/\/api.w.org\/{rel}","templated":true}]}}