{"id":3763,"date":"2021-06-20T09:41:34","date_gmt":"2021-06-20T07:41:34","guid":{"rendered":"http:\/\/mbloretanska.pl\/?p=3763"},"modified":"2021-06-20T09:41:34","modified_gmt":"2021-06-20T07:41:34","slug":"xii-niedziela-zwykla-20-06-2021","status":"publish","type":"post","link":"https:\/\/mbloretanska.pl\/?p=3763","title":{"rendered":"XII NIEDZIELA ZWYK\u0141A 20.06.2021"},"content":{"rendered":"<section  class='av_textblock_section av-kq4vsdam-354760804bfb3857f1c2185328e21bb7 '   itemscope=\"itemscope\" itemtype=\"https:\/\/schema.org\/BlogPosting\" itemprop=\"blogPost\" ><div class='avia_textblock'  itemprop=\"text\" ><ol>\n<li>Maj\u0105c na wzgl\u0119dzie aktualn\u0105 sytuacj\u0119 epidemiczn\u0105 i obowi\u0105zuj\u0105ce przepisy pa\u0144stwowe bp Romuald Kami\u0144ski z\u00a0dniem 19 czerwca 2021 r. odwo\u0142a\u0142 udzielon\u0105 dnia 12 marca 2020\u00a0r. og\u00f3ln\u0105 dyspens\u0119 od obowi\u0105zku uczestnictwa we Mszy \u015awi\u0119tej w\u00a0niedziel\u0119 i\u00a0\u015bwi\u0119ta nakazane. Oznacza, \u017ce wierni s\u0105 ponownie zobowi\u0105zani do uczestniczenia we Mszy \u015awi\u0119tej niedzielnej oraz \u015bwi\u0105tecznej.<\/li>\n<li>Dzi\u015b po Mszach \u015bw. przedstawiciele fundacji \u017bycie\u00a0 i Rodzina b\u0119d\u0105 w naszej parafii zbierali podpisy pod obywatelskim projektem ustawy <em>Stop LGBT<\/em>. Celem tego projektu jest ochrona przestrzeni publicznej przed propagand\u0105 LGBT. Aby skutecznie z\u0142o\u017cy\u0107 podpis wymagane jest podanie swojego PESELU.<\/li>\n<li>W \u015brod\u0119 23 czerwca dzie\u0144 ojca. Wszystkim ojcom \u017cyczymy du\u017co rado\u015bci z daru ojcostwa, satysfakcji i dumy z w\u0142asnych dzieci oraz opieki \u015bw. J\u00f3zefa. Naszych zmar\u0142ych ojc\u00f3w otaczamy\u00a0 wdzi\u0119czn\u0105 modlitw\u0105. W tym dniu przypada tak\u017ce 16 rocznica \u015bwi\u0119ce\u0144 biskupich Ojca naszej diecezji Biskupa Romualda Kami\u0144skiego. W\u0142\u0105czmy jego osob\u0119 do naszej osobistej modlitwy, aby wyprasza\u0107 si\u0142y fizyczne i duchowe potrzebne Ks. Biskupowi w pasterskim pos\u0142ugiwaniu.<\/li>\n<li>W czwartek 24 czerwca uroczysto\u015b\u0107 Narodzenia \u015bw. Jana Chrzciciela. Msze \u015bw. jak w zwyk\u0142y dzie\u0144. Wszystkim solenizantkom i solenizantom \u017cyczymy mi\u0142o\u015bci od bliskich, Bo\u017cego b\u0142ogos\u0142awie\u0144stwa, zdrowia i opieki \u015bw. patrona.<\/li>\n<li>W pi\u0105tek zako\u0144czenie roku szkolnego. Nauczycielom, uczniom i wszystkim pracuj\u0105cym w o\u015bwiacie \u017cyczymy dobrego, udanego odpoczynku. Zdaj\u0105cych jeszcze r\u00f3\u017cne egzaminy wspieramy modlitw\u0105 wypraszaj\u0105c pomy\u015blno\u015b\u0107 i dobre wyniki. Tych, kt\u00f3rzy rozpoczynaj\u0105 wakacje i urlopy zapraszamy do spowiedzi, aby mogli odpoczywa\u0107 z lekkim sercem i bez d\u017awigania niepotrzebnych ci\u0119\u017car\u00f3w.<\/li>\n<li>Zapraszamy do wsp\u00f3lnej modlitwy r\u00f3\u017ca\u0144cowej, kt\u00f3r\u0105 podejmujemy codziennie w domku loreta\u0144skim po Mszy \u015bw. o godz. 8.00.<\/li>\n<li>Na okres wakacyjny, tzn. od 1 lipca do 31sierpnia zmieni si\u0119 tryb pracy naszej \u00a0kancelarii parafialnej. Nie b\u0119dzie dy\u017cur\u00f3w przedpo\u0142udniowych, a jedynie dy\u017cury popo\u0142udniowe i wieczorne.<\/li>\n<li>W naszej diecezji dzi\u015b po Mszach \u015bw. zbi\u00f3rka do puszek na stypendia naukowe dla ksi\u0119\u017cy studiuj\u0105cych za granic\u0105.<\/li>\n<li>Na stoliku prasowym znajdziemy ciekaw\u0105, broszur\u0119 adresowan\u0105 szczeg\u00f3lnie do m\u0142odych rodzic\u00f3w, kt\u00f3ra jest profesjonaln\u0105 podpowiedzi\u0105 jak chroni\u0107 swoje dziecko przed zagro\u017ceniami\u00a0 technologii \u00a0\u00a0i ideologii p\u0142yn\u0105cymi z wirtualnego \u015bwiata. Zach\u0119camy, aby skorzysta\u0107 z wiedzy przekazanej tu w bardzo praktyczny spos\u00f3b. Polecamy tak\u017ce tygodnik<em> Idziemy <\/em>oraz\u00a0 gazetk\u0119 parafialn\u0105 <em>We\u017a Ewangeli\u0119 do domu.<\/em><\/li>\n<\/ol>\n<\/div><\/section>\n","protected":false},"excerpt":{"rendered":"","protected":false},"author":1,"featured_media":47,"comment_status":"closed","ping_status":"open","sticky":false,"template":"","format":"standard","meta":{"ngg_post_thumbnail":0,"footnotes":""},"categories":[3],"tags":[],"class_list":["post-3763","post","type-post","status-publish","format-standard","has-post-thumbnail","hentry","category-ogloszenia-duszpasterskie"],"_links":{"self":[{"href":"https:\/\/mbloretanska.pl\/index.php?rest_route=\/wp\/v2\/posts\/3763","targetHints":{"allow":["GET"]}}],"collection":[{"href":"https:\/\/mbloretanska.pl\/index.php?rest_route=\/wp\/v2\/posts"}],"about":[{"href":"https:\/\/mbloretanska.pl\/index.php?rest_route=\/wp\/v2\/types\/post"}],"author":[{"embeddable":true,"href":"https:\/\/mbloretanska.pl\/index.php?rest_route=\/wp\/v2\/users\/1"}],"replies":[{"embeddable":true,"href":"https:\/\/mbloretanska.pl\/index.php?rest_route=%2Fwp%2Fv2%2Fcomments&post=3763"}],"version-history":[{"count":1,"href":"https:\/\/mbloretanska.pl\/index.php?rest_route=\/wp\/v2\/posts\/3763\/revisions"}],"predecessor-version":[{"id":3764,"href":"https:\/\/mbloretanska.pl\/index.php?rest_route=\/wp\/v2\/posts\/3763\/revisions\/3764"}],"wp:featuredmedia":[{"embeddable":true,"href":"https:\/\/mbloretanska.pl\/index.php?rest_route=\/wp\/v2\/media\/47"}],"wp:attachment":[{"href":"https:\/\/mbloretanska.pl\/index.php?rest_route=%2Fwp%2Fv2%2Fmedia&parent=3763"}],"wp:term":[{"taxonomy":"category","embeddable":true,"href":"https:\/\/mbloretanska.pl\/index.php?rest_route=%2Fwp%2Fv2%2Fcategories&post=3763"},{"taxonomy":"post_tag","embeddable":true,"href":"https:\/\/mbloretanska.pl\/index.php?rest_route=%2Fwp%2Fv2%2Ftags&post=3763"}],"curies":[{"name":"wp","href":"https:\/\/api.w.org\/{rel}","templated":true}]}}