{"id":3584,"date":"2020-12-19T17:01:09","date_gmt":"2020-12-19T16:01:09","guid":{"rendered":"http:\/\/mbloretanska.pl\/?p=3584"},"modified":"2020-12-19T17:02:21","modified_gmt":"2020-12-19T16:02:21","slug":"intencje-mszalne-20-26-12-2020","status":"publish","type":"post","link":"https:\/\/mbloretanska.pl\/?p=3584","title":{"rendered":"intencje mszalne 20-26.12.2020"},"content":{"rendered":"\n<section  class='av_textblock_section av-kivw1nub-d0cac1a7f6feef3f9435bb2e2e49852e '   itemscope=\"itemscope\" itemtype=\"https:\/\/schema.org\/BlogPosting\" itemprop=\"blogPost\" ><div class='avia_textblock'  itemprop=\"text\" ><table>\n<tbody>\n<tr>\n<td class=\"s3\" colspan=\"2\">\n<div>\n<p class=\"s2\">\n<\/div>\n<\/td>\n<\/tr>\n<tr>\n<td colspan=\"2\">\n<div>\n<p class=\"s5\"><span class=\"s4\">I<\/span><span class=\"s4\">V<\/span> <span class=\"s4\">NIEDZIELA <\/span><span class=\"s4\">ADWENTU<\/span><span class=\"s4\"> \u00a0 <\/span><span class=\"s4\">(<\/span><span class=\"s4\">20<\/span> <span class=\"s4\">grudnia<\/span> <span class=\"s4\">2020<\/span><span class=\"s4\"> r.<\/span><span class=\"s4\">)<\/span><\/p>\n<\/div>\n<\/td>\n<\/tr>\n<tr>\n<td>\n<div>\n<p class=\"s2\"><span class=\"s4\">7<\/span><span class=\"s4\">.00<\/span><\/p>\n<\/div>\n<\/td>\n<td>\n<div>\n<p class=\"s2\"><span class=\"s6\">+ <\/span><span class=\"s6\">Mariann\u0119 i Kazimierza GUBA, Boles\u0142awa PARZYSZKA.<\/span><\/p>\n<\/div>\n<\/td>\n<\/tr>\n<tr>\n<td>\n<div>\n<p class=\"s2\"><span class=\"s4\">8.30<\/span><\/p>\n<\/div>\n<\/td>\n<td>\n<div>\n<p class=\"s2\"><span class=\"s6\">+ <\/span><span class=\"s6\">Paw\u0142a WOJTYSIAKA.<\/span><\/p>\n<\/div>\n<\/td>\n<\/tr>\n<tr>\n<td>\n<div>\n<p class=\"s2\"><span class=\"s4\">10.00<\/span><\/p>\n<\/div>\n<\/td>\n<td>\n<div>\n<p class=\"s2\"><span class=\"s6\">+ <\/span><span class=\"s6\">ks. Stefana NIEDZIELAKA, ks. Antoniego \u017bMIJEWSKIEGO, <\/span><span class=\"s6\"><br \/>\n<\/span><span class=\"s6\">\u00a0 jego rodzic\u00f3w i przyjaciela Eugeniusza KO\u0141AKOWSKIEGO.<\/span><\/p>\n<\/div>\n<\/td>\n<\/tr>\n<tr>\n<td>\n<div>\n<p class=\"s2\"><span class=\"s4\">11.00<\/span><\/p>\n<\/div>\n<\/td>\n<td>\n<div>\n<p class=\"s2\"><span class=\"s6\">1) + Jana MORDELSKIEGO (6 r. \u015bm. oraz z racji imienin) <\/span><\/p>\n<p class=\"s2\"><span class=\"s6\">2) int. imieninowa ks. Kanclerza Dariusza Szczepaniuka.<\/span><\/p>\n<\/div>\n<\/td>\n<\/tr>\n<tr>\n<td>\n<div>\n<p class=\"s2\"><span class=\"s4\">12.30<\/span><\/p>\n<\/div>\n<\/td>\n<td>\n<div>\n<div class=\"s8\"><span class=\"s7\">\u2022 <\/span><span class=\"s6\">Dzi\u0119kcz. b\u0142agalna<\/span> <span class=\"s6\">w <\/span><span class=\"s6\">1 r. urodzin Katarzyny KO\u0141ODZIEJ i o Bo\u017ce b\u0142og. dla rodzic\u00f3w.<\/span><\/div>\n<p class=\"s2\"><span class=\"s6\">+ <\/span><span class=\"s6\">Jerzego GAW\u0141A (17 r. \u015bm.) oraz rodzic\u00f3w J\u00f3zefa i Franciszk\u0119. <\/span><\/p>\n<p class=\"s2\"><span class=\"s6\">+ Sabin\u0119 i Jerzego TOMASZEWSKICH, Kazimier\u0119 i Romana PAWLIK oraz zmar\u0142ych<\/span><span class=\"s6\"><br \/>\n<\/span><span class=\"s6\">\u00a0 z r. TOMASZEWSKICH i PAWLIK\u00d3W. <\/span><\/p>\n<p class=\"s2\"><span class=\"s6\">+ zm. rodzic\u00f3w, brata Zbigniewa oraz zm. z rodz. STEIN\u00d3W.<\/span><\/p>\n<p class=\"s2\"><span class=\"s6\">+ Janusza KAMI\u0143SKIEGO.<\/span><\/p>\n<p class=\"s2\"><span class=\"s6\">+ Janusza CIOSTKA w 4 r. \u015bm.<\/span><\/p>\n<p class=\"s2\"><span class=\"s6\">+ Barbar\u0119 PEREK (30 dni po \u015bm.)<\/span><\/p>\n<p class=\"s2\"><span class=\"s6\">+ Zofi\u0119 JANOSZEWSK\u0104 (30 dni po \u015bm.)<\/span><\/p>\n<p class=\"s2\"><span class=\"s6\">+ Bogdana SROKOWSKIEGO (30 dni po \u015bm.)<\/span><\/p>\n<p class=\"s2\"><span class=\"s6\">+ Danut\u0119 SWOBODA (30 dni po \u015bm.)<\/span><\/p>\n<p class=\"s2\"><span class=\"s6\">+ Teres\u0119, Adama,<\/span><span class=\"s6\"> Micha\u0142a, Franciszka, zm. z r. CHROBAK\u00d3W, \u0141\u0104CKICH,<\/span><a name=\"_GoBack\"><\/a><span class=\"s6\"> KACZK\u00d3W<\/span><\/p>\n<\/div>\n<\/td>\n<\/tr>\n<tr>\n<td>\n<div>\n<p class=\"s2\"><span class=\"s4\">18.00<\/span><\/p>\n<\/div>\n<\/td>\n<td>\n<div>\n<p class=\"s2\"><span class=\"s6\">+ <\/span><span class=\"s6\">Jana i Leokadi\u0119 RUDNIK\u00d3W. <\/span><\/p>\n<\/div>\n<\/td>\n<\/tr>\n<tr>\n<td class=\"s3\" colspan=\"2\">\n<div>\n<p class=\"s5\">\n<\/div>\n<\/td>\n<\/tr>\n<tr>\n<td colspan=\"2\">\n<div>\n<p class=\"s5\"><span class=\"s4\">PONIEDZIA\u0141EK<\/span><span class=\"s4\"> \u00a0 <\/span><span class=\"s4\">(21<\/span><span class=\"s4\"> grudnia<\/span><span class=\"s4\"> 2020 r.)<\/span><\/p>\n<\/div>\n<\/td>\n<\/tr>\n<tr>\n<td>\n<div>\n<p class=\"s2\"><span class=\"s4\">7.00<\/span><\/p>\n<\/div>\n<\/td>\n<td>\n<div>\n<p class=\"s9\"><span class=\"s6\">+<\/span> <span class=\"s6\">Marka LEWANDOWSKIEGO<\/span><\/p>\n<\/div>\n<\/td>\n<\/tr>\n<tr>\n<td>\n<div>\n<p class=\"s2\"><span class=\"s4\">8.00<\/span><\/p>\n<\/div>\n<\/td>\n<td>\n<div>\n<div class=\"s8\"><span class=\"s7\">\u2022 <\/span><span class=\"s6\">za ksi\u0119\u017cy, o m\u0105dro\u015b\u0107, odwag\u0119, dobro\u0107 i godne pe\u0142nienie powierzonych im funkcji.<\/span><\/div>\n<\/div>\n<\/td>\n<\/tr>\n<tr>\n<td>\n<div>\n<p class=\"s2\"><span class=\"s4\">18<\/span><span class=\"s4\">.00<\/span><\/p>\n<\/div>\n<\/td>\n<td>\n<div>\n<p class=\"s2\"><span class=\"s6\">+ <\/span><span class=\"s6\">Apolinarego MIELCZARKA (2 r. \u015bm.) i Jana KRZYWOSZA. <\/span><\/p>\n<\/div>\n<\/td>\n<\/tr>\n<tr>\n<td class=\"s3\" colspan=\"2\">\n<div>\n<p class=\"s2\">\n<\/div>\n<\/td>\n<\/tr>\n<tr>\n<td colspan=\"2\">\n<div>\n<p class=\"s5\"><span class=\"s4\">WTOREK<\/span><span class=\"s4\"> \u00a0 <\/span><span class=\"s4\">(22<\/span><span class=\"s4\"> grudnia<\/span><span class=\"s4\"> 2020 r.)<\/span><\/p>\n<\/div>\n<\/td>\n<\/tr>\n<tr>\n<td>\n<div>\n<p class=\"s5\"><span class=\"s4\">7.00<\/span><\/p>\n<\/div>\n<\/td>\n<td>\n<div>\n<p class=\"s2\"><span class=\"s6\">+<\/span> <span class=\"s6\">Zygmunta ROGALSKIEGO (25 r. \u015bm.) i za rodz. ROGALSKICH i ZGADZAJSKICH.<\/span><\/p>\n<\/div>\n<\/td>\n<\/tr>\n<tr>\n<td>\n<div>\n<p class=\"s5\"><span class=\"s4\">8.00<\/span><\/p>\n<\/div>\n<\/td>\n<td>\n<div>\n<p class=\"s2\"><span class=\"s6\">+<\/span> <span class=\"s6\">Ks. Antoniego \u017bMIJEWSKIEGO, Eugeniusza KO\u0141AKOWSKIEGO, Jana DIETRYCH.<\/span><\/p>\n<\/div>\n<\/td>\n<\/tr>\n<tr>\n<td>\n<div>\n<p class=\"s5\"><span class=\"s4\">18.00<\/span><\/p>\n<\/div>\n<\/td>\n<td>\n<div>\n<p class=\"s2\"><span class=\"s6\">+<\/span> <span class=\"s6\">Roman\u0119 PALUCH (5 r. \u015bm.)<\/span><\/p>\n<\/div>\n<\/td>\n<\/tr>\n<tr>\n<td class=\"s10\" colspan=\"2\">\n<div>\n<p class=\"s2\">\n<\/div>\n<\/td>\n<\/tr>\n<tr>\n<td colspan=\"2\">\n<div>\n<p class=\"s5\"><span class=\"s4\">\u015aRODA<\/span> <span class=\"s4\">(23<\/span><span class=\"s4\"> grudnia<\/span><span class=\"s4\"> 2020 r.)<\/span><\/p>\n<\/div>\n<\/td>\n<\/tr>\n<tr>\n<td>\n<div>\n<p class=\"s5\"><span class=\"s4\">7<\/span><span class=\"s4\">.00<\/span><\/p>\n<\/div>\n<\/td>\n<td>\n<div>\n<p class=\"s2\"><span class=\"s6\">+ <\/span><span class=\"s6\">Stefana KOCHANEK (37 r. \u015bm.)<\/span><\/p>\n<\/div>\n<\/td>\n<\/tr>\n<tr>\n<td>\n<div>\n<p class=\"s5\"><span class=\"s4\">8.00<\/span><\/p>\n<\/div>\n<\/td>\n<td>\n<div>\n<p class=\"s2\"><span class=\"s6\">+ <\/span><span class=\"s6\">Zygmunta KOMINKA (2 r. \u015bm.)<\/span><span class=\"s6\">, S\u0142awomira, Helen\u0119, Franciszka KOMINK\u00d3W, <\/span><\/p>\n<p class=\"s2\"><span class=\"s6\">\u00a0 Ann\u0119 i Paw\u0142a GRUDK\u00d3W. <\/span><\/p>\n<\/div>\n<\/td>\n<\/tr>\n<tr>\n<td>\n<div>\n<p class=\"s5\"><span class=\"s4\">17.45<\/span><\/p>\n<\/div>\n<\/td>\n<td>\n<div>\n<div class=\"s8\"><span class=\"s7\">\u2022 <\/span><span class=\"s6\">O potrzebne \u0142aski i si\u0142y dla Danuty Oleksiak.<\/span><\/div>\n<p class=\"s2\"><span class=\"s6\">+<\/span> <span class=\"s6\">Janin\u0119 WI\u0104CEK <\/span><span class=\"s6\">(18 r. <\/span><span class=\"s6\">\u015bm.)<\/span><span class=\"s6\"> \u00a0+ <\/span><span class=\"s6\">Andrzeja SZCZEPKOWSKIEGO (30 dni po pogrzebie<\/span><span class=\"s6\">)<\/span><span class=\"s6\">.<\/span><\/p>\n<p class=\"s2\"><span class=\"s6\">+ <\/span><span class=\"s6\">Boles\u0142awa SULKOWSKIEGO <\/span><span class=\"s6\">(30 dni po \u015bm.)<\/span><\/p>\n<p class=\"s2\"><span class=\"s6\">+ <\/span><span class=\"s6\">Wincentyn\u0119, Stefani\u0119 ZABORSK\u0104 (30 dni po \u015bm.)<\/span><\/p>\n<\/div>\n<\/td>\n<\/tr>\n<tr>\n<td class=\"s3\" colspan=\"2\">\n<div>\n<p class=\"s5\">\n<\/div>\n<\/td>\n<\/tr>\n<tr>\n<td colspan=\"2\">\n<div>\n<p class=\"s5\"><span class=\"s4\">CZWARTE<\/span><span class=\"s4\">K \u00a0<\/span><span class=\"s4\">(24<\/span><span class=\"s4\"> grudnia<\/span><span class=\"s4\"> 2020 r.)<\/span><\/p>\n<\/div>\n<\/td>\n<\/tr>\n<tr>\n<td>\n<div>\n<p class=\"s5\"><span class=\"s4\">7.00<\/span><\/p>\n<\/div>\n<\/td>\n<td>\n<div>\n<div class=\"s8\"><span class=\"s7\">\u2022 <\/span><span class=\"s6\">O b\u0142og. Bo\u017ce dla kap\u0142an\u00f3w naszej parafii. <\/span><\/div>\n<\/div>\n<\/td>\n<\/tr>\n<tr>\n<td>\n<div>\n<p class=\"s5\"><span class=\"s4\">8.00<\/span><\/p>\n<\/div>\n<\/td>\n<td>\n<div>\n<p class=\"s2\"><span class=\"s6\">1) <\/span><span class=\"s6\">b\u0142agalna o zdrowie duszy i cia\u0142a dla Andrzeja CHOJECKIEGO.<\/span><\/p>\n<p class=\"s2\"><span class=\"s6\">2) <\/span><span class=\"s6\">+ Adama POSZWI\u0143SKIEGO. <\/span><\/p>\n<\/div>\n<\/td>\n<\/tr>\n<tr>\n<td>\n<div>\n<p class=\"s5\"><span class=\"s4\">22<\/span><span class=\"s4\">.00<\/span><\/p>\n<\/div>\n<\/td>\n<td>\n<div>\n<p class=\"s2\"><span class=\"s6\">1) <\/span><span class=\"s6\">+ <\/span><span class=\"s6\">w int. Henryka (m) BUDEK<\/span><\/p>\n<p class=\"s2\"><span class=\"s6\">2) <\/span><span class=\"s6\">+ za rodzic\u00f3w Barbar\u0119 i Edwarda SPERLING\u00d3W oraz Marcina SROK\u0118.<\/span><\/p>\n<\/div>\n<\/td>\n<\/tr>\n<tr>\n<td class=\"s3\" colspan=\"2\">\n<div>\n<p class=\"s5\">\n<\/div>\n<\/td>\n<\/tr>\n<tr>\n<td colspan=\"2\">\n<div>\n<p class=\"s5\"><span class=\"s4\">PI\u0104TEK \u00a0<\/span><span class=\"s4\">(25<\/span><span class=\"s4\"> grudnia<\/span><span class=\"s4\"> 2020 r.)<\/span><\/p>\n<p class=\"s5\"><span class=\"s4\">Uroczysto\u015b\u0107 Narodzenia Pa\u0144skiego<\/span><\/p>\n<\/div>\n<\/td>\n<\/tr>\n<tr>\n<td>\n<div>\n<p class=\"s5\"><span class=\"s4\">8<\/span><span class=\"s4\">.3<\/span><span class=\"s4\">0<\/span><\/p>\n<\/div>\n<\/td>\n<td>\n<div>\n<p class=\"s2\"><span class=\"s6\">+<\/span><span class=\"s6\"> Karola STANASZKA.<\/span><\/p>\n<\/div>\n<\/td>\n<\/tr>\n<tr>\n<td>\n<div>\n<p class=\"s5\"><span class=\"s4\">10<\/span><span class=\"s4\">.00<\/span><\/p>\n<\/div>\n<\/td>\n<td>\n<div>\n<div class=\"s8\"><span class=\"s7\">\u2022 <\/span><span class=\"s6\">Int. dzi\u0119kczynna za <\/span><span class=\"s6\">otrzymane \u0142aski, z pro\u015bb\u0105 o dalsze b\u0142og. i <\/span><span class=\"s6\">opiek\u0119 M.B. dla Barbary.<\/span><\/div>\n<\/div>\n<\/td>\n<\/tr>\n<tr>\n<td>\n<div>\n<p class=\"s5\"><span class=\"s4\">11.00<\/span><\/p>\n<\/div>\n<\/td>\n<td>\n<div>\n<p class=\"s2\"><span class=\"s6\">+<\/span><span class=\"s6\"> Zbigniewa WR\u00d3BLEWSKIEGO (1 r. \u015bm.)<\/span><\/p>\n<\/div>\n<\/td>\n<\/tr>\n<tr>\n<td>\n<div>\n<p class=\"s5\"><span class=\"s4\">12.30<\/span><\/p>\n<\/div>\n<\/td>\n<td>\n<div>\n<p class=\"s2\"><span class=\"s6\">+<\/span><span class=\"s6\"> Tadeusza CIE\u015aLAKA (19 r. \u015bm.)<\/span><\/p>\n<\/div>\n<\/td>\n<\/tr>\n<tr>\n<td>\n<div>\n<p class=\"s5\"><span class=\"s4\">18.00<\/span><\/p>\n<\/div>\n<\/td>\n<td>\n<div>\n<p class=\"s2\"><span class=\"s6\">+<\/span> <span class=\"s6\">Romana SZYMA\u0143SKIEGO (2 r. \u015bm.), rodzic\u00f3w Adel\u0119 i Eugeniusza SZYMA\u0143SKICH, <\/span><span class=\"s6\"><br \/>\n<\/span><span class=\"s6\">\u00a0 Henryk\u0119 i Mieczys\u0142awa IZDEBSKICH. <\/span><\/p>\n<\/div>\n<\/td>\n<\/tr>\n<tr>\n<td class=\"s3\" colspan=\"2\">\n<div>\n<p class=\"s5\">\n<\/div>\n<\/td>\n<\/tr>\n<tr>\n<td colspan=\"2\">\n<div>\n<p class=\"s5\"><span class=\"s4\">SOBOTA \u00a0 <\/span><span class=\"s4\">(26<\/span><span class=\"s4\"> grudnia<\/span><span class=\"s4\"> 2020 r.)<\/span><\/p>\n<p class=\"s5\"><span class=\"s4\">\u015aw. Szczepana, pierwszego m\u0119czennika \u2013 \u015bwi\u0119to. <\/span><\/p>\n<\/div>\n<\/td>\n<\/tr>\n<tr>\n<td>\n<div>\n<p class=\"s2\"><span class=\"s4\">7.00<\/span><\/p>\n<\/div>\n<\/td>\n<td>\n<div>\n<p class=\"s2\"><span class=\"s6\">+ Stefani\u0119 PUCO\u0141OWSK\u0104 (1 r. \u015bm.), zm. z rodz. JURK\u00d3W<\/span><span class=\"s6\"> i PUCO\u0141OWSKICH. <\/span><\/p>\n<\/div>\n<\/td>\n<\/tr>\n<tr>\n<td>\n<div>\n<p class=\"s2\"><span class=\"s4\">8.30<\/span><\/p>\n<\/div>\n<\/td>\n<td>\n<div>\n<p class=\"s2\"><span class=\"s6\">+<\/span> <span class=\"s6\">Janin\u0119 SZATKOWSK\u0104 (12 r. \u015bm.)<\/span><\/p>\n<\/div>\n<\/td>\n<\/tr>\n<tr>\n<td>\n<div>\n<p class=\"s2\"><span class=\"s4\">10.<\/span><span class=\"s4\">00<\/span><\/p>\n<\/div>\n<\/td>\n<td>\n<div>\n<div class=\"s8\"><span class=\"s7\">\u2022 <\/span><span class=\"s6\">Dz. B\u0142ag. za ca\u0142y rok, z pro<\/span><span class=\"s6\">\u015bb\u0105 o b\u0142og. dla rodziny, a szczeg\u00f3lnie dla Rafa\u0142a aby wyszed\u0142 z na\u0142ogu hazardu. <\/span><\/div>\n<\/div>\n<\/td>\n<\/tr>\n<tr>\n<td>\n<div>\n<p class=\"s2\"><span class=\"s4\">11.00<\/span><\/p>\n<\/div>\n<\/td>\n<td>\n<div>\n<p class=\"s2\"><span class=\"s6\">+ Adama JASIE\u0143CZUKA.<\/span><\/p>\n<\/div>\n<\/td>\n<\/tr>\n<tr>\n<td>\n<div>\n<p class=\"s2\"><span class=\"s4\">12.30<\/span><\/p>\n<\/div>\n<\/td>\n<td>\n<div>\n<p class=\"s2\"><span class=\"s6\">+ Miros\u0142awa GOCA\u0141A.<\/span><\/p>\n<\/div>\n<\/td>\n<\/tr>\n<\/tbody>\n<\/table>\n<\/div><\/section>\n","protected":false},"excerpt":{"rendered":"","protected":false},"author":1,"featured_media":1242,"comment_status":"closed","ping_status":"open","sticky":false,"template":"","format":"standard","meta":{"ngg_post_thumbnail":0,"footnotes":""},"categories":[6],"tags":[],"class_list":["post-3584","post","type-post","status-publish","format-standard","has-post-thumbnail","hentry","category-intencje-mszalne"],"_links":{"self":[{"href":"https:\/\/mbloretanska.pl\/index.php?rest_route=\/wp\/v2\/posts\/3584","targetHints":{"allow":["GET"]}}],"collection":[{"href":"https:\/\/mbloretanska.pl\/index.php?rest_route=\/wp\/v2\/posts"}],"about":[{"href":"https:\/\/mbloretanska.pl\/index.php?rest_route=\/wp\/v2\/types\/post"}],"author":[{"embeddable":true,"href":"https:\/\/mbloretanska.pl\/index.php?rest_route=\/wp\/v2\/users\/1"}],"replies":[{"embeddable":true,"href":"https:\/\/mbloretanska.pl\/index.php?rest_route=%2Fwp%2Fv2%2Fcomments&post=3584"}],"version-history":[{"count":2,"href":"https:\/\/mbloretanska.pl\/index.php?rest_route=\/wp\/v2\/posts\/3584\/revisions"}],"predecessor-version":[{"id":3586,"href":"https:\/\/mbloretanska.pl\/index.php?rest_route=\/wp\/v2\/posts\/3584\/revisions\/3586"}],"wp:featuredmedia":[{"embeddable":true,"href":"https:\/\/mbloretanska.pl\/index.php?rest_route=\/wp\/v2\/media\/1242"}],"wp:attachment":[{"href":"https:\/\/mbloretanska.pl\/index.php?rest_route=%2Fwp%2Fv2%2Fmedia&parent=3584"}],"wp:term":[{"taxonomy":"category","embeddable":true,"href":"https:\/\/mbloretanska.pl\/index.php?rest_route=%2Fwp%2Fv2%2Fcategories&post=3584"},{"taxonomy":"post_tag","embeddable":true,"href":"https:\/\/mbloretanska.pl\/index.php?rest_route=%2Fwp%2Fv2%2Ftags&post=3584"}],"curies":[{"name":"wp","href":"https:\/\/api.w.org\/{rel}","templated":true}]}}