{"id":3581,"date":"2020-12-19T11:57:22","date_gmt":"2020-12-19T10:57:22","guid":{"rendered":"http:\/\/mbloretanska.pl\/?p=3581"},"modified":"2020-12-20T09:34:23","modified_gmt":"2020-12-20T08:34:23","slug":"vi-niedziela-adwentu-20-12-2020","status":"publish","type":"post","link":"https:\/\/mbloretanska.pl\/?p=3581","title":{"rendered":"IV niedziela adwentu, 20.12.2020"},"content":{"rendered":"<section  class='av_textblock_section av-kivl66fh-e3f8ad75a8d687de86cc50ebc1f54da4 '   itemscope=\"itemscope\" itemtype=\"https:\/\/schema.org\/BlogPosting\" itemprop=\"blogPost\" ><div class='avia_textblock'  itemprop=\"text\" ><div>\n<p><b>1.\u00a0\u00a0\u00a0\u00a0 <\/b>Wczoraj w\u00a0naszej katedrze ks. pra\u0142at Jacek Grzybowski przyj\u0105\u0142 \u015bwi\u0119cenia biskupie rozpoczynaj\u0105c pos\u0142ug\u0119 pastersk\u0105, jako biskup pomocniczy Diecezji Warszawsko-Praskiej. Jako zawo\u0142anie biskupie wybra\u0142 s\u0142owa: <i>In Te Domine speravi<\/i>, tzn. <i>W Tobie Panie z\u0142o\u017cy\u0142em nadziej\u0119.<\/i> Otoczmy biskupa Jacka nasz\u0105 modlitw\u0105, aby jego s\u0142u\u017cba dla Ko\u015bcio\u0142a i Ojczyzny przynosi\u0142a obfite i b\u0142ogos\u0142awione owoce.\u00a0\u00a0\u00a0\u00a0\u00a0\u00a0\u00a0\u00a0\u00a0\u00a0\u00a0\u00a0\u00a0\u00a0\u00a0\u00a0\u00a0\u00a0\u00a0\u00a0\u00a0\u00a0\u00a0\u00a0\u00a0\u00a0\u00a0\u00a0\u00a0\u00a0 <b><\/b><\/p>\n<p>2.\u00a0\u00a0\u00a0\u00a0 Wczoraj tak\u017ce swoje imieniny obchodzi\u0142 Ks. Kanclerz Dariusz Szczepaniuk. Msza \u015bw. w intencji solenizanta jako prezent od ca\u0142ej naszej parafii dzi\u015b o godz. 11.00.<\/p>\n<p class=\"gmail-MsoListParagraphCxSpFirst\">3.\u00a0\u00a0\u00a0\u00a0 Po ka\u017cdej Mszy \u015bw. mo\u017cna jeszcze zaopatrzy\u0107 si\u0119 w op\u0142atki na st\u00f3\u0142 wigilijny.<\/p>\n<p class=\"gmail-MsoListParagraphCxSpMiddle\">4.\u00a0\u00a0\u00a0\u00a0 Za po\u015brednictwem instruktor\u00f3w Hufca ZHP Warszawa Praga\u2013P\u00f3\u0142noc imienia Wigierczyk\u00f3w otrzymali\u015bmy Betlejemskie \u015awiat\u0142o Pokoju. Mo\u017cna przyj\u0105\u0107 je do swojego mieszkania, aby w ten spos\u00f3b w duchu braterstwa i nadziei prze\u017cywa\u0107 przyj\u015bcie Tego, kt\u00f3ry jest \u015awiat\u0142o\u015bci\u0105 \u015bwiata.<\/p>\n<p class=\"gmail-MsoListParagraphCxSpMiddle\">5.\u00a0\u00a0\u00a0\u00a0 W poniedzia\u0142ek kancelaria b\u0119dzie czynna tylko do godz. 17.30.<\/p>\n<p class=\"gmail-MsoListParagraphCxSpMiddle\">6.\u00a0\u00a0\u00a0\u00a0 W czwartek wigilia Bo\u017cego Narodzenia. Ostatnie w tym roku roraty o godz. 7.00. W wigili\u0119 nie b\u0119dzie Mszy wieczornej o godz. 18.00. Wszystkim Adamom i Ewom sk\u0142adamy serdeczne \u017cyczenia Bo\u017cego b\u0142ogos\u0142awie\u0144stwa i mi\u0142o\u015bci od najbli\u017cszych.\u00a0 W tym roku Pasterka nie o p\u00f3\u0142nocy, ale wcze\u015bniej o godz. 22.00.<\/p>\n<p class=\"gmail-MsoListParagraphCxSpMiddle\">7.\u00a0\u00a0\u00a0\u00a0 Tradycyjnie w I dzie\u0144 \u015awi\u0105t nie b\u0119dzie Mszy porannej o godz. 7.00, a w drugi dzie\u0144 Mszy \u015bw. wieczornej o godz. 18.00. Pozosta\u0142e Msze \u015bw. wg porz\u0105dku niedzielnego.<b> <\/b>Ofiary sk\u0142adane na tac\u0119 podczas Pasterki b\u0119d\u0105 przeznaczone na Fundusz Obrony \u017bycia, a w II dzie\u0144 \u015awi\u0105t na budow\u0119 nowych \u015bwi\u0105ty\u0144 w diecezji.<\/p>\n<p class=\"gmail-MsoListParagraphCxSpMiddle\">8.\u00a0\u00a0\u00a0\u00a0 W przysz\u0142\u0105 niedziel\u0119 27 grudnia \u015awi\u0119to \u015bw. Rodziny: Jezusa, Maryi i J\u00f3zefa.<\/p>\n<p class=\"gmail-MsoListParagraphCxSpMiddle\">9.\u00a0\u00a0\u00a0\u00a0 \u00a0Ze wzgl\u0119du na ograniczenia dotycz\u0105ce wieczoru sylwestrowego Msz\u0119 \u015bw. na zako\u0144czenie starego roku 31 grudnia odprawimy o godz. 17.00.<\/p>\n<p class=\"gmail-MsoListParagraphCxSpMiddle\">10. \u00a0 Stosuj\u0105c si\u0119 do zalece\u0144 biskupa Romualda Kami\u0144skiego dotycz\u0105cych kol\u0119dy informujemy, \u017ce zamiast tradycyjnego nawiedzania mieszka\u0144 b\u0119dziemy udziela\u0107 parafianom b\u0142ogos\u0142awie\u0144stwa w innej formie. Zapraszamy do ko\u015bcio\u0142a na wieczorn\u0105 Msz\u0119 \u015bw. o godz. 18.00, aby \u00a0modli\u0107 si\u0119 o Bo\u017ce b\u0142ogos\u0142awie\u0144stwo i potrzebne \u0142aski dla mieszka\u0144c\u00f3w poszczeg\u00f3lnych ulic. Zachowuj\u0105c alfabetyczn\u0105 kolejno\u015b\u0107 ulic rozpoczniemy t\u0119 pos\u0142ug\u0119 4 stycznia 2021 r. Dok\u0142adny plan spotka\u0144 podamy za tydzie\u0144.<\/p>\n<p class=\"gmail-MsoListParagraphCxSpMiddle\">11.\u00a0\u00a0\u00a0 \u00a0W niedziel\u0119 17 stycznia na Mszy \u015bw. o godz. 12.30 planujemy celebrowa\u0107 jubileusze ma\u0142\u017ce\u0144skie. Ma\u0142\u017ce\u0144stwa, kt\u00f3re w przysz\u0142ym roku b\u0119d\u0105 obchodzi\u0107 okr\u0105g\u0142e rocznice \u017cycia ma\u0142\u017ce\u0144skiego chcemy specjalnie uhonorowa\u0107 i pob\u0142ogos\u0142awi\u0107. Pary jubilat\u00f3w, kt\u00f3re chc\u0105 wzi\u0105\u0107 udzia\u0142 w tej uroczysto\u015bci prosimy o zg\u0142aszanie si\u0119 do zakrystii.<\/p>\n<p class=\"gmail-MsoListParagraphCxSpMiddle\">12.\u00a0 \u00a0Dzisiejszy, podw\u00f3jny numer tygodnika <i>Idziemy<\/i> ma dwa dodatki: <i>Obrz\u0119d wieczerzy wigilijnej ze \u015bpiewnikiem kol\u0119d<\/i> oraz <i>kalendarz<\/i> na rok 2021. Dlatego kosztuje 7 z\u0142otych. Szczeg\u00f3lnie polecamy lektur\u0119 rozmowy z o. Jackiem Salijem <i>Obdarowani Bogiem.<\/i><\/p>\n<p class=\"gmail-MsoListParagraphCxSpLast\">13.\u00a0\u00a0\u00a0 \u00a0W minionym tygodniu po\u017cegnali\u015bmy w naszej parafii \u015bp. Janin\u0119 Kudli\u0144sk\u0105. Pole\u0107my j\u0105 z nadziej\u0105 Bo\u017cemu Mi\u0142osierdziu.<\/p>\n<\/div>\n<div><\/div>\n<\/div><\/section>\n","protected":false},"excerpt":{"rendered":"","protected":false},"author":1,"featured_media":47,"comment_status":"closed","ping_status":"open","sticky":false,"template":"","format":"standard","meta":{"ngg_post_thumbnail":0,"footnotes":""},"categories":[3],"tags":[],"class_list":["post-3581","post","type-post","status-publish","format-standard","has-post-thumbnail","hentry","category-ogloszenia-duszpasterskie"],"_links":{"self":[{"href":"https:\/\/mbloretanska.pl\/index.php?rest_route=\/wp\/v2\/posts\/3581","targetHints":{"allow":["GET"]}}],"collection":[{"href":"https:\/\/mbloretanska.pl\/index.php?rest_route=\/wp\/v2\/posts"}],"about":[{"href":"https:\/\/mbloretanska.pl\/index.php?rest_route=\/wp\/v2\/types\/post"}],"author":[{"embeddable":true,"href":"https:\/\/mbloretanska.pl\/index.php?rest_route=\/wp\/v2\/users\/1"}],"replies":[{"embeddable":true,"href":"https:\/\/mbloretanska.pl\/index.php?rest_route=%2Fwp%2Fv2%2Fcomments&post=3581"}],"version-history":[{"count":3,"href":"https:\/\/mbloretanska.pl\/index.php?rest_route=\/wp\/v2\/posts\/3581\/revisions"}],"predecessor-version":[{"id":3588,"href":"https:\/\/mbloretanska.pl\/index.php?rest_route=\/wp\/v2\/posts\/3581\/revisions\/3588"}],"wp:featuredmedia":[{"embeddable":true,"href":"https:\/\/mbloretanska.pl\/index.php?rest_route=\/wp\/v2\/media\/47"}],"wp:attachment":[{"href":"https:\/\/mbloretanska.pl\/index.php?rest_route=%2Fwp%2Fv2%2Fmedia&parent=3581"}],"wp:term":[{"taxonomy":"category","embeddable":true,"href":"https:\/\/mbloretanska.pl\/index.php?rest_route=%2Fwp%2Fv2%2Fcategories&post=3581"},{"taxonomy":"post_tag","embeddable":true,"href":"https:\/\/mbloretanska.pl\/index.php?rest_route=%2Fwp%2Fv2%2Ftags&post=3581"}],"curies":[{"name":"wp","href":"https:\/\/api.w.org\/{rel}","templated":true}]}}