{"id":3577,"date":"2020-12-12T18:10:11","date_gmt":"2020-12-12T17:10:11","guid":{"rendered":"http:\/\/mbloretanska.pl\/?p=3577"},"modified":"2020-12-12T18:10:12","modified_gmt":"2020-12-12T17:10:12","slug":"intencje-mszalne-13-19-12-2020","status":"publish","type":"post","link":"https:\/\/mbloretanska.pl\/?p=3577","title":{"rendered":"intencje mszalne 13-19.12.2020"},"content":{"rendered":"<section  class='av_textblock_section av-kilye9zn-7b2011b65c79193a7fd97434daf5c4aa '   itemscope=\"itemscope\" itemtype=\"https:\/\/schema.org\/BlogPosting\" itemprop=\"blogPost\" ><div class='avia_textblock'  itemprop=\"text\" ><table>\n<tbody>\n<tr>\n<td colspan=\"2\">\n<div>\n<p class=\"s5\" style=\"text-align: center;\"><span class=\"s4\">I<\/span><span class=\"s4\">I<\/span><span class=\"s4\">I<\/span> <span class=\"s4\">NIEDZIELA <\/span><span class=\"s4\">ADWENTU<\/span><span class=\"s4\"> \u00a0 <\/span><span class=\"s4\">(<\/span><span class=\"s4\">13<\/span> <span class=\"s4\">grudnia<\/span> <span class=\"s4\">2020<\/span><span class=\"s4\"> r.<\/span><span class=\"s4\">)<\/span><\/p>\n<\/div>\n<\/td>\n<\/tr>\n<tr>\n<td>\n<div>\n<p class=\"s2\"><span class=\"s4\">7<\/span><span class=\"s4\">.00<\/span><\/p>\n<\/div>\n<\/td>\n<td>\n<div>\n<p class=\"s2\"><span class=\"s6\">+ <\/span><span class=\"s6\">Marka D\u0104BROWSKIEGO (1 r. \u015bm.)<\/span><\/p>\n<\/div>\n<\/td>\n<\/tr>\n<tr>\n<td>\n<div>\n<p class=\"s2\"><span class=\"s4\">8.30<\/span><\/p>\n<\/div>\n<\/td>\n<td>\n<div>\n<p class=\"s2\"><span class=\"s6\">+ Mariann\u0119 i Janusza MALENT\u00d3W, Wac\u0142awa OLESZCZUKA, <\/span><span class=\"s6\"><br \/>\n<\/span><span class=\"s6\">\u00a0 <\/span><span class=\"s6\">zm. z rodz. K<\/span><span class=\"s6\">O\u0143K\u00d3W, MALENT\u00d3W, MATE\u0143K\u00d3W, OLESZCZUK\u00d3W.<\/span><\/p>\n<\/div>\n<\/td>\n<\/tr>\n<tr>\n<td>\n<div>\n<p class=\"s2\"><span class=\"s4\">10.00<\/span><\/p>\n<\/div>\n<\/td>\n<td>\n<div>\n<p class=\"s2\"><span class=\"s6\">+ <\/span><span class=\"s6\">Piotra i Andrzeja BABIK.<\/span><\/p>\n<\/div>\n<\/td>\n<\/tr>\n<tr>\n<td>\n<div>\n<p class=\"s2\"><span class=\"s4\">11.00<\/span><\/p>\n<\/div>\n<\/td>\n<td>\n<div>\n<p class=\"s2\"><span class=\"s6\">+ <\/span><span class=\"s6\">Genowef\u0119 D\u0104BROWSK\u0104 (6 r. \u015bm.) i Kazimierza D\u0104BROWSKIEGO (9 r. \u015bm.)<\/span><\/p>\n<\/div>\n<\/td>\n<\/tr>\n<tr>\n<td>\n<div>\n<p class=\"s2\"><span class=\"s4\">12.30<\/span><\/p>\n<\/div>\n<\/td>\n<td>\n<div>\n<div class=\"s8\"><span class=\"s7\">\u2022 <\/span><span class=\"s6\">Dz. b\u0142ag. <\/span><span class=\"s6\">w <\/span><span class=\"s6\">40 urodziny Sylwii GRZELAK.<\/span><\/div>\n<p class=\"s2\"><span class=\"s6\">+ Alicj\u0119 Barbar\u0119 CHODZICK\u0104 (2 r. \u015bm.)<\/span><span class=\"s6\"> i<\/span><span class=\"s6\"> m<\/span><span class=\"s6\">\u0119\u017ca Tadeusza CHODZICKIEGO (<\/span><span class=\"s6\">52 r. <\/span><span class=\"s6\">\u015bm.)<\/span><\/p>\n<p class=\"s2\"><span class=\"s6\">+ Alfreda PIWI\u0143SKIEGO<\/span><span class=\"s6\"> (w rocznic\u0119 \u015bmierci).<\/span><\/p>\n<p class=\"s2\"><span class=\"s6\">+ W\u0142odzimierza STOLPE (2 r. \u015bm.), Teres\u0119 STOLPE (3 r. \u015bm.) Stanis\u0142awa STOLPE,<\/span><\/p>\n<p class=\"s2\"><span class=\"s6\">\u00a0 Andrzeja BERNATA (15 r. \u015bm.), Adel\u0119 i Tadeusza BERNAT\u00d3W, <\/span><span class=\"s6\"><br \/>\n<\/span><span class=\"s6\">\u00a0 <\/span><span class=\"s6\">Jana NIEBORAKA <\/span><span class=\"s6\">(15 r. \u015bm.)<\/span><span class=\"s6\">, Grzegorza i Stanis\u0142awa JAKUBCZAK\u00d3W, <\/span><span class=\"s6\"><br \/>\n<\/span><span class=\"s6\">\u00a0 Romana REDLI\u0143SKIEGO.<\/span><\/p>\n<p class=\"s2\"><a name=\"_GoBack\"><\/a><\/p>\n<\/div>\n<\/td>\n<\/tr>\n<tr>\n<td>\n<div>\n<p class=\"s2\"><span class=\"s4\">18.00<\/span><\/p>\n<\/div>\n<\/td>\n<td>\n<div>\n<p class=\"s2\"><span class=\"s6\">+ <\/span><span class=\"s6\">Antoniego STA\u0143CZYKA (34 r. \u015bm.)<\/span><\/p>\n<\/div>\n<\/td>\n<\/tr>\n<tr>\n<td class=\"s3\" colspan=\"2\">\n<div>\n<p class=\"s5\">\n<\/div>\n<\/td>\n<\/tr>\n<tr>\n<td colspan=\"2\">\n<div>\n<p class=\"s5\" style=\"text-align: center;\"><span class=\"s4\">PONIEDZIA\u0141EK<\/span><span class=\"s4\"> \u00a0 <\/span><span class=\"s4\">(14<\/span><span class=\"s4\"> grudnia<\/span><span class=\"s4\"> 2020 r.)<\/span><\/p>\n<p class=\"s5\" style=\"text-align: center;\"><span class=\"s4\">\u015bw. Jana od Krzy\u017ca, prezbitera i doktora Ko\u015bcio\u0142a<\/span><span class=\"s4\"> &#8211; <\/span><span class=\"s9\">wspomnienie<\/span><\/p>\n<\/div>\n<\/td>\n<\/tr>\n<tr>\n<td>\n<div>\n<p class=\"s2\"><span class=\"s4\">7.00<\/span><\/p>\n<\/div>\n<\/td>\n<td>\n<div>\n<p class=\"s10\"><span class=\"s6\">+<\/span><span class=\"s6\"> Aleksandra KARABANOW<\/span><\/p>\n<\/div>\n<\/td>\n<\/tr>\n<tr>\n<td>\n<div>\n<p class=\"s2\"><span class=\"s4\">8.00<\/span><\/p>\n<\/div>\n<\/td>\n<td>\n<div>\n<p class=\"s2\"><span class=\"s6\">+ <\/span><span class=\"s6\">Mariann\u0119 i Zdzis\u0142awa ORZESZAK, <\/span><span class=\"s6\">Stanis\u0142aw\u0119 i W\u0142adys\u0142awa WDOWSKICH <\/span><span class=\"s6\"><br \/>\n<\/span><span class=\"s6\">\u00a0 i zm. z tych rodzin.<\/span><\/p>\n<\/div>\n<\/td>\n<\/tr>\n<tr>\n<td>\n<div>\n<p class=\"s2\"><span class=\"s4\">18<\/span><span class=\"s4\">.00<\/span><\/p>\n<\/div>\n<\/td>\n<td>\n<div>\n<p class=\"s2\"><span class=\"s6\">+ <\/span><span class=\"s6\">Mariann\u0119 i Mieczys\u0142awa MICHALAK, Weronik\u0119 i Jana BA\u0143CEREK, <\/span><span class=\"s6\"><br \/>\n<\/span><span class=\"s6\">\u00a0 Ew\u0119 i Witolda JA\u0179NICKICH.<\/span><\/p>\n<\/div>\n<\/td>\n<\/tr>\n<tr>\n<td class=\"s3\" colspan=\"2\">\n<div>\n<p class=\"s2\">\n<\/div>\n<\/td>\n<\/tr>\n<tr>\n<td colspan=\"2\">\n<div>\n<p class=\"s5\" style=\"text-align: center;\"><span class=\"s4\">WTOREK<\/span><span class=\"s4\"> \u00a0 <\/span><span class=\"s4\">(15<\/span><span class=\"s4\"> grudnia<\/span><span class=\"s4\"> 2020 r.)<\/span><\/p>\n<\/div>\n<\/td>\n<\/tr>\n<tr>\n<td>\n<div>\n<p class=\"s5\"><span class=\"s4\">7.00<\/span><\/p>\n<\/div>\n<\/td>\n<td>\n<div>\n<p class=\"s2\"><span class=\"s6\">+<\/span><span class=\"s6\"> Zbigniewa M\u0104K\u0118 (9 r. \u015bm.), Czes\u0142awa, Iren\u0119 M\u0104KA, Kazimierza, Antoniego,<\/span><span class=\"s6\"><br \/>\n<\/span><span class=\"s6\">\u00a0 Ireneusza JAKUBIAK, Zbigniewa RUCI\u0143SKIEGO, Leokadi\u0119 SZOTA, <\/span><span class=\"s6\"><br \/>\n<\/span><span class=\"s6\">\u00a0 Janin\u0119 ROGUSK\u0104, Wand\u0119 KLIMEK, Danut\u0119 KACZKOWSK\u0104. <\/span><\/p>\n<\/div>\n<\/td>\n<\/tr>\n<tr>\n<td>\n<div>\n<p class=\"s5\"><span class=\"s4\">8.00<\/span><\/p>\n<\/div>\n<\/td>\n<td>\n<div>\n<p class=\"s2\"><span class=\"s6\">Dzi\u0119kczynna za wys\u0142uchanie w sprawie Andrzeja i o pok\u00f3j duszy <\/span><span class=\"s6\">Bo\u017cenki i Mieczys\u0142awa.<\/span><\/p>\n<\/div>\n<\/td>\n<\/tr>\n<tr>\n<td>\n<div>\n<p class=\"s5\"><span class=\"s4\">18.00<\/span><\/p>\n<\/div>\n<\/td>\n<td>\n<div>\n<p class=\"s2\"><span class=\"s6\">+<\/span><span class=\"s6\"> Ks. Stefana GWIAZDOWSKIEGO (11 r. \u015bm.)<\/span><\/p>\n<\/div>\n<\/td>\n<\/tr>\n<tr>\n<td class=\"s11\" colspan=\"2\">\n<div>\n<p class=\"s2\">\n<\/div>\n<\/td>\n<\/tr>\n<tr>\n<td colspan=\"2\">\n<div>\n<p class=\"s5\" style=\"text-align: center;\"><span class=\"s4\">\u015aRODA<\/span> <span class=\"s4\">(16<\/span><span class=\"s4\"> grudnia<\/span><span class=\"s4\"> 2020 r.)<\/span><\/p>\n<\/div>\n<\/td>\n<\/tr>\n<tr>\n<td>\n<div>\n<p class=\"s5\"><span class=\"s4\">7<\/span><span class=\"s4\">.00<\/span><\/p>\n<\/div>\n<\/td>\n<td>\n<div>\n<p class=\"s2\"><span class=\"s6\">+ <\/span><span class=\"s6\">Izabel\u0119 SIEDLECK\u0104 (w dniu urodzin).<\/span><\/p>\n<\/div>\n<\/td>\n<\/tr>\n<tr>\n<td>\n<div>\n<p class=\"s5\"><span class=\"s4\">8.00<\/span><\/p>\n<\/div>\n<\/td>\n<td>\n<div>\n<p class=\"s2\"><span class=\"s6\">+ <\/span><span class=\"s6\">za dusze w czy\u015b\u0107cu cierpi\u0105ce. <\/span><\/p>\n<\/div>\n<\/td>\n<\/tr>\n<tr>\n<td>\n<div>\n<p class=\"s5\"><span class=\"s4\">17.45<\/span><\/p>\n<\/div>\n<\/td>\n<td>\n<div>\n<div class=\"s8\"><span class=\"s7\">\u2022 <\/span><span class=\"s6\">potrzebne \u0142aski dla Danuty OLEKSIAK.<\/span><\/div>\n<p class=\"s2\"><span class=\"s6\">+<\/span><span class=\"s6\"> Krystyn\u0119 BEREZA (30 dni po \u015bm.)<\/span><\/p>\n<p class=\"s2\"><span class=\"s6\">+ J\u00f3zefa KO\u0141ODZIEJCZAK (30 dni po \u015bm.)<\/span><\/p>\n<p class=\"s2\"><span class=\"s6\">+ Jerzego GAJKOWSKIEGO (30 dni po \u015bm.)<\/span><\/p>\n<p class=\"s2\"><span class=\"s6\">+ Grzegorza WITTMAYER (1 r. \u015bm.) oraz wand\u0119 WITTMAYER.<\/span><\/p>\n<\/div>\n<\/td>\n<\/tr>\n<tr>\n<td class=\"s3\" colspan=\"2\">\n<div>\n<p class=\"s5\">\n<\/div>\n<\/td>\n<\/tr>\n<tr>\n<td colspan=\"2\">\n<div>\n<p class=\"s5\" style=\"text-align: center;\"><span class=\"s4\">CZWARTE<\/span><span class=\"s4\">K \u00a0<\/span><span class=\"s4\">(17<\/span><span class=\"s4\"> grudnia<\/span><span class=\"s4\"> 2020 r.)<\/span><\/p>\n<\/div>\n<\/td>\n<\/tr>\n<tr>\n<td>\n<div>\n<p class=\"s5\"><span class=\"s4\">7.00<\/span><\/p>\n<\/div>\n<\/td>\n<td>\n<div>\n<p class=\"s2\"><span class=\"s6\">+ <\/span><span class=\"s6\">Stanis\u0142awa (15 r. \u015bm.), Jana, Stanis\u0142aw\u0119, Czes\u0142aw\u0119. <\/span><\/p>\n<\/div>\n<\/td>\n<\/tr>\n<tr>\n<td>\n<div>\n<p class=\"s5\"><span class=\"s4\">8.00<\/span><\/p>\n<\/div>\n<\/td>\n<td>\n<div>\n<p class=\"s2\"><span class=\"s6\">+<\/span> <span class=\"s6\">Aleksandra \u017bO\u0141YNIAK (23 r. \u015bm.)<\/span><\/p>\n<\/div>\n<\/td>\n<\/tr>\n<tr>\n<td>\n<div>\n<p class=\"s5\"><span class=\"s4\">18.00<\/span><\/p>\n<\/div>\n<\/td>\n<td>\n<div>\n<p class=\"s2\"><span class=\"s6\">+ <\/span><span class=\"s6\">Katarzyn\u0119 W\u0104SOWSK\u0104 (9 r. \u015bm.), Mariana W\u0104SOWSKIEGO, Zofi\u0119 JUREK, Antoniego i W\u0142adys\u0142aw\u0119 JUREK. <\/span><\/p>\n<\/div>\n<\/td>\n<\/tr>\n<tr>\n<td class=\"s3\" colspan=\"2\">\n<div>\n<p class=\"s5\">\n<\/div>\n<\/td>\n<\/tr>\n<tr>\n<td colspan=\"2\">\n<div>\n<p class=\"s5\" style=\"text-align: center;\"><span class=\"s4\">PI\u0104TEK \u00a0<\/span><span class=\"s4\">(18<\/span><span class=\"s4\"> grudnia<\/span><span class=\"s4\"> 2020 r.)<\/span><\/p>\n<\/div>\n<\/td>\n<\/tr>\n<tr>\n<td>\n<div>\n<p class=\"s5\"><span class=\"s4\">7.00<\/span><\/p>\n<\/div>\n<\/td>\n<td>\n<div>\n<div class=\"s8\"><span class=\"s7\">\u2022 <\/span><span class=\"s6\">Int. b\u0142agalna o wiar\u0119 i jedno\u015b\u0107 w ma\u0142\u017ce\u0144stwie Krzysztofa i Matyldy oraz opiek\u0119 Matki Bo\u017cej dla ich dzieci.<\/span><\/div>\n<\/div>\n<\/td>\n<\/tr>\n<tr>\n<td>\n<div>\n<p class=\"s5\"><span class=\"s4\">8.00<\/span><\/p>\n<\/div>\n<\/td>\n<td>\n<div>\n<div class=\"s8\"><span class=\"s7\">\u2022 <\/span><span class=\"s6\">Int. dzi\u0119kczynna za dotychczasowe \u0142aski z pro\u015bb\u0105 o dalsz\u0105 opiek\u0119 Matki Bo\u017cej dla Joanny i jej rodziny. <\/span><\/div>\n<\/div>\n<\/td>\n<\/tr>\n<tr>\n<td>\n<div>\n<p class=\"s5\"><span class=\"s4\">18.00<\/span><\/p>\n<\/div>\n<\/td>\n<td>\n<div>\n<p class=\"s2\"><span class=\"s6\">+<\/span> <span class=\"s6\">Jana SIARKOWSKIEGO. <\/span><\/p>\n<\/div>\n<\/td>\n<\/tr>\n<tr>\n<td class=\"s3\" colspan=\"2\">\n<div>\n<p class=\"s5\">\n<\/div>\n<\/td>\n<\/tr>\n<tr>\n<td colspan=\"2\">\n<div>\n<p class=\"s5\" style=\"text-align: center;\"><span class=\"s4\">SOBOTA \u00a0 <\/span><span class=\"s4\">(19<\/span><span class=\"s4\"> grudnia<\/span><span class=\"s4\"> 2020 r.)<\/span><\/p>\n<\/div>\n<\/td>\n<\/tr>\n<tr>\n<td>\n<div>\n<p class=\"s2\"><span class=\"s4\">7.00<\/span><\/p>\n<\/div>\n<\/td>\n<td>\n<div>\n<p class=\"s2\"><span class=\"s6\">+ <\/span><span class=\"s6\">J\u00f3zefa, W\u0142adys\u0142awa, W\u0142odzimierza. <\/span><\/p>\n<\/div>\n<\/td>\n<\/tr>\n<tr>\n<td>\n<div>\n<p class=\"s2\"><span class=\"s4\">8.0<\/span><span class=\"s4\">0<\/span><\/p>\n<\/div>\n<\/td>\n<td>\n<div>\n<p class=\"s2\"><span class=\"s6\">+<\/span> <span class=\"s6\">Stanis\u0142awa PARZYSZKA (63 r.<\/span><span class=\"s6\"> \u015bm. \u2013 int. wnuczki<\/span><span class=\"s6\">)<\/span><\/p>\n<\/div>\n<\/td>\n<\/tr>\n<tr>\n<td>\n<div>\n<p class=\"s2\"><span class=\"s4\">18.00<\/span><\/p>\n<\/div>\n<\/td>\n<td>\n<div>\n<p class=\"s2\"><span class=\"s6\">+<\/span> <span class=\"s6\">Helen\u0119, J\u00f3zefa, Waldemara, Barnab\u0119, Halin\u0119 ZBROSZCZYK<\/span><\/p>\n<p class=\"s2\"><span class=\"s6\">\u00a0 Jana i Stanis\u0142aw\u0119 GLI\u0143SKICH.<\/span><\/p>\n<\/div>\n<\/td>\n<\/tr>\n<\/tbody>\n<\/table>\n<\/div><\/section>\n","protected":false},"excerpt":{"rendered":"","protected":false},"author":1,"featured_media":1242,"comment_status":"closed","ping_status":"open","sticky":false,"template":"","format":"standard","meta":{"ngg_post_thumbnail":0,"footnotes":""},"categories":[6],"tags":[],"class_list":["post-3577","post","type-post","status-publish","format-standard","has-post-thumbnail","hentry","category-intencje-mszalne"],"_links":{"self":[{"href":"https:\/\/mbloretanska.pl\/index.php?rest_route=\/wp\/v2\/posts\/3577","targetHints":{"allow":["GET"]}}],"collection":[{"href":"https:\/\/mbloretanska.pl\/index.php?rest_route=\/wp\/v2\/posts"}],"about":[{"href":"https:\/\/mbloretanska.pl\/index.php?rest_route=\/wp\/v2\/types\/post"}],"author":[{"embeddable":true,"href":"https:\/\/mbloretanska.pl\/index.php?rest_route=\/wp\/v2\/users\/1"}],"replies":[{"embeddable":true,"href":"https:\/\/mbloretanska.pl\/index.php?rest_route=%2Fwp%2Fv2%2Fcomments&post=3577"}],"version-history":[{"count":1,"href":"https:\/\/mbloretanska.pl\/index.php?rest_route=\/wp\/v2\/posts\/3577\/revisions"}],"predecessor-version":[{"id":3578,"href":"https:\/\/mbloretanska.pl\/index.php?rest_route=\/wp\/v2\/posts\/3577\/revisions\/3578"}],"wp:featuredmedia":[{"embeddable":true,"href":"https:\/\/mbloretanska.pl\/index.php?rest_route=\/wp\/v2\/media\/1242"}],"wp:attachment":[{"href":"https:\/\/mbloretanska.pl\/index.php?rest_route=%2Fwp%2Fv2%2Fmedia&parent=3577"}],"wp:term":[{"taxonomy":"category","embeddable":true,"href":"https:\/\/mbloretanska.pl\/index.php?rest_route=%2Fwp%2Fv2%2Fcategories&post=3577"},{"taxonomy":"post_tag","embeddable":true,"href":"https:\/\/mbloretanska.pl\/index.php?rest_route=%2Fwp%2Fv2%2Ftags&post=3577"}],"curies":[{"name":"wp","href":"https:\/\/api.w.org\/{rel}","templated":true}]}}